{"id":310010,"date":"2022-04-30T13:21:37","date_gmt":"2022-04-30T13:21:37","guid":{"rendered":"https:\/\/dimensionturistica.com\/es\/?p=310010"},"modified":"2022-04-30T13:21:37","modified_gmt":"2022-04-30T13:21:37","slug":"the-ritz-carlton-cancun-celebra-su-29-aniversario-de-vida-en-el-caribe-mexicano","status":"publish","type":"post","link":"https:\/\/dimensionturistica.com\/es\/the-ritz-carlton-cancun-celebra-su-29-aniversario-de-vida-en-el-caribe-mexicano\/","title":{"rendered":"The Ritz &#8211; Carlton, Canc\u00fan celebra su 29 aniversario de vida en el Caribe Mexicano"},"content":{"rendered":"<p><img decoding=\"async\" class=\"size-medium wp-image-310014 alignleft\" src=\"https:\/\/dimensionturistica.com\/es\/wp-content\/uploads\/2022\/04\/unnamed-1-19-300x177.jpg\" alt=\"\" width=\"300\" height=\"177\" srcset=\"https:\/\/dimensionturistica.com\/es\/wp-content\/uploads\/2022\/04\/unnamed-1-19-300x177.jpg 300w, https:\/\/dimensionturistica.com\/es\/wp-content\/uploads\/2022\/04\/unnamed-1-19-1024x604.jpg 1024w, https:\/\/dimensionturistica.com\/es\/wp-content\/uploads\/2022\/04\/unnamed-1-19-768x453.jpg 768w, https:\/\/dimensionturistica.com\/es\/wp-content\/uploads\/2022\/04\/unnamed-1-19-1536x906.jpg 1536w, https:\/\/dimensionturistica.com\/es\/wp-content\/uploads\/2022\/04\/unnamed-1-19-2048x1208.jpg 2048w, https:\/\/dimensionturistica.com\/es\/wp-content\/uploads\/2022\/04\/unnamed-1-19-750x443.jpg 750w, https:\/\/dimensionturistica.com\/es\/wp-content\/uploads\/2022\/04\/unnamed-1-19-1140x673.jpg 1140w\" sizes=\"(max-width: 300px) 100vw, 300px\" \/>The Ritz-Carlton, Canc\u00fan, reconocido como uno de los hoteles m\u00e1s emblem\u00e1ticos del Caribe Mexicano, cumple 29 a\u00f1os de combinar la exclusividad y el lujo en una de las zonas m\u00e1s privilegiadas del pa\u00eds y reconocidas a nivel internacional.<br \/>\nEl 15 de abril de 1993 abri\u00f3 sus puertas The Ritz-Carlton, Canc\u00fan, el hotel insignia de las marcas de lujo de Marriott International. Actualmente, es considerado uno de los principales exponentes en M\u00e9xico con los m\u00e1s altos niveles de excelencia y servicio en hospitalidad en el pa\u00eds.<br \/>\n\u201cThe Ritz-Carlton, Canc\u00fan, festeja 29 a\u00f1os de ser el primer resort en su clase fuera de Estados Unidos\u201d, mencion\u00f3 Rodrigo Formoso, Director de Ventas y Marketing. \u201cEste festejo es solo la antesala de la gran celebraci\u00f3n que nos espera el pr\u00f3ximo a\u00f1o para conmemorar los 30 a\u00f1os del hotel\u201d, enfatiz\u00f3 Formoso.<br \/>\nEste aniversario es el momento ideal para recopilar los premios, momentos de j\u00fabilo y de<img decoding=\"async\" class=\"size-medium wp-image-310015 alignright\" src=\"https:\/\/dimensionturistica.com\/es\/wp-content\/uploads\/2022\/04\/unnamed-2-15-300x200.jpg\" alt=\"\" width=\"300\" height=\"200\" srcset=\"https:\/\/dimensionturistica.com\/es\/wp-content\/uploads\/2022\/04\/unnamed-2-15-300x200.jpg 300w, https:\/\/dimensionturistica.com\/es\/wp-content\/uploads\/2022\/04\/unnamed-2-15-1024x683.jpg 1024w, https:\/\/dimensionturistica.com\/es\/wp-content\/uploads\/2022\/04\/unnamed-2-15-768x512.jpg 768w, https:\/\/dimensionturistica.com\/es\/wp-content\/uploads\/2022\/04\/unnamed-2-15-1536x1024.jpg 1536w, https:\/\/dimensionturistica.com\/es\/wp-content\/uploads\/2022\/04\/unnamed-2-15-2048x1366.jpg 2048w, https:\/\/dimensionturistica.com\/es\/wp-content\/uploads\/2022\/04\/unnamed-2-15-750x500.jpg 750w, https:\/\/dimensionturistica.com\/es\/wp-content\/uploads\/2022\/04\/unnamed-2-15-1140x760.jpg 1140w\" sizes=\"(max-width: 300px) 100vw, 300px\" \/> proyectos exitosos que se han llevado a cabo con el apoyo y la visi\u00f3n de los propietarios y de la cadena hotelera para posicionar al resort como uno de los hoteles de mayor prestigio en el mundo con excelencia y constancia en el servicio.<br \/>\nA lo largo de casi tres d\u00e9cadas, The Ritz-Carlton, Cancun ha innovado sus espacios para ofrecer comodidad y exclusivas experiencias a sus hu\u00e9spedes con amenidades de lujo. Desde adecuaciones en su Lobby Lounge y constantes renovaciones en su Suite Presidencial, hasta la incorporaci\u00f3n de men\u00fas y cocteler\u00eda exclusiva en sus restaurantes AAA Cinco Diamantes, The Club Grill y Fantino.<br \/>\nThe Ritz-Carlton, Cancun ha recibido m\u00faltiples galardones que reafirman la preferencia de los <img decoding=\"async\" class=\"size-medium wp-image-310017 alignleft\" src=\"https:\/\/dimensionturistica.com\/es\/wp-content\/uploads\/2022\/04\/ASTANCIA-300x200.jpg\" alt=\"\" width=\"300\" height=\"200\" srcset=\"https:\/\/dimensionturistica.com\/es\/wp-content\/uploads\/2022\/04\/ASTANCIA-300x200.jpg 300w, https:\/\/dimensionturistica.com\/es\/wp-content\/uploads\/2022\/04\/ASTANCIA.jpg 500w\" sizes=\"(max-width: 300px) 100vw, 300px\" \/>viajeros de lujo m\u00e1s exigentes a trav\u00e9s de los a\u00f1os; ha sido reconocido como Hotel Cinco Estrellas por Forbes Travel Guide en cinco ocasiones, desde 2019 hasta su m\u00e1s reciente edici\u00f3n en 2021.<br \/>\nEs un orgullo mencionar que The Ritz-Carlton, Canc\u00fan es un Resort Cinco Diamantes por la American Automobile Association (AAA) desde 1996; Restaurante de Cinco Diamantes para The Club Grill (1999 &#8211; 2021); Restaurante de Cinco Diamantes para Fantino (2006 &#8211; 2021).<br \/>\nLa revista estadounidense U.S. News and World Report consider\u00f3 a The Ritz-Carlton, Cancun dentro de sus listas de los Mejores Hoteles en M\u00e9xico y los Mejores Hoteles en Riviera Maya y Yucat\u00e1n en 2020. As\u00ed mismo, el resort se encuentra en el Top 25 de los Resorts de M\u00e9xico (2021) y World\u2019s Best Family Travel (2015) por la revista Travel +Leisure.<\/p>\n","protected":false},"excerpt":{"rendered":"<p>The Ritz-Carlton, Canc\u00fan, reconocido como uno de los hoteles m\u00e1s emblem\u00e1ticos del Caribe Mexicano, cumple 29 a\u00f1os de combinar la exclusividad y el lujo en una de las zonas m\u00e1s privilegiadas del pa\u00eds y reconocidas a nivel internacional. El 15 de abril de 1993 abri\u00f3 sus puertas The Ritz-Carlton, Canc\u00fan, el hotel insignia de las [&hellip;]<\/p>\n","protected":false},"author":1,"featured_media":310016,"comment_status":"open","ping_status":"closed","sticky":false,"template":"","format":"standard","meta":{"om_disable_all_campaigns":false,"jnews-multi-image_gallery":[],"jnews_single_post":{"source_name":"","source_url":"","via_name":"","via_url":"","override_template":"0","override":[{"template":"1","single_blog_custom":"","parallax":"1","fullscreen":"1","layout":"right-sidebar","sidebar":"default-sidebar","second_sidebar":"default-sidebar","sticky_sidebar":"1","share_position":"top","share_float_style":"share-monocrhome","show_share_counter":"1","show_view_counter":"1","show_featured":"1","show_post_meta":"1","show_post_author":"1","show_post_author_image":"1","show_post_date":"1","post_date_format":"default","post_date_format_custom":"Y\/m\/d","show_post_category":"1","show_post_reading_time":"0","post_reading_time_wpm":"300","show_zoom_button":"0","zoom_button_out_step":"2","zoom_button_in_step":"3","show_post_tag":"1","show_prev_next_post":"1","show_popup_post":"1","number_popup_post":"1","show_author_box":"0","show_post_related":"0","show_inline_post_related":"0"}],"override_image_size":"0","image_override":[{"single_post_thumbnail_size":"crop-500","single_post_gallery_size":"crop-500"}],"trending_post":"0","trending_post_position":"meta","trending_post_label":"Trending","sponsored_post":"0","sponsored_post_label":"Sponsored by","sponsored_post_name":"","sponsored_post_url":"","sponsored_post_logo_enable":"0","sponsored_post_logo":"","sponsored_post_desc":"","disable_ad":"0"},"jnews_primary_category":{"id":""},"jnews_social_meta":{"fb_title":"","fb_description":"","fb_image":"","twitter_title":"","twitter_description":"","twitter_image":""},"footnotes":""},"categories":[40],"tags":[],"class_list":["post-310010","post","type-post","status-publish","format-standard","has-post-thumbnail","hentry","category-industria"],"_links":{"self":[{"href":"https:\/\/dimensionturistica.com\/es\/wp-json\/wp\/v2\/posts\/310010","targetHints":{"allow":["GET"]}}],"collection":[{"href":"https:\/\/dimensionturistica.com\/es\/wp-json\/wp\/v2\/posts"}],"about":[{"href":"https:\/\/dimensionturistica.com\/es\/wp-json\/wp\/v2\/types\/post"}],"author":[{"embeddable":true,"href":"https:\/\/dimensionturistica.com\/es\/wp-json\/wp\/v2\/users\/1"}],"replies":[{"embeddable":true,"href":"https:\/\/dimensionturistica.com\/es\/wp-json\/wp\/v2\/comments?post=310010"}],"version-history":[{"count":0,"href":"https:\/\/dimensionturistica.com\/es\/wp-json\/wp\/v2\/posts\/310010\/revisions"}],"wp:featuredmedia":[{"embeddable":true,"href":"https:\/\/dimensionturistica.com\/es\/wp-json\/wp\/v2\/media\/310016"}],"wp:attachment":[{"href":"https:\/\/dimensionturistica.com\/es\/wp-json\/wp\/v2\/media?parent=310010"}],"wp:term":[{"taxonomy":"category","embeddable":true,"href":"https:\/\/dimensionturistica.com\/es\/wp-json\/wp\/v2\/categories?post=310010"},{"taxonomy":"post_tag","embeddable":true,"href":"https:\/\/dimensionturistica.com\/es\/wp-json\/wp\/v2\/tags?post=310010"}],"curies":[{"name":"wp","href":"https:\/\/api.w.org\/{rel}","templated":true}]}}