{"id":309775,"date":"2022-04-29T19:21:48","date_gmt":"2022-04-29T19:21:48","guid":{"rendered":"https:\/\/dimensionturistica.com\/es\/?p=309775"},"modified":"2022-04-29T19:21:48","modified_gmt":"2022-04-29T19:21:48","slug":"caribe-mexicano-participo-en-las-ediciones-de-atlanta-y-boston-del-travel-and-adventure-show-junto-con-grupo-xcaret-hotel-beachscape-cancun-asociacion-de-hoteles-de-cozumel-y-hotel-park-royal-cozum","status":"publish","type":"post","link":"https:\/\/dimensionturistica.com\/es\/caribe-mexicano-participo-en-las-ediciones-de-atlanta-y-boston-del-travel-and-adventure-show-junto-con-grupo-xcaret-hotel-beachscape-cancun-asociacion-de-hoteles-de-cozumel-y-hotel-park-royal-cozum\/","title":{"rendered":"Caribe Mexicano particip\u00f3 en las ediciones de Atlanta y Boston del Travel and Adventure Show, junto con Grupo Xcaret, Hotel Beachscape Canc\u00fan, Asociaci\u00f3n de Hoteles de Cozumel y Hotel Park Royal Cozumel"},"content":{"rendered":"<p><img decoding=\"async\" class=\"size-medium wp-image-309781 alignleft\" src=\"https:\/\/dimensionturistica.com\/es\/wp-content\/uploads\/2022\/04\/unnamed-22-300x201.jpg\" alt=\"\" width=\"300\" height=\"201\" srcset=\"https:\/\/dimensionturistica.com\/es\/wp-content\/uploads\/2022\/04\/unnamed-22-300x201.jpg 300w, https:\/\/dimensionturistica.com\/es\/wp-content\/uploads\/2022\/04\/unnamed-22-1024x685.jpg 1024w, https:\/\/dimensionturistica.com\/es\/wp-content\/uploads\/2022\/04\/unnamed-22-768x514.jpg 768w, https:\/\/dimensionturistica.com\/es\/wp-content\/uploads\/2022\/04\/unnamed-22-750x502.jpg 750w, https:\/\/dimensionturistica.com\/es\/wp-content\/uploads\/2022\/04\/unnamed-22-1140x762.jpg 1140w, https:\/\/dimensionturistica.com\/es\/wp-content\/uploads\/2022\/04\/unnamed-22.jpg 1280w\" sizes=\"(max-width: 300px) 100vw, 300px\" \/>\u00a0El Caribe Mexicano estuvo presente en el Travel and Adventure Show que se realiz\u00f3 durante el pasado fin de semana en Atlanta, Estados Unidos donde se promocion\u00f3 el turismo de aventura, naturaleza, zonas arqueol\u00f3gicas, parques y atractivos en esta feria dirigida al p\u00fablico en general, agentes de viajes y medios especializados.<br \/>\nAl evento que se realiz\u00f3 los d\u00edas 23 y 24 de abril acudieron las empresas: Grupo Xcaret (Parques y Hoteles), Hotel Beachscape Canc\u00fan y la Asociaci\u00f3n de Hoteles de Cozumel, ofreciendo una amplia muestra de actividades recreativas, paseos, diversi\u00f3n, maravillas naturales y experiencias \u00fanicas en sitios como: Canc\u00fan, Riviera Maya, Gran Costa Maya, Isla Cozumel, Isla Mujeres y Holbox que son de alta demanda para los viajeros<img decoding=\"async\" class=\"size-medium wp-image-309785 alignright\" src=\"https:\/\/dimensionturistica.com\/es\/wp-content\/uploads\/2022\/04\/unnamed-3-7-283x300.jpg\" alt=\"\" width=\"283\" height=\"300\" srcset=\"https:\/\/dimensionturistica.com\/es\/wp-content\/uploads\/2022\/04\/unnamed-3-7-283x300.jpg 283w, https:\/\/dimensionturistica.com\/es\/wp-content\/uploads\/2022\/04\/unnamed-3-7-967x1024.jpg 967w, https:\/\/dimensionturistica.com\/es\/wp-content\/uploads\/2022\/04\/unnamed-3-7-768x813.jpg 768w, https:\/\/dimensionturistica.com\/es\/wp-content\/uploads\/2022\/04\/unnamed-3-7-750x794.jpg 750w, https:\/\/dimensionturistica.com\/es\/wp-content\/uploads\/2022\/04\/unnamed-3-7-1140x1207.jpg 1140w, https:\/\/dimensionturistica.com\/es\/wp-content\/uploads\/2022\/04\/unnamed-3-7.jpg 1209w\" sizes=\"(max-width: 283px) 100vw, 283px\" \/> estadounidenses.<br \/>\nLa feria que logr\u00f3 una nutrida asistencia de viajeros y agentes de viajes con ganas de conocer m\u00e1s sobre los destinos del Caribe Mexicano y elegir el mejor destino para sus viajes, participaron 94 expositores y destinos como: \u00c1frica, Caribe, Canad\u00e1, EEUU, Europa, Pac\u00edfico Sur y Centro Am\u00e9rica adem\u00e1s de las aerol\u00edneas COPA, Egypt Air, Turkish Airlines, as\u00ed como las compa\u00f1\u00edas navieras: Viking Cruises, Cruise Planners y Royal Caribbean.<br \/>\nEn marzo pasado, Quintana Roo tambi\u00e9n estuvo <img decoding=\"async\" class=\"size-medium wp-image-309786 alignleft\" src=\"https:\/\/dimensionturistica.com\/es\/wp-content\/uploads\/2022\/04\/unnamed-2-14-300x225.jpg\" alt=\"\" width=\"300\" height=\"225\" srcset=\"https:\/\/dimensionturistica.com\/es\/wp-content\/uploads\/2022\/04\/unnamed-2-14-300x225.jpg 300w, https:\/\/dimensionturistica.com\/es\/wp-content\/uploads\/2022\/04\/unnamed-2-14-1024x768.jpg 1024w, https:\/\/dimensionturistica.com\/es\/wp-content\/uploads\/2022\/04\/unnamed-2-14-768x576.jpg 768w, https:\/\/dimensionturistica.com\/es\/wp-content\/uploads\/2022\/04\/unnamed-2-14-750x563.jpg 750w, https:\/\/dimensionturistica.com\/es\/wp-content\/uploads\/2022\/04\/unnamed-2-14-1140x855.jpg 1140w, https:\/\/dimensionturistica.com\/es\/wp-content\/uploads\/2022\/04\/unnamed-2-14.jpg 1280w\" sizes=\"(max-width: 300px) 100vw, 300px\" \/>presente en la edici\u00f3n de este evento realizada en Boston, Massachusetts como parte de la estrategia del Consejo de Promoci\u00f3n Tur\u00edstica de Quintana Roo de incrementar la imagen y presencia en Estados Unidos y de manera anticipada rumbo a la temporada de verano donde millones de viajeros seleccionan sus destinos de viaje. En esta misma l\u00ednea se tiene programada en mayo, la participaci\u00f3n del Caribe Mexicano en 3 caravanas de promoci\u00f3n que se realizar\u00e1n en las ciudades de Filadelfia, Nueva York, Chicago y Dallas donde tambi\u00e9n participar\u00e1 la Asociaci\u00f3n de Hoteles de Riviera Maya. Con el operador tur\u00edstico Pleasant Holidays en Phoenix, San Diego, Orange County y Sacramento. Adem\u00e1s se realizar\u00e1 la caravana de promoci\u00f3n de Turismo de Reuniones en Washington D.C. y en Nashville, Tennessee, para captar grupos, congresos y convenciones e incentivos hacia el Caribe Mexicano.<\/p>\n","protected":false},"excerpt":{"rendered":"<p>\u00a0El Caribe Mexicano estuvo presente en el Travel and Adventure Show que se realiz\u00f3 durante el pasado fin de semana en Atlanta, Estados Unidos donde se promocion\u00f3 el turismo de aventura, naturaleza, zonas arqueol\u00f3gicas, parques y atractivos en esta feria dirigida al p\u00fablico en general, agentes de viajes y medios especializados. Al evento que se [&hellip;]<\/p>\n","protected":false},"author":1,"featured_media":309787,"comment_status":"open","ping_status":"closed","sticky":false,"template":"","format":"standard","meta":{"om_disable_all_campaigns":false,"jnews-multi-image_gallery":[],"jnews_single_post":{"source_name":"","source_url":"","via_name":"","via_url":"","override_template":"0","override":[{"template":"1","single_blog_custom":"","parallax":"1","fullscreen":"1","layout":"right-sidebar","sidebar":"default-sidebar","second_sidebar":"default-sidebar","sticky_sidebar":"1","share_position":"top","share_float_style":"share-monocrhome","show_share_counter":"1","show_view_counter":"1","show_featured":"1","show_post_meta":"1","show_post_author":"1","show_post_author_image":"1","show_post_date":"1","post_date_format":"default","post_date_format_custom":"Y\/m\/d","show_post_category":"1","show_post_reading_time":"0","post_reading_time_wpm":"300","show_zoom_button":"0","zoom_button_out_step":"2","zoom_button_in_step":"3","show_post_tag":"1","show_prev_next_post":"1","show_popup_post":"1","number_popup_post":"1","show_author_box":"0","show_post_related":"0","show_inline_post_related":"0"}],"override_image_size":"0","image_override":[{"single_post_thumbnail_size":"crop-500","single_post_gallery_size":"crop-500"}],"trending_post":"0","trending_post_position":"meta","trending_post_label":"Trending","sponsored_post":"0","sponsored_post_label":"Sponsored by","sponsored_post_name":"","sponsored_post_url":"","sponsored_post_logo_enable":"0","sponsored_post_logo":"","sponsored_post_desc":"","disable_ad":"0"},"jnews_primary_category":{"id":""},"jnews_social_meta":{"fb_title":"","fb_description":"","fb_image":"","twitter_title":"","twitter_description":"","twitter_image":""},"footnotes":""},"categories":[39],"tags":[],"class_list":["post-309775","post","type-post","status-publish","format-standard","has-post-thumbnail","hentry","category-viajes"],"_links":{"self":[{"href":"https:\/\/dimensionturistica.com\/es\/wp-json\/wp\/v2\/posts\/309775","targetHints":{"allow":["GET"]}}],"collection":[{"href":"https:\/\/dimensionturistica.com\/es\/wp-json\/wp\/v2\/posts"}],"about":[{"href":"https:\/\/dimensionturistica.com\/es\/wp-json\/wp\/v2\/types\/post"}],"author":[{"embeddable":true,"href":"https:\/\/dimensionturistica.com\/es\/wp-json\/wp\/v2\/users\/1"}],"replies":[{"embeddable":true,"href":"https:\/\/dimensionturistica.com\/es\/wp-json\/wp\/v2\/comments?post=309775"}],"version-history":[{"count":0,"href":"https:\/\/dimensionturistica.com\/es\/wp-json\/wp\/v2\/posts\/309775\/revisions"}],"wp:featuredmedia":[{"embeddable":true,"href":"https:\/\/dimensionturistica.com\/es\/wp-json\/wp\/v2\/media\/309787"}],"wp:attachment":[{"href":"https:\/\/dimensionturistica.com\/es\/wp-json\/wp\/v2\/media?parent=309775"}],"wp:term":[{"taxonomy":"category","embeddable":true,"href":"https:\/\/dimensionturistica.com\/es\/wp-json\/wp\/v2\/categories?post=309775"},{"taxonomy":"post_tag","embeddable":true,"href":"https:\/\/dimensionturistica.com\/es\/wp-json\/wp\/v2\/tags?post=309775"}],"curies":[{"name":"wp","href":"https:\/\/api.w.org\/{rel}","templated":true}]}}