{"id":309671,"date":"2022-04-29T17:53:35","date_gmt":"2022-04-29T17:53:35","guid":{"rendered":"https:\/\/dimensionturistica.com\/es\/?p=309671"},"modified":"2022-04-29T17:57:14","modified_gmt":"2022-04-29T17:57:14","slug":"miguel-torruco-encabeza-la-1a-sesion-ordinaria-2022-de-la-comision-ejecutiva-de-turismo","status":"publish","type":"post","link":"https:\/\/dimensionturistica.com\/es\/miguel-torruco-encabeza-la-1a-sesion-ordinaria-2022-de-la-comision-ejecutiva-de-turismo\/","title":{"rendered":"Miguel Torruco encabeza la 1a Sesi\u00f3n Ordinaria 2022 de la Comisi\u00f3n Ejecutiva de Turismo"},"content":{"rendered":"<p><img decoding=\"async\" class=\"size-medium wp-image-309709 alignleft\" src=\"https:\/\/dimensionturistica.com\/es\/wp-content\/uploads\/2022\/04\/verdeturismo-300x200.jpg\" alt=\"\" width=\"300\" height=\"200\" srcset=\"https:\/\/dimensionturistica.com\/es\/wp-content\/uploads\/2022\/04\/verdeturismo-300x200.jpg 300w, https:\/\/dimensionturistica.com\/es\/wp-content\/uploads\/2022\/04\/verdeturismo-1024x682.jpg 1024w, https:\/\/dimensionturistica.com\/es\/wp-content\/uploads\/2022\/04\/verdeturismo-768x512.jpg 768w, https:\/\/dimensionturistica.com\/es\/wp-content\/uploads\/2022\/04\/verdeturismo-750x500.jpg 750w, https:\/\/dimensionturistica.com\/es\/wp-content\/uploads\/2022\/04\/verdeturismo-1140x760.jpg 1140w, https:\/\/dimensionturistica.com\/es\/wp-content\/uploads\/2022\/04\/verdeturismo.jpg 1280w\" sizes=\"(max-width: 300px) 100vw, 300px\" \/>El secretario de Turismo del Gobierno de M\u00e9xico, Miguel Torruco Marqu\u00e9s, encabez\u00f3 la Primera Sesi\u00f3n Ordinaria 2022 de la Comisi\u00f3n Ejecutiva de Turismo, con el objetivo de abordar puntos estrat\u00e9gicos y de colaboraci\u00f3n mutua para el desarrollo de la industria tur\u00edstica del pa\u00eds.<br \/>\nEl titular de la Secretar\u00eda de Turismo (Sectur) dio la bienvenida a los asistentes de las diferentes dependencias del gobierno federal que integran esta Comisi\u00f3n, la cual es un mecanismo de coordinaci\u00f3n y un espacio de an\u00e1lisis entre las instancias que intervienen directa o indirectamente en el desarrollo del turismo del pa\u00eds, para<img decoding=\"async\" class=\"size-full wp-image-309712 alignright\" src=\"https:\/\/dimensionturistica.com\/es\/wp-content\/uploads\/2022\/04\/humerto.jpg\" alt=\"\" width=\"300\" height=\"165\" \/> eficientar la gesti\u00f3n p\u00fablica en esta importante actividad.<br \/>\nDurante la Primera Sesi\u00f3n Ordinaria 2022 de la Comisi\u00f3n Ejecutiva de Turismo se presentaron seis temas sustantivos de gran relevancia y que, en su mayor\u00eda, fueron propuestos por los integrantes de esta Comisi\u00f3n.<br \/>\nLa reuni\u00f3n cont\u00f3 con la participaci\u00f3n del secretario de Turismo de Baja California, Miguel Agui\u00f1iga Rodr\u00edguez, con la finalidad de emprender los trabajos necesarios para que el corredor costero de San Felipe obtenga la <img decoding=\"async\" class=\"size-medium wp-image-309713 alignleft\" src=\"https:\/\/dimensionturistica.com\/es\/wp-content\/uploads\/2022\/04\/asamblea-300x178.jpg\" alt=\"\" width=\"300\" height=\"178\" srcset=\"https:\/\/dimensionturistica.com\/es\/wp-content\/uploads\/2022\/04\/asamblea-300x178.jpg 300w, https:\/\/dimensionturistica.com\/es\/wp-content\/uploads\/2022\/04\/asamblea.jpg 500w\" sizes=\"(max-width: 300px) 100vw, 300px\" \/>declaratoria como Zona de Desarrollo Tur\u00edstico Sustentable.<br \/>\nCon ello, se pretende fortalecer la regi\u00f3n del Mar de Cort\u00e9s y desarrollar tur\u00edsticamente un pol\u00edgono al sur del estado de Baja California, que comprende alrededor de 163 mil hect\u00e1reas, generando oportunidades y bienestar para sus<br \/>\nhabitantes.<br \/>\nAcompa\u00f1ado del presidente del Concejo Fundacional de San Felipe, Jos\u00e9 Luis Dagnino; y el consejero del Baja Health Cl\u00faster, Adri\u00e1n Murillo, Agui\u00f1iga tambi\u00e9n abord\u00f3 lo concerniente al programa sectorial de desarrollo tur\u00edstico de San Quint\u00edn, que obtuvo su declaratoria como municipio el 27 de febrero del 2020.<br \/>\nEn sus m\u00e1s de 40 mil kil\u00f3metros cuadrados de extensi\u00f3n, este municipio cuenta con diversos atractivos naturales de gran inter\u00e9s para visitantes nacionales y extranjeros, por lo que se considera indispensable impulsar estrategias orientadas a lograr su desarrollo ordenado, sustentable e incluyente.<br \/>\nAdem\u00e1s, se plantearon las acciones relacionadas al fortalecimiento del turismo de salud y bienestar en la regi\u00f3n.<br \/>\nPosteriormente, la subsecretaria de Relaciones Exteriores, la embajadora em\u00e9rita Carmen Moreno Toscano, expuso la estrategia que llevar\u00e1 a cabo la Secretar\u00eda de Relaciones Exteriores (SRE), para garantizar la orientaci\u00f3n, protecci\u00f3n y facilidades de viaje a 80 mil mexicanos aproximadamente, que viajar\u00e1n hacia Qatar con motivo de la Copa Mundial de Futbol.<br \/>\nEn su oportunidad, el subsecretario de Empleo y Productividad Laboral de la Secretar\u00eda de Trabajo<img decoding=\"async\" class=\"size-medium wp-image-309715 alignleft\" src=\"https:\/\/dimensionturistica.com\/es\/wp-content\/uploads\/2022\/04\/COMISION-EJECUTIVA-DE-TURISMO-5-300x178.jpg\" alt=\"\" width=\"300\" height=\"178\" srcset=\"https:\/\/dimensionturistica.com\/es\/wp-content\/uploads\/2022\/04\/COMISION-EJECUTIVA-DE-TURISMO-5-300x178.jpg 300w, https:\/\/dimensionturistica.com\/es\/wp-content\/uploads\/2022\/04\/COMISION-EJECUTIVA-DE-TURISMO-5.jpg 500w\" sizes=\"(max-width: 300px) 100vw, 300px\" \/> y Previsi\u00f3n Social (STPS), Marath Baruch Bola\u00f1os L\u00f3pez, dio a conocer los avances en la implementaci\u00f3n de la estrategia de reactivaci\u00f3n<br \/>\necon\u00f3mica del sector turismo, a trav\u00e9s del programa \u201cJ\u00f3venes Construyendo el Futuro\u201d, que gracias al trabajo coordinado con Sectur, al cierre de 2021, ha beneficiado a 74 mil 288 j\u00f3venes en el sector tur\u00edstico, con una inversi\u00f3n que asciende a mil 457 millones de pesos.<br \/>\nA la fecha, se tiene un registro de m\u00e1s de 26 mil egresados de este programa y m\u00e1s de 15 mil centros de trabajo tur\u00edsticos inscritos, con cobertura en las 32 entidades federativas y en mil 404 municipios del pa\u00eds.<br \/>\nTorruco Marqu\u00e9s y Bola\u00f1os L\u00f3pez tambi\u00e9n abordaron las acciones puntuales que se llevan a cabo para incrementar el empleo en el sector tur\u00edstico.<br \/>\nOtro tema que se trat\u00f3 en la Primera Sesi\u00f3n Ordinaria 2022 de la Comisi\u00f3n Ejecutiva de Turismo fue el Programa Regional del Proyecto Tren Maya 2022-2024, que es un instrumento de planeaci\u00f3n integral enfocado al desarrollo y bienestar de las personas y municipios de la pen\u00ednsula de Yucat\u00e1n, quienes se ver\u00e1n impactados de manera positiva con la construcci\u00f3n y operaci\u00f3n del proyecto tur\u00edstico m\u00e1s relevante de la actual administraci\u00f3n, subray\u00f3 el titular de Sectur.<br \/>\nAdem\u00e1s, se analiz\u00f3 el Programa de Ordenamiento Tur\u00edstico del Territorio de la Regi\u00f3n sur-sureste y las declaratorias de las Zonas de Desarrollo Tur\u00edstico Sustentable potenciales de Tulum, Quintana Roo; y de Punta Mita, Nayarit.<br \/>\nEl \u00faltimo t\u00f3pico que se expuso en el encuentro fue referente a la apertura de las \u201cIslas Mar\u00edas\u201d, proyecto interinstitucional en el que Sectur desarroll\u00f3 ocho experiencias tur\u00edsticas: una acu\u00e1tica y siete terrestres, que favorecen el desarrollo de productos tur\u00edsticos \u201cancla\u201d, as\u00ed como a mejorar y revitalizar la oferta actual en la regi\u00f3n.<\/p>\n","protected":false},"excerpt":{"rendered":"<p>El secretario de Turismo del Gobierno de M\u00e9xico, Miguel Torruco Marqu\u00e9s, encabez\u00f3 la Primera Sesi\u00f3n Ordinaria 2022 de la Comisi\u00f3n Ejecutiva de Turismo, con el objetivo de abordar puntos estrat\u00e9gicos y de colaboraci\u00f3n mutua para el desarrollo de la industria tur\u00edstica del pa\u00eds. El titular de la Secretar\u00eda de Turismo (Sectur) dio la bienvenida a [&hellip;]<\/p>\n","protected":false},"author":1,"featured_media":309716,"comment_status":"open","ping_status":"closed","sticky":false,"template":"","format":"standard","meta":{"om_disable_all_campaigns":false,"jnews-multi-image_gallery":[],"jnews_single_post":{"source_name":"","source_url":"","via_name":"","via_url":"","override_template":"0","override":[{"template":"1","single_blog_custom":"","parallax":"1","fullscreen":"1","layout":"right-sidebar","sidebar":"default-sidebar","second_sidebar":"default-sidebar","sticky_sidebar":"1","share_position":"top","share_float_style":"share-monocrhome","show_share_counter":"1","show_view_counter":"1","show_featured":"1","show_post_meta":"1","show_post_author":"1","show_post_author_image":"1","show_post_date":"1","post_date_format":"default","post_date_format_custom":"Y\/m\/d","show_post_category":"1","show_post_reading_time":"0","post_reading_time_wpm":"300","show_zoom_button":"0","zoom_button_out_step":"2","zoom_button_in_step":"3","show_post_tag":"1","show_prev_next_post":"1","show_popup_post":"1","number_popup_post":"1","show_author_box":"0","show_post_related":"0","show_inline_post_related":"0"}],"override_image_size":"0","image_override":[{"single_post_thumbnail_size":"crop-500","single_post_gallery_size":"crop-500"}],"trending_post":"0","trending_post_position":"meta","trending_post_label":"Trending","sponsored_post":"0","sponsored_post_label":"Sponsored by","sponsored_post_name":"","sponsored_post_url":"","sponsored_post_logo_enable":"0","sponsored_post_logo":"","sponsored_post_desc":"","disable_ad":"0"},"jnews_primary_category":{"id":""},"jnews_social_meta":{"fb_title":"","fb_description":"","fb_image":"","twitter_title":"","twitter_description":"","twitter_image":""},"footnotes":""},"categories":[39],"tags":[],"class_list":["post-309671","post","type-post","status-publish","format-standard","has-post-thumbnail","hentry","category-viajes"],"_links":{"self":[{"href":"https:\/\/dimensionturistica.com\/es\/wp-json\/wp\/v2\/posts\/309671","targetHints":{"allow":["GET"]}}],"collection":[{"href":"https:\/\/dimensionturistica.com\/es\/wp-json\/wp\/v2\/posts"}],"about":[{"href":"https:\/\/dimensionturistica.com\/es\/wp-json\/wp\/v2\/types\/post"}],"author":[{"embeddable":true,"href":"https:\/\/dimensionturistica.com\/es\/wp-json\/wp\/v2\/users\/1"}],"replies":[{"embeddable":true,"href":"https:\/\/dimensionturistica.com\/es\/wp-json\/wp\/v2\/comments?post=309671"}],"version-history":[{"count":0,"href":"https:\/\/dimensionturistica.com\/es\/wp-json\/wp\/v2\/posts\/309671\/revisions"}],"wp:featuredmedia":[{"embeddable":true,"href":"https:\/\/dimensionturistica.com\/es\/wp-json\/wp\/v2\/media\/309716"}],"wp:attachment":[{"href":"https:\/\/dimensionturistica.com\/es\/wp-json\/wp\/v2\/media?parent=309671"}],"wp:term":[{"taxonomy":"category","embeddable":true,"href":"https:\/\/dimensionturistica.com\/es\/wp-json\/wp\/v2\/categories?post=309671"},{"taxonomy":"post_tag","embeddable":true,"href":"https:\/\/dimensionturistica.com\/es\/wp-json\/wp\/v2\/tags?post=309671"}],"curies":[{"name":"wp","href":"https:\/\/api.w.org\/{rel}","templated":true}]}}