{"id":309317,"date":"2022-04-29T00:33:31","date_gmt":"2022-04-29T00:33:31","guid":{"rendered":"https:\/\/dimensionturistica.com\/es\/?p=309317"},"modified":"2022-04-29T00:33:32","modified_gmt":"2022-04-29T00:33:32","slug":"cuales-son-los-requisitos-para-entrar-a-colombia-este-2022","status":"publish","type":"post","link":"https:\/\/dimensionturistica.com\/es\/cuales-son-los-requisitos-para-entrar-a-colombia-este-2022\/","title":{"rendered":"Cu\u00e1les son los requisitos para entrar a Colombia este 2022"},"content":{"rendered":"<p> <br \/>\n<\/p>\n<div>\n<p><strong>Colombia<\/strong> es uno de los pa\u00edses de <strong>Am\u00e9rica del sur<\/strong> m\u00e1s ricos en cultura, biodiversidad y lugares para visitar. Por esta raz\u00f3n no es de extra\u00f1ar que se encuentre en tus pr\u00f3ximos destinos, de ser as\u00ed debes conocer cu\u00e1les son las condiciones referentes al COVID-19 que la <strong>Canciller\u00eda de Colombia<\/strong> ha establecido para este <strong>2022, <\/strong>aqu\u00ed te contamos cu\u00e1les son las medidas y algunos consejos sobre cuidados personales para realizar la visita.<\/p>\n<p>Seguramente sabr\u00e1s que si viajas a\u00a0Colombia\u00a0encontrar\u00e1s un clima agradable para pasear, pues seg\u00fan con la <strong>Clasificaci\u00f3n clim\u00e1tica de Koppen,<\/strong> se presentan de climas tropicales hasta los fr\u00edos de monta\u00f1as, claro que esto depender\u00e1 de la temporada y la zona geogr\u00e1fica en la que te ubiques. Por esta raz\u00f3n aseg\u00farate de verificar c\u00f3mo ser\u00e1 el estado clim\u00e1tico y la estaci\u00f3n\u00a0en la que se encuentran para que selecciones correctamente tu ropa.<\/p>\n<p>Adem\u00e1s, es importante que sepas que una vez dentro del <strong>territorio colombiano<\/strong>\u00a0las restricciones son m\u00ednimas, ya que no existe alg\u00fan tipo de norma que proh\u00edba moverse por todo el <strong>pa\u00eds<\/strong>, por lo que podr\u00e1s <a rel=\"nofollow noopener\" target=\"_blank\" href=\"https:\/\/www.soynomada.news\/\">viajar<\/a> con toda libertad.<\/p>\n<p>Tambi\u00e9n te puede interesar: <a rel=\"nofollow noopener\" target=\"_blank\" href=\"https:\/\/www.soynomada.news\/mochileros\/Los-5-mejores-parques-naturales-para-hacer-ecoturismo-en-Colombia-20220422-0014.html\">Los 5 mejores parques naturales para hacer ecoturismo en Colombia<\/a><\/p>\n<h2>Cu\u00e1les son los requisitos para entrar a Colombia este 2022<\/h2>\n<p>De acuerdo con el<strong> Ministerio de Relaciones Exteriores de Colombia <\/strong>para ingresar al pa\u00eds desde cualquier otro lado deber\u00e1s reportar tu estado de salud a trav\u00e9s del formulario de <strong>Examine-Mig<\/strong>, 24 horas antes del vuelo, adem\u00e1s de los siguientes <strong>documentos<\/strong>:\u00a0<\/p>\n<ul>\n<li>Pasaporte v\u00e1lido y en buen estado (los colombianos pueden ingresar con pasaporte vencido)<\/li>\n<li>Visa, cuando se requiera\u00a0<\/li>\n<li>Carnet de vacunaci\u00f3n con dosis completa\u00a0<\/li>\n<li>Si es colombiano, extranjero con visa de Residente o diplom\u00e1ticos acreditados pero no est\u00e1n vacunados, deben presentar una prueba PCR negativa realizada m\u00e1ximo 72 horas antes del vuelo\u00a0<\/li>\n<li>Quienes tengan esquema de vacunaci\u00f3n incompleto o la \u00faltima dosis ha sido aplicada hace menos de 14 d\u00edas deber\u00e1 presentar una prueba PCR negativa aplicada\u00a0m\u00e1ximo 72 horas antes del vuelo<\/li>\n<li>Las vacunas deben esar aprobadas por la OMS<\/li>\n<\/ul>\n<p>Por \u00faltimo te recordamos que tomes en cuenta que quienes no hayan iniciado un esquema de vacunaci\u00f3n no podr\u00e1n ingresar al pa\u00eds.\u00a0<\/p>\n<p>Tambi\u00e9n te puede interesar: <a rel=\"nofollow noopener\" target=\"_blank\" href=\"https:\/\/www.soynomada.news\/tips\/Cuanto-cuesta-sacar-la-visa-de-turista-de-Estados-Unidos-en-Colombia-20210921-0008.html\">Cu\u00e1nto cuesta sacar la visa de turista de Estados Unidos en Colombia<\/a><\/p>\n<h2>Cu\u00e1les son las recomendaciones para visitar Colombia\u00a0<\/h2>\n<p>Si eres un viajero primerizo, seguro tendr\u00e1s mucha incertidumbre de cu\u00e1les son las medidas y cuidados que se realizan durante un viaje y la preparaci\u00f3n del msimo. Primeramente, debes comprender que como todo pa\u00eds, hay una serie de cultura y tradiciones que deben respetarse, por eso\u00a0s\u00e9 siempre cauteloso y observa la cultura, esto te ayudar\u00e1 a tener una mejor experiencia y entender algunos aspectos que puedan ser un choque.<\/p>\n<p>Por su parte, al tratarse de un pa\u00eds con mucha <a rel=\"nofollow noopener\" target=\"_blank\" href=\"https:\/\/www.soynomada.news\/naturaleza-t738787\">biodiversidad <\/a>y lugares rec\u00f3nditos, hay algunas recomendaciones de seguridad que la <strong>SRE<\/strong> emite para prevenir enfermedades contagiosas. En primer lugar se recomienda que, adem\u00e1s de contar con la vacuna del SARS-COV-2 tambi\u00e9n tengas la de la<strong> <\/strong>fiebre amarilla<strong>.<\/strong> Esta\u00a0se exige en caso de visitar las zonas consideras de alto riesgo, como <strong>La Guajira<\/strong>, <strong>Norte de Santander<\/strong>, <strong>Puntumayo<\/strong> y las regiones de los<strong> Llanos Orientales<\/strong>, <strong>La Amazon\u00eda<\/strong>, <strong>Sierra Nevada<\/strong> <strong>de Santa Marta <\/strong>y la <strong>Costa Atl\u00e1ntica<\/strong>.\u00a0<\/p>\n<p>En cuanto a otras vacunas recomendadas est\u00e1n la del t\u00e9tanos, difteria, tos ferina, Triple V\u00edrica (sarampi\u00f3n, rubeola, parotidits) y\u00a0Hepatitis A Y B, esta \u00faltima sobre todo para quienes realizan actividades de riesgo que puedan estar en contacto con sangre.\u00a0Por otro lado, algunos consejos generales que te ayudar\u00e1n a sobrellevar tu viaje con \u00e9xito:<\/p>\n<ul>\n<li>Informar a familiares y amigos sobre el itinerario del viaje\u00a0<\/li>\n<li>Prestar atenci\u00f3n al equipaje y a tus documentos de viaje, sobre todo tu pasaporte, de ser necesario lleva siempre copia f\u00edsica o electr\u00f3nica\u00a0<\/li>\n<li>Para las personas mexicanas que viajan al extranjero deben ingresar sus datos en el Sistema de <strong>Registro para Mexicanos en el Exterior <\/strong>(SIRME)<\/li>\n<\/ul>\n<\/div>\n\n<p><em> &#8221; Fuentes www.soynomada.news &#8221; <\/em><\/p>\n","protected":false},"excerpt":{"rendered":"<p>Colombia es uno de los pa\u00edses de Am\u00e9rica del sur m\u00e1s ricos en cultura, biodiversidad y lugares para visitar. Por esta raz\u00f3n no es de extra\u00f1ar que se encuentre en tus pr\u00f3ximos destinos, de ser as\u00ed debes conocer cu\u00e1les son las condiciones referentes al COVID-19 que la Canciller\u00eda de Colombia ha establecido para este 2022, [&hellip;]<\/p>\n","protected":false},"author":4,"featured_media":309318,"comment_status":"open","ping_status":"closed","sticky":false,"template":"","format":"standard","meta":{"om_disable_all_campaigns":false,"jnews-multi-image_gallery":[],"jnews_single_post":[],"jnews_primary_category":[],"jnews_social_meta":[],"footnotes":""},"categories":[39],"tags":[771,1423],"class_list":["post-309317","post","type-post","status-publish","format-standard","has-post-thumbnail","hentry","category-viajes","tag-colombia","tag-viajes-internacionales"],"_links":{"self":[{"href":"https:\/\/dimensionturistica.com\/es\/wp-json\/wp\/v2\/posts\/309317","targetHints":{"allow":["GET"]}}],"collection":[{"href":"https:\/\/dimensionturistica.com\/es\/wp-json\/wp\/v2\/posts"}],"about":[{"href":"https:\/\/dimensionturistica.com\/es\/wp-json\/wp\/v2\/types\/post"}],"author":[{"embeddable":true,"href":"https:\/\/dimensionturistica.com\/es\/wp-json\/wp\/v2\/users\/4"}],"replies":[{"embeddable":true,"href":"https:\/\/dimensionturistica.com\/es\/wp-json\/wp\/v2\/comments?post=309317"}],"version-history":[{"count":0,"href":"https:\/\/dimensionturistica.com\/es\/wp-json\/wp\/v2\/posts\/309317\/revisions"}],"wp:featuredmedia":[{"embeddable":true,"href":"https:\/\/dimensionturistica.com\/es\/wp-json\/wp\/v2\/media\/309318"}],"wp:attachment":[{"href":"https:\/\/dimensionturistica.com\/es\/wp-json\/wp\/v2\/media?parent=309317"}],"wp:term":[{"taxonomy":"category","embeddable":true,"href":"https:\/\/dimensionturistica.com\/es\/wp-json\/wp\/v2\/categories?post=309317"},{"taxonomy":"post_tag","embeddable":true,"href":"https:\/\/dimensionturistica.com\/es\/wp-json\/wp\/v2\/tags?post=309317"}],"curies":[{"name":"wp","href":"https:\/\/api.w.org\/{rel}","templated":true}]}}