{"id":309260,"date":"2022-04-28T23:19:37","date_gmt":"2022-04-28T23:19:37","guid":{"rendered":"https:\/\/dimensionturistica.com\/es\/?p=309260"},"modified":"2022-04-28T23:21:09","modified_gmt":"2022-04-28T23:21:09","slug":"facilita-fovissste-vivienda-digna-para-trabajadores-de-la-camara-de-diputados","status":"publish","type":"post","link":"https:\/\/dimensionturistica.com\/es\/facilita-fovissste-vivienda-digna-para-trabajadores-de-la-camara-de-diputados\/","title":{"rendered":"Facilita FOVISSSTE vivienda digna para trabajadores de la C\u00e1mara de Diputados"},"content":{"rendered":"<p><img decoding=\"async\" class=\"size-medium wp-image-309262 alignright\" src=\"https:\/\/dimensionturistica.com\/es\/wp-content\/uploads\/2022\/04\/FOVISSSTE-1-6-300x200.jpg\" alt=\"\" width=\"300\" height=\"200\" srcset=\"https:\/\/dimensionturistica.com\/es\/wp-content\/uploads\/2022\/04\/FOVISSSTE-1-6-300x200.jpg 300w, https:\/\/dimensionturistica.com\/es\/wp-content\/uploads\/2022\/04\/FOVISSSTE-1-6-1024x683.jpg 1024w, https:\/\/dimensionturistica.com\/es\/wp-content\/uploads\/2022\/04\/FOVISSSTE-1-6-768x512.jpg 768w, https:\/\/dimensionturistica.com\/es\/wp-content\/uploads\/2022\/04\/FOVISSSTE-1-6-1536x1024.jpg 1536w, https:\/\/dimensionturistica.com\/es\/wp-content\/uploads\/2022\/04\/FOVISSSTE-1-6-2048x1365.jpg 2048w, https:\/\/dimensionturistica.com\/es\/wp-content\/uploads\/2022\/04\/FOVISSSTE-1-6-750x500.jpg 750w, https:\/\/dimensionturistica.com\/es\/wp-content\/uploads\/2022\/04\/FOVISSSTE-1-6-1140x760.jpg 1140w\" sizes=\"(max-width: 300px) 100vw, 300px\" \/>Se organizar\u00e1n ferias de vivienda en las instalaciones del H. Congreso de la Uni\u00f3n para acercar los esquemas de financiamientos y servicios a la poblaci\u00f3n derechohabiente Ciudad de M\u00e9xico, 25 de abril de 2022.- El Vocal Ejecutivo del Fondo de la Vivienda del Instituto de Seguridad y Servicios Sociales de los Trabajadores del Estado (FOVISSSTE),<br \/>\nC\u00e9sar Buenrostro Moreno y la Secretaria General, Graciela B\u00e1ez Ric\u00e1rdez, en representaci\u00f3n de la presidencia de la Mesa Directiva de la LXV legislatura de la C\u00e1mara de Diputados, firmaron un convenio de colaboraci\u00f3n para ampliar la difusi\u00f3n de las acciones y programas de otorgamiento de cr\u00e9ditos a los trabajadores del poder<br \/>\nlegislativo.<br \/>\nLa C\u00e1mara de Diputados y el Fondo se comprometen a dar facilidades para promover las distintas<img decoding=\"async\" class=\"size-medium wp-image-309263 alignright\" src=\"https:\/\/dimensionturistica.com\/es\/wp-content\/uploads\/2022\/04\/FOVISSSTE-1-4-300x200.jpg\" alt=\"\" width=\"300\" height=\"200\" srcset=\"https:\/\/dimensionturistica.com\/es\/wp-content\/uploads\/2022\/04\/FOVISSSTE-1-4-300x200.jpg 300w, https:\/\/dimensionturistica.com\/es\/wp-content\/uploads\/2022\/04\/FOVISSSTE-1-4-1024x683.jpg 1024w, https:\/\/dimensionturistica.com\/es\/wp-content\/uploads\/2022\/04\/FOVISSSTE-1-4-768x512.jpg 768w, https:\/\/dimensionturistica.com\/es\/wp-content\/uploads\/2022\/04\/FOVISSSTE-1-4-1536x1024.jpg 1536w, https:\/\/dimensionturistica.com\/es\/wp-content\/uploads\/2022\/04\/FOVISSSTE-1-4-2048x1365.jpg 2048w, https:\/\/dimensionturistica.com\/es\/wp-content\/uploads\/2022\/04\/FOVISSSTE-1-4-750x500.jpg 750w, https:\/\/dimensionturistica.com\/es\/wp-content\/uploads\/2022\/04\/FOVISSSTE-1-4-1140x760.jpg 1140w\" sizes=\"(max-width: 300px) 100vw, 300px\" \/> opciones de financiamiento hipotecario a los derechohabientes del FOVISSSTE, que cumplan con los requisitos establecidos en las Reglas para el Otorgamiento, Formalizaci\u00f3n y Recuperaci\u00f3n de Cr\u00e9ditos del FOVISSSTE y de esta forma facilitar el derecho a una vivienda digna para mejorar su calidad de vida.<br \/>\nEste acuerdo que se estableci\u00f3 por instrucci\u00f3n del director general del ISSSTE, Pedro Zenteno Santaella, tendr\u00e1 una vigencia hasta el 31 de diciembre de 2024, periodo en el cual se brindar\u00e1 informaci\u00f3n detallada respecto de las caracter\u00edsticas sobre los distintos cr\u00e9ditos que ofrece el FOVISSSTE para la adquisici\u00f3n de una casa nueva o usada, construirla en terreno propio o incluso la compra de suelo y su construcci\u00f3n en el mismo.<br \/>\nSe contempla tambi\u00e9n dar apoyo en los diversos tr\u00e1mites requeridos para la originaci\u00f3n de los cr\u00e9ditos a derechohabientes que laboran en el recinto legislativo de San L\u00e1zaro.<br \/>\nAdem\u00e1s, se realizar\u00e1n ferias de viviendas en las instalaciones del inmueble parlamentario para acercar los servicios a quienes laboran en el Poder Legislativo Federal y ofrecerles de forma personalizada los diferentes esquemas de financiamiento hipotecario.<br \/>\nComo parte de esta colaboraci\u00f3n se estableci\u00f3 que la C\u00e1mara de Diputados difundir\u00e1 en su sede y en sus medios electr\u00f3nicos todas las actividades y programas relacionados con los cr\u00e9ditos del FOVISSSTE.<br \/>\nCon estas alianzas el FOVISSSTE suma 17 convenios de colaboraci\u00f3n firmados entre gobiernos<img decoding=\"async\" class=\"size-medium wp-image-309265 alignright\" src=\"https:\/\/dimensionturistica.com\/es\/wp-content\/uploads\/2022\/04\/FOVISSSTE-1-2-300x200.jpg\" alt=\"\" width=\"300\" height=\"200\" srcset=\"https:\/\/dimensionturistica.com\/es\/wp-content\/uploads\/2022\/04\/FOVISSSTE-1-2-300x200.jpg 300w, https:\/\/dimensionturistica.com\/es\/wp-content\/uploads\/2022\/04\/FOVISSSTE-1-2-1024x683.jpg 1024w, https:\/\/dimensionturistica.com\/es\/wp-content\/uploads\/2022\/04\/FOVISSSTE-1-2-768x512.jpg 768w, https:\/\/dimensionturistica.com\/es\/wp-content\/uploads\/2022\/04\/FOVISSSTE-1-2-1536x1024.jpg 1536w, https:\/\/dimensionturistica.com\/es\/wp-content\/uploads\/2022\/04\/FOVISSSTE-1-2-2048x1365.jpg 2048w, https:\/\/dimensionturistica.com\/es\/wp-content\/uploads\/2022\/04\/FOVISSSTE-1-2-750x500.jpg 750w, https:\/\/dimensionturistica.com\/es\/wp-content\/uploads\/2022\/04\/FOVISSSTE-1-2-1140x760.jpg 1140w\" sizes=\"(max-width: 300px) 100vw, 300px\" \/> estatales, dependencias federales y con la banca comercial, en los \u00faltimos tres a\u00f1os, para cumplir con su objetivo principal de dar cumplimiento al derecho a una vivienda digna a los derechohabientes y acreditados al servicio del Estado.<br \/>\nPara mayor informaci\u00f3n, los derechohabientes pueden llamar al tel\u00e9fono: 800 368 4783, ingresar a la p\u00e1gina gob.mx\/fovissste o seguir las redes sociales de Facebook: FovisssteMX, Twitter: @FOVISSSTEmx, Instagram: FovisssteMX, y Youtube: FOVISSSTE.<br \/>\nY ahora cada beneficiaron de cada credito podran hacer sus pagos mas cerca de ellos, para hacer sus pago nada mas con visitar alguna de las oficinas de Telecom Mas cerca de usted.<\/p>\n","protected":false},"excerpt":{"rendered":"<p>Se organizar\u00e1n ferias de vivienda en las instalaciones del H. Congreso de la Uni\u00f3n para acercar los esquemas de financiamientos y servicios a la poblaci\u00f3n derechohabiente Ciudad de M\u00e9xico, 25 de abril de 2022.- El Vocal Ejecutivo del Fondo de la Vivienda del Instituto de Seguridad y Servicios Sociales de los Trabajadores del Estado (FOVISSSTE), [&hellip;]<\/p>\n","protected":false},"author":1,"featured_media":309261,"comment_status":"open","ping_status":"closed","sticky":false,"template":"","format":"standard","meta":{"om_disable_all_campaigns":false,"jnews-multi-image_gallery":[],"jnews_single_post":{"source_name":"","source_url":"","via_name":"","via_url":"","override_template":"0","override":[{"template":"1","single_blog_custom":"","parallax":"1","fullscreen":"1","layout":"right-sidebar","sidebar":"default-sidebar","second_sidebar":"default-sidebar","sticky_sidebar":"1","share_position":"top","share_float_style":"share-monocrhome","show_share_counter":"1","show_view_counter":"1","show_featured":"1","show_post_meta":"1","show_post_author":"1","show_post_author_image":"1","show_post_date":"1","post_date_format":"default","post_date_format_custom":"Y\/m\/d","show_post_category":"1","show_post_reading_time":"0","post_reading_time_wpm":"300","show_zoom_button":"0","zoom_button_out_step":"2","zoom_button_in_step":"3","show_post_tag":"1","show_prev_next_post":"1","show_popup_post":"1","number_popup_post":"1","show_author_box":"0","show_post_related":"0","show_inline_post_related":"0"}],"override_image_size":"0","image_override":[{"single_post_thumbnail_size":"crop-500","single_post_gallery_size":"crop-500"}],"trending_post":"0","trending_post_position":"meta","trending_post_label":"Trending","sponsored_post":"0","sponsored_post_label":"Sponsored by","sponsored_post_name":"","sponsored_post_url":"","sponsored_post_logo_enable":"0","sponsored_post_logo":"","sponsored_post_desc":"","disable_ad":"0"},"jnews_primary_category":{"id":""},"jnews_social_meta":{"fb_title":"","fb_description":"","fb_image":"","twitter_title":"","twitter_description":"","twitter_image":""},"footnotes":""},"categories":[40],"tags":[],"class_list":["post-309260","post","type-post","status-publish","format-standard","has-post-thumbnail","hentry","category-industria"],"_links":{"self":[{"href":"https:\/\/dimensionturistica.com\/es\/wp-json\/wp\/v2\/posts\/309260","targetHints":{"allow":["GET"]}}],"collection":[{"href":"https:\/\/dimensionturistica.com\/es\/wp-json\/wp\/v2\/posts"}],"about":[{"href":"https:\/\/dimensionturistica.com\/es\/wp-json\/wp\/v2\/types\/post"}],"author":[{"embeddable":true,"href":"https:\/\/dimensionturistica.com\/es\/wp-json\/wp\/v2\/users\/1"}],"replies":[{"embeddable":true,"href":"https:\/\/dimensionturistica.com\/es\/wp-json\/wp\/v2\/comments?post=309260"}],"version-history":[{"count":0,"href":"https:\/\/dimensionturistica.com\/es\/wp-json\/wp\/v2\/posts\/309260\/revisions"}],"wp:featuredmedia":[{"embeddable":true,"href":"https:\/\/dimensionturistica.com\/es\/wp-json\/wp\/v2\/media\/309261"}],"wp:attachment":[{"href":"https:\/\/dimensionturistica.com\/es\/wp-json\/wp\/v2\/media?parent=309260"}],"wp:term":[{"taxonomy":"category","embeddable":true,"href":"https:\/\/dimensionturistica.com\/es\/wp-json\/wp\/v2\/categories?post=309260"},{"taxonomy":"post_tag","embeddable":true,"href":"https:\/\/dimensionturistica.com\/es\/wp-json\/wp\/v2\/tags?post=309260"}],"curies":[{"name":"wp","href":"https:\/\/api.w.org\/{rel}","templated":true}]}}