{"id":309224,"date":"2022-04-28T22:53:31","date_gmt":"2022-04-28T22:53:31","guid":{"rendered":"https:\/\/dimensionturistica.com\/es\/?p=309224"},"modified":"2022-04-28T22:56:22","modified_gmt":"2022-04-28T22:56:22","slug":"tianguis-turistico-46-ediciones-de-exito","status":"publish","type":"post","link":"https:\/\/dimensionturistica.com\/es\/tianguis-turistico-46-ediciones-de-exito\/","title":{"rendered":"Tianguis Tur\u00edstico, 46 ediciones de \u00e9xito"},"content":{"rendered":"<p><img decoding=\"async\" class=\"size-medium wp-image-309242 alignleft\" src=\"https:\/\/dimensionturistica.com\/es\/wp-content\/uploads\/2022\/04\/ACAPULCO-300x120.jpg\" alt=\"\" width=\"300\" height=\"120\" srcset=\"https:\/\/dimensionturistica.com\/es\/wp-content\/uploads\/2022\/04\/ACAPULCO-300x120.jpg 300w, https:\/\/dimensionturistica.com\/es\/wp-content\/uploads\/2022\/04\/ACAPULCO.jpg 500w\" sizes=\"(max-width: 300px) 100vw, 300px\" \/>Acapulco tiene miles de historias que contar y an\u00e9cdotas que recordar, una gran historia de \u00e9xito es el Tianguis Tur\u00edstico que lleva en su haber ya 46 ediciones, y que surgi\u00f3 de la necesidad de activar el turismo y promocionar el destino.<br \/>\nLo que ahora conocemos como Tianguis Tur\u00edstico <img decoding=\"async\" class=\"size-medium wp-image-309244 alignleft\" src=\"https:\/\/dimensionturistica.com\/es\/wp-content\/uploads\/2022\/04\/MAZATLAN-300x105.jpg\" alt=\"\" width=\"300\" height=\"105\" srcset=\"https:\/\/dimensionturistica.com\/es\/wp-content\/uploads\/2022\/04\/MAZATLAN-300x105.jpg 300w, https:\/\/dimensionturistica.com\/es\/wp-content\/uploads\/2022\/04\/MAZATLAN.jpg 500w\" sizes=\"(max-width: 300px) 100vw, 300px\" \/>naci\u00f3 en 1975 y fue llamado \u201cFeria Internacional de Hoteles y Agencias de Viajes Tur\u00edsticas en Acapulco\u201d.<br \/>\nLa primera edici\u00f3n fue inaugurada en el Centro de Convenciones de Acapulco y surgi\u00f3 a iniciativa del presidente del Consejo Nacional de Turismo, <img decoding=\"async\" class=\"size-medium wp-image-309245 alignleft\" src=\"https:\/\/dimensionturistica.com\/es\/wp-content\/uploads\/2022\/04\/PUEBLA-300x158.jpg\" alt=\"\" width=\"300\" height=\"158\" srcset=\"https:\/\/dimensionturistica.com\/es\/wp-content\/uploads\/2022\/04\/PUEBLA-300x158.jpg 300w, https:\/\/dimensionturistica.com\/es\/wp-content\/uploads\/2022\/04\/PUEBLA.jpg 500w\" sizes=\"(max-width: 300px) 100vw, 300px\" \/>Miguel Alem\u00e1n Vald\u00e9s.<br \/>\nLa verdadera consolidaci\u00f3n del evento, sin embargo, se dio un a\u00f1o despu\u00e9s,<br \/>\ncuando se cre\u00f3 la Secretar\u00eda de Turismo (Sectur), ya que fue este organismo el que organiz\u00f3 oficialmente el Tianguis Tur\u00edstico en 1976.<br \/>\nEn su primera edici\u00f3n formal, cuentan las rese\u00f1as de la \u00e9poca, el evento cont\u00f3 con la participaci\u00f3n <img decoding=\"async\" class=\"size-medium wp-image-309246 alignleft\" src=\"https:\/\/dimensionturistica.com\/es\/wp-content\/uploads\/2022\/04\/PUERTOVALLARTA-1-300x189.jpg\" alt=\"\" width=\"300\" height=\"189\" srcset=\"https:\/\/dimensionturistica.com\/es\/wp-content\/uploads\/2022\/04\/PUERTOVALLARTA-1-300x189.jpg 300w, https:\/\/dimensionturistica.com\/es\/wp-content\/uploads\/2022\/04\/PUERTOVALLARTA-1.jpg 500w\" sizes=\"(max-width: 300px) 100vw, 300px\" \/>de 100 vendedores mexicanos y 22 pa\u00edses invitados.<br \/>\nUn evento itinerante<br \/>\nPor 36 a\u00f1os, la celebraci\u00f3n se hizo en Acapulco, pero en 2011 Sectur lo convirti\u00f3 en itinerante con el objetivo de promocionar los diversos destinos tur\u00edsticos del pa\u00eds.<br \/>\nEl primer Tianguis Tur\u00edstico itinerante fue en Puerto Vallarta y Riviera Nayarit en 2012, le sigui\u00f3 <img decoding=\"async\" class=\"size-medium wp-image-309247 alignleft\" src=\"https:\/\/dimensionturistica.com\/es\/wp-content\/uploads\/2022\/04\/QUINTANAROO-300x168.jpg\" alt=\"\" width=\"300\" height=\"168\" srcset=\"https:\/\/dimensionturistica.com\/es\/wp-content\/uploads\/2022\/04\/QUINTANAROO-300x168.jpg 300w, https:\/\/dimensionturistica.com\/es\/wp-content\/uploads\/2022\/04\/QUINTANAROO.jpg 500w\" sizes=\"(max-width: 300px) 100vw, 300px\" \/>Puebla en 2013 y Canc\u00fan en 2014.<br \/>\nPor acuerdo de las autoridades Acapulco se convertir\u00eda en sede bienal del Tianguis Tur\u00edstico, por lo que en 2015 regres\u00f3 al puerto; y un a\u00f1o despu\u00e9s, en el 2016, se efectu\u00f3 en la ciudad de Guadalajara.<br \/>\nAcapulco, de nueva cuenta, encabez\u00f3 la fiesta en<img decoding=\"async\" class=\"size-medium wp-image-309248 alignright\" src=\"https:\/\/dimensionturistica.com\/es\/wp-content\/uploads\/2022\/04\/yucatanmerida-300x170.jpg\" alt=\"\" width=\"300\" height=\"170\" srcset=\"https:\/\/dimensionturistica.com\/es\/wp-content\/uploads\/2022\/04\/yucatanmerida-300x170.jpg 300w, https:\/\/dimensionturistica.com\/es\/wp-content\/uploads\/2022\/04\/yucatanmerida.jpg 500w\" sizes=\"(max-width: 300px) 100vw, 300px\" \/> 2017; Mazatl\u00e1n en 2018; Acapulco en 2019; y en 2020 el evento fue pospuesto debido a la pandemia ocasionada por el virus SARS-Cov-2.<br \/>\nEl a\u00f1o pasado se celebr\u00f3 en M\u00e9rida, Yucat\u00e1n, y este a\u00f1o, Acapulco dar\u00e1 la bienvenida a todos los asistentes nuevamente.<br \/>\nEsta edici\u00f3n 46 se efectuar\u00e1 del 22 al 25 de mayo en Expo Mundo Imperial y es el evento m\u00e1s relevante de la industria sin chimeneas de M\u00e9xico.<\/p>\n","protected":false},"excerpt":{"rendered":"<p>Acapulco tiene miles de historias que contar y an\u00e9cdotas que recordar, una gran historia de \u00e9xito es el Tianguis Tur\u00edstico que lleva en su haber ya 46 ediciones, y que surgi\u00f3 de la necesidad de activar el turismo y promocionar el destino. Lo que ahora conocemos como Tianguis Tur\u00edstico naci\u00f3 en 1975 y fue llamado [&hellip;]<\/p>\n","protected":false},"author":1,"featured_media":309243,"comment_status":"open","ping_status":"closed","sticky":false,"template":"","format":"standard","meta":{"om_disable_all_campaigns":false,"jnews-multi-image_gallery":[],"jnews_single_post":{"source_name":"","source_url":"","via_name":"","via_url":"","override_template":"0","override":[{"template":"1","single_blog_custom":"","parallax":"1","fullscreen":"1","layout":"right-sidebar","sidebar":"default-sidebar","second_sidebar":"default-sidebar","sticky_sidebar":"1","share_position":"top","share_float_style":"share-monocrhome","show_share_counter":"1","show_view_counter":"1","show_featured":"1","show_post_meta":"1","show_post_author":"1","show_post_author_image":"1","show_post_date":"1","post_date_format":"default","post_date_format_custom":"Y\/m\/d","show_post_category":"1","show_post_reading_time":"0","post_reading_time_wpm":"300","show_zoom_button":"0","zoom_button_out_step":"2","zoom_button_in_step":"3","show_post_tag":"1","show_prev_next_post":"1","show_popup_post":"1","number_popup_post":"1","show_author_box":"0","show_post_related":"0","show_inline_post_related":"0"}],"override_image_size":"0","image_override":[{"single_post_thumbnail_size":"crop-500","single_post_gallery_size":"crop-500"}],"trending_post":"0","trending_post_position":"meta","trending_post_label":"Trending","sponsored_post":"0","sponsored_post_label":"Sponsored by","sponsored_post_name":"","sponsored_post_url":"","sponsored_post_logo_enable":"0","sponsored_post_logo":"","sponsored_post_desc":"","disable_ad":"0"},"jnews_primary_category":{"id":""},"jnews_social_meta":{"fb_title":"","fb_description":"","fb_image":"","twitter_title":"","twitter_description":"","twitter_image":""},"footnotes":""},"categories":[40],"tags":[],"class_list":["post-309224","post","type-post","status-publish","format-standard","has-post-thumbnail","hentry","category-industria"],"_links":{"self":[{"href":"https:\/\/dimensionturistica.com\/es\/wp-json\/wp\/v2\/posts\/309224","targetHints":{"allow":["GET"]}}],"collection":[{"href":"https:\/\/dimensionturistica.com\/es\/wp-json\/wp\/v2\/posts"}],"about":[{"href":"https:\/\/dimensionturistica.com\/es\/wp-json\/wp\/v2\/types\/post"}],"author":[{"embeddable":true,"href":"https:\/\/dimensionturistica.com\/es\/wp-json\/wp\/v2\/users\/1"}],"replies":[{"embeddable":true,"href":"https:\/\/dimensionturistica.com\/es\/wp-json\/wp\/v2\/comments?post=309224"}],"version-history":[{"count":0,"href":"https:\/\/dimensionturistica.com\/es\/wp-json\/wp\/v2\/posts\/309224\/revisions"}],"wp:featuredmedia":[{"embeddable":true,"href":"https:\/\/dimensionturistica.com\/es\/wp-json\/wp\/v2\/media\/309243"}],"wp:attachment":[{"href":"https:\/\/dimensionturistica.com\/es\/wp-json\/wp\/v2\/media?parent=309224"}],"wp:term":[{"taxonomy":"category","embeddable":true,"href":"https:\/\/dimensionturistica.com\/es\/wp-json\/wp\/v2\/categories?post=309224"},{"taxonomy":"post_tag","embeddable":true,"href":"https:\/\/dimensionturistica.com\/es\/wp-json\/wp\/v2\/tags?post=309224"}],"curies":[{"name":"wp","href":"https:\/\/api.w.org\/{rel}","templated":true}]}}