{"id":308831,"date":"2022-04-28T02:22:43","date_gmt":"2022-04-28T02:22:43","guid":{"rendered":"https:\/\/dimensionturistica.com\/es\/?p=308831"},"modified":"2022-04-28T02:22:43","modified_gmt":"2022-04-28T02:22:43","slug":"rd-inaugura-stand-dominicano-en-feria-de-cruceros-en-miami","status":"publish","type":"post","link":"https:\/\/dimensionturistica.com\/es\/rd-inaugura-stand-dominicano-en-feria-de-cruceros-en-miami\/","title":{"rendered":"RD inaugura Stand dominicano en feria de cruceros en Miami"},"content":{"rendered":"<p> <br \/>\n<\/p>\n<div>\n<p><span><span><span>Miami, Florida. &#8211; El <strong>ministro de Turismo, David Collado<\/strong>, calific\u00f3 de \u201cextraordinaria\u201d la temporada de cruceros que tendr\u00e1 el pa\u00eds este a\u00f1o, registrando <strong>llegada <a rel=\"nofollow noopener\" target=\"_blank\" href=\"https:\/\/presidencia.gob.do\/noticias\/en-solo-dos-dias-siete-cruceros-traen-11700-visitantes-los-puertos-amber-cove-y-taino-bay\">r\u00e9cord <\/a>de visitantes<\/strong> por la v\u00eda mar\u00edtima. <\/span><\/span><\/span><\/p>\n<p><span><span><span>Al dejar inaugurado el <strong>stand dominicano en la Feria de Cruceros de Florida y el Caribe<\/strong> que se celebra en Miami, Estados Unidos, Collado destac\u00f3 el aporte que el sector hace a la econom\u00eda.<\/span><\/span><\/span><\/p>\n<p><span><span><span>Esta tradicional feria es organizada cada a\u00f1o por la Asociaci\u00f3n de Cruceros de Florida y el Caribe, conocida como <strong>FCCA<\/strong> por sus siglas en ingl\u00e9s.<\/span><\/span><\/span><\/p>\n<p><span><span><span>Para el acto inaugural del stand dominicano en la feria de cruceros, el ministro Collado estuvo acompa\u00f1ado de los operadores de Puertos de Rep\u00fablica Dominicana y <strong>Jacobo Fern\u00e1ndez<\/strong>, c\u00f3nsul dominicano en Miami, Florida.<\/span><\/span><\/span><\/p>\n<p><span><span><span>\u201c<em>Hoy dejamos inaugurado este stand en la feria de la FCCA convencidos de que, gracias al trabajo mancomunado que llevamos a cabo con los operadores de puertos y esa alianza estrat\u00e9gica que tenemos con la Asociaci\u00f3n de Cruceros de Florida y el Caribe, tendremos el mejor a\u00f1o en la llegada de cruceristas<\/em>\u201d, dijo Collado.<\/span><\/span><\/span><\/p>\n<p><span><span><span>En el marco de estas actividades, el pa\u00eds fue elegido para ser, en septiembre de este a\u00f1o, <strong>sede de la reuni\u00f3n anual de cruceros<\/strong> que organiza la FCCA.<\/span><\/span><\/span><\/p>\n<p><span><span><span>Se recuerda que el lunes, la Asociaci\u00f3n de Cruceros de Florida y el Caribe le hizo un <strong>reconocimiento al pa\u00eds <\/strong>por su desempe\u00f1o en el <a rel=\"nofollow noopener\" target=\"_blank\" href=\"https:\/\/presidencia.gob.do\/noticias\/en-solo-dos-dias-siete-cruceros-traen-11700-visitantes-los-puertos-amber-cove-y-taino-bay\">turismo de crucero<\/a> y por la recuperaci\u00f3n r\u00e9cord pospandemia.<\/span><\/span><\/span><\/p>\n<\/div>\n\n<p><em> &#8221; Fuentes presidencia.gob.do &#8221; <\/em><\/p>\n","protected":false},"excerpt":{"rendered":"<p>Miami, Florida. &#8211; El ministro de Turismo, David Collado, calific\u00f3 de \u201cextraordinaria\u201d la temporada de cruceros que tendr\u00e1 el pa\u00eds este a\u00f1o, registrando llegada r\u00e9cord de visitantes por la v\u00eda mar\u00edtima. Al dejar inaugurado el stand dominicano en la Feria de Cruceros de Florida y el Caribe que se celebra en Miami, Estados Unidos, Collado [&hellip;]<\/p>\n","protected":false},"author":4,"featured_media":308832,"comment_status":"open","ping_status":"closed","sticky":false,"template":"","format":"standard","meta":{"om_disable_all_campaigns":false,"jnews-multi-image_gallery":[],"jnews_single_post":[],"jnews_primary_category":[],"jnews_social_meta":[],"footnotes":""},"categories":[41],"tags":[544],"class_list":["post-308831","post","type-post","status-publish","format-standard","has-post-thumbnail","hentry","category-cruceros","tag-turismo"],"_links":{"self":[{"href":"https:\/\/dimensionturistica.com\/es\/wp-json\/wp\/v2\/posts\/308831","targetHints":{"allow":["GET"]}}],"collection":[{"href":"https:\/\/dimensionturistica.com\/es\/wp-json\/wp\/v2\/posts"}],"about":[{"href":"https:\/\/dimensionturistica.com\/es\/wp-json\/wp\/v2\/types\/post"}],"author":[{"embeddable":true,"href":"https:\/\/dimensionturistica.com\/es\/wp-json\/wp\/v2\/users\/4"}],"replies":[{"embeddable":true,"href":"https:\/\/dimensionturistica.com\/es\/wp-json\/wp\/v2\/comments?post=308831"}],"version-history":[{"count":0,"href":"https:\/\/dimensionturistica.com\/es\/wp-json\/wp\/v2\/posts\/308831\/revisions"}],"wp:featuredmedia":[{"embeddable":true,"href":"https:\/\/dimensionturistica.com\/es\/wp-json\/wp\/v2\/media\/308832"}],"wp:attachment":[{"href":"https:\/\/dimensionturistica.com\/es\/wp-json\/wp\/v2\/media?parent=308831"}],"wp:term":[{"taxonomy":"category","embeddable":true,"href":"https:\/\/dimensionturistica.com\/es\/wp-json\/wp\/v2\/categories?post=308831"},{"taxonomy":"post_tag","embeddable":true,"href":"https:\/\/dimensionturistica.com\/es\/wp-json\/wp\/v2\/tags?post=308831"}],"curies":[{"name":"wp","href":"https:\/\/api.w.org\/{rel}","templated":true}]}}