{"id":308705,"date":"2022-04-27T21:27:15","date_gmt":"2022-04-27T21:27:15","guid":{"rendered":"https:\/\/dimensionturistica.com\/es\/?p=308705"},"modified":"2022-04-27T21:27:16","modified_gmt":"2022-04-27T21:27:16","slug":"extremadura-alcanzara-en-el-puente-del-2-de-mayo-una-ocupacion-del-70-y-25-noches-por-viajero-segun-las-previsiones-de-turismo","status":"publish","type":"post","link":"https:\/\/dimensionturistica.com\/es\/extremadura-alcanzara-en-el-puente-del-2-de-mayo-una-ocupacion-del-70-y-25-noches-por-viajero-segun-las-previsiones-de-turismo\/","title":{"rendered":"Extremadura alcanzar\u00e1 en el puente del 2 de mayo una ocupaci\u00f3n del 70% y 2,5 noches por viajero, seg\u00fan las previsiones de Turismo"},"content":{"rendered":"<p> <br \/>\n<\/p>\n<div>\n<p>La Direcci\u00f3n Normal de Turismo estima una ocupaci\u00f3n world del 70% y 2,5 noches reservadas de media por viajero en los alojamientos tur\u00edsticos de la regi\u00f3n durante el puente del 2 de mayo, seg\u00fan el informe elaborado por la Universidad de Extremadura para el Ejecutivo regional.<\/p>\n<p>El director basic de Turismo, Francisco Mart\u00edn Sim\u00f3n, ha afirmado hoy en la Comisi\u00f3n de Cultura, Turismo y Deportes de la Asamblea de Extremadura que estas previsiones son \u201celevadas\u201d despu\u00e9s del \u201c\u00e9xito\u201d que ha supuesto la Semana Santa para el sector tur\u00edstico regional, \u201calgo que ha sido un\u00e1nime entre las empresas y la Administraci\u00f3n p\u00fablica\u201d. En su comparecencia, ha destacado la colaboraci\u00f3n de los agentes privados y p\u00fablicos para impulsar la recuperaci\u00f3n del sector tur\u00edstico extreme\u00f1o.<\/p>\n<p><a rel=\"nofollow noopener\" target=\"_blank\" href=\"https:\/\/i0.wp.com\/infoprovincia.net\/wp-content\/uploads\/2022\/04\/20220427_PUENTE_MAYO.jpg?ssl=1\"><img decoding=\"async\" data-attachment-id=\"280020\" data-permalink=\"https:\/\/infoprovincia.net\/2022\/04\/27\/extremadura-alcanzara-en-el-puente-del-2-de-mayo-una-ocupacion-del-70-y-25-noches-por-viajero-segun-las-previsiones-de-turismo\/20220427_puente_mayo\/\" data-orig-file=\"https:\/\/i0.wp.com\/infoprovincia.net\/wp-content\/uploads\/2022\/04\/20220427_PUENTE_MAYO.jpg?fit=779%2C1170&amp;ssl=1\" data-orig-size=\"779,1170\" data-comments-opened=\"1\" data-image-meta=\"{&quot;aperture&quot;:&quot;0&quot;,&quot;credit&quot;:&quot;&quot;,&quot;camera&quot;:&quot;&quot;,&quot;caption&quot;:&quot;&quot;,&quot;created_timestamp&quot;:&quot;0&quot;,&quot;copyright&quot;:&quot;&quot;,&quot;focal_length&quot;:&quot;0&quot;,&quot;iso&quot;:&quot;0&quot;,&quot;shutter_speed&quot;:&quot;0&quot;,&quot;title&quot;:&quot;&quot;,&quot;orientation&quot;:&quot;0&quot;}\" data-image-title=\"20220427_PUENTE_MAYO\" data-image-description=\"\" data-image-caption=\"\" data-medium-file=\"https:\/\/i0.wp.com\/infoprovincia.net\/wp-content\/uploads\/2022\/04\/20220427_PUENTE_MAYO.jpg?fit=200%2C300&amp;ssl=1\" data-large-file=\"https:\/\/i0.wp.com\/infoprovincia.net\/wp-content\/uploads\/2022\/04\/20220427_PUENTE_MAYO.jpg?fit=682%2C1024&amp;ssl=1\" class=\"wp-image-280020 alignright jetpack-lazy-image\" src=\"https:\/\/i0.wp.com\/infoprovincia.net\/wp-content\/uploads\/2022\/04\/20220427_PUENTE_MAYO.jpg?resize=501%2C752&amp;ssl=1\" alt=\"\" width=\"501\" height=\"752\" data-recalc-dims=\"1\" data-lazy-src=\"https:\/\/i0.wp.com\/infoprovincia.net\/wp-content\/uploads\/2022\/04\/20220427_PUENTE_MAYO.jpg?resize=501%2C752&amp;is-pending-load=1#038;ssl=1\" srcset=\"data:image\/gif;base64,R0lGODlhAQABAIAAAAAAAP\/\/\/yH5BAEAAAAALAAAAAABAAEAAAIBRAA7\"\/><noscript><img loading=\"lazy\" decoding=\"async\" data-attachment-id=\"280020\" data-permalink=\"https:\/\/infoprovincia.net\/2022\/04\/27\/extremadura-alcanzara-en-el-puente-del-2-de-mayo-una-ocupacion-del-70-y-25-noches-por-viajero-segun-las-previsiones-de-turismo\/20220427_puente_mayo\/\" data-orig-file=\"https:\/\/i0.wp.com\/infoprovincia.net\/wp-content\/uploads\/2022\/04\/20220427_PUENTE_MAYO.jpg?fit=779%2C1170&amp;ssl=1\" data-orig-size=\"779,1170\" data-comments-opened=\"1\" data-image-meta=\"{&quot;aperture&quot;:&quot;0&quot;,&quot;credit&quot;:&quot;&quot;,&quot;camera&quot;:&quot;&quot;,&quot;caption&quot;:&quot;&quot;,&quot;created_timestamp&quot;:&quot;0&quot;,&quot;copyright&quot;:&quot;&quot;,&quot;focal_length&quot;:&quot;0&quot;,&quot;iso&quot;:&quot;0&quot;,&quot;shutter_speed&quot;:&quot;0&quot;,&quot;title&quot;:&quot;&quot;,&quot;orientation&quot;:&quot;0&quot;}\" data-image-title=\"20220427_PUENTE_MAYO\" data-image-description=\"\" data-image-caption=\"\" data-medium-file=\"https:\/\/i0.wp.com\/infoprovincia.net\/wp-content\/uploads\/2022\/04\/20220427_PUENTE_MAYO.jpg?fit=200%2C300&amp;ssl=1\" data-large-file=\"https:\/\/i0.wp.com\/infoprovincia.net\/wp-content\/uploads\/2022\/04\/20220427_PUENTE_MAYO.jpg?fit=682%2C1024&amp;ssl=1\" alt=\"\" width=\"501\" height=\"752\" data-recalc-dims=\"1\" src=\"https:\/\/i0.wp.com\/infoprovincia.net\/wp-content\/uploads\/2022\/04\/20220427_PUENTE_MAYO.jpg?resize=501%2C752&amp;ssl=1\" class=\"wp-image-280020 alignright lazyload\"\/><noscript><img decoding=\"async\" data-attachment-id=\"280020\" data-permalink=\"https:\/\/infoprovincia.net\/2022\/04\/27\/extremadura-alcanzara-en-el-puente-del-2-de-mayo-una-ocupacion-del-70-y-25-noches-por-viajero-segun-las-previsiones-de-turismo\/20220427_puente_mayo\/\" data-orig-file=\"https:\/\/i0.wp.com\/infoprovincia.net\/wp-content\/uploads\/2022\/04\/20220427_PUENTE_MAYO.jpg?fit=779%2C1170&amp;ssl=1\" data-orig-size=\"779,1170\" data-comments-opened=\"1\" data-image-meta=\"{&quot;aperture&quot;:&quot;0&quot;,&quot;credit&quot;:&quot;&quot;,&quot;camera&quot;:&quot;&quot;,&quot;caption&quot;:&quot;&quot;,&quot;created_timestamp&quot;:&quot;0&quot;,&quot;copyright&quot;:&quot;&quot;,&quot;focal_length&quot;:&quot;0&quot;,&quot;iso&quot;:&quot;0&quot;,&quot;shutter_speed&quot;:&quot;0&quot;,&quot;title&quot;:&quot;&quot;,&quot;orientation&quot;:&quot;0&quot;}\" data-image-title=\"20220427_PUENTE_MAYO\" data-image-description=\"\" data-image-caption=\"\" data-medium-file=\"https:\/\/i0.wp.com\/infoprovincia.net\/wp-content\/uploads\/2022\/04\/20220427_PUENTE_MAYO.jpg?fit=200%2C300&amp;ssl=1\" data-large-file=\"https:\/\/i0.wp.com\/infoprovincia.net\/wp-content\/uploads\/2022\/04\/20220427_PUENTE_MAYO.jpg?fit=682%2C1024&amp;ssl=1\" class=\"wp-image-280020 alignright\" src=\"https:\/\/i0.wp.com\/infoprovincia.net\/wp-content\/uploads\/2022\/04\/20220427_PUENTE_MAYO.jpg?resize=501%2C752&amp;ssl=1\" alt=\"\" width=\"501\" height=\"752\" data-recalc-dims=\"1\"\/><\/noscript><\/noscript><\/a>De acuerdo con el citado informe, la ocupaci\u00f3n llegar\u00e1 al 75% en los apartamentos tur\u00edsticos, al 72% en los alojamientos hoteleros, al 66% en los alojamientos rurales (casas y hoteles), al 60% en los albergues y al 48% en los campings. En cuanto a las ciudades, se prev\u00e9 una ocupaci\u00f3n del 82% en C\u00e1ceres, del 79% en M\u00e9rida, del 75% en Plasencia y del 72% en Badajoz.<\/p>\n<p>El 2 de mayo ser\u00e1 festivo en siete comunidades aut\u00f3nomas, entre ellas, Madrid, que celebra su fiesta regional, y Extremadura, Andaluc\u00eda y Castilla y Le\u00f3n, que trasladan el festivo del 1 de Mayo al lunes. Estas regiones, con Madrid a la cabeza, se sit\u00faan entre los mercados emisores m\u00e1s importantes para el turismo extreme\u00f1o.<\/p>\n<p>ACCIONES DE PROMOCI\u00d3N<\/p>\n<p>Tras la Semana Santa, la Direcci\u00f3n Normal de Turismo ha retomado las acciones de promoci\u00f3n en el mercado nacional e internacional. Adem\u00e1s de la participaci\u00f3n en el Sal\u00f3n Gourmets de Madrid (25-28 de abril), donde la Junta de Extremadura cuenta con un estand, Turismo ha organizado una visita de turoperadores alemanes, que han conocido la oferta de naturaleza, cultura y gastronom\u00eda de la regi\u00f3n.<\/p>\n<p>Entre otros lugares, han visitado est\u00e1n el Parque Nacional de Monfrag\u00fce, M\u00e9rida, La Vera y el Monasterio de Yuste y han descubierto los productos y servicios de las Rutas Gastron\u00f3micas Sostenibles (Queso, Aceite e Ib\u00e9rico \u2018Dehesa de Extremadura\u2019) y de la Ruta del Vino y Cava Ribera del Guadiana.<\/p>\n<p>Adem\u00e1s, a lo largo de esta semana, Turismo, en colaboraci\u00f3n con la Oficina de Turespa\u00f1a en Cant\u00f3n (China), participa en un encuentro digital con turoperadores y agentes de viajes de ese pa\u00eds asi\u00e1tico. Est\u00e1 prevista la realizaci\u00f3n de una treintena de reuniones, as\u00ed como una presentaci\u00f3n del destino Extremadura para los profesionales chinos.<\/p>\n<p>A estas acciones se a\u00f1ade la asistencia al I Foro Internacional de Ecoturismo de Asturias, celebrado en Cangas de On\u00eds el lunes y el martes de esta semana, donde Extremadura ha sido invitada para explicar su modelo de gesti\u00f3n del turismo ornitol\u00f3gico y el funcionamiento del Membership Birding, una iniciativa pionera en Espa\u00f1a en la que colaboran m\u00e1s de 120 socios de los sectores p\u00fablico y privado.<\/p>\n<p>\u00a0<\/p>\n<p>Galer\u00eda de im\u00e1genes<\/p>\n<\/p><\/div>\n\n<p><em> &#8221; Fuentes infoprovincia.net &#8221; <\/em><\/p>\n","protected":false},"excerpt":{"rendered":"<p>La Direcci\u00f3n Normal de Turismo estima una ocupaci\u00f3n world del 70% y 2,5 noches reservadas de media por viajero en los alojamientos tur\u00edsticos de la regi\u00f3n durante el puente del 2 de mayo, seg\u00fan el informe elaborado por la Universidad de Extremadura para el Ejecutivo regional. El director basic de Turismo, Francisco Mart\u00edn Sim\u00f3n, ha [&hellip;]<\/p>\n","protected":false},"author":4,"featured_media":308706,"comment_status":"open","ping_status":"closed","sticky":false,"template":"","format":"standard","meta":{"om_disable_all_campaigns":false,"jnews-multi-image_gallery":[],"jnews_single_post":[],"jnews_primary_category":[],"jnews_social_meta":[],"footnotes":""},"categories":[40],"tags":[544],"class_list":["post-308705","post","type-post","status-publish","format-standard","has-post-thumbnail","hentry","category-industria","tag-turismo"],"_links":{"self":[{"href":"https:\/\/dimensionturistica.com\/es\/wp-json\/wp\/v2\/posts\/308705","targetHints":{"allow":["GET"]}}],"collection":[{"href":"https:\/\/dimensionturistica.com\/es\/wp-json\/wp\/v2\/posts"}],"about":[{"href":"https:\/\/dimensionturistica.com\/es\/wp-json\/wp\/v2\/types\/post"}],"author":[{"embeddable":true,"href":"https:\/\/dimensionturistica.com\/es\/wp-json\/wp\/v2\/users\/4"}],"replies":[{"embeddable":true,"href":"https:\/\/dimensionturistica.com\/es\/wp-json\/wp\/v2\/comments?post=308705"}],"version-history":[{"count":0,"href":"https:\/\/dimensionturistica.com\/es\/wp-json\/wp\/v2\/posts\/308705\/revisions"}],"wp:featuredmedia":[{"embeddable":true,"href":"https:\/\/dimensionturistica.com\/es\/wp-json\/wp\/v2\/media\/308706"}],"wp:attachment":[{"href":"https:\/\/dimensionturistica.com\/es\/wp-json\/wp\/v2\/media?parent=308705"}],"wp:term":[{"taxonomy":"category","embeddable":true,"href":"https:\/\/dimensionturistica.com\/es\/wp-json\/wp\/v2\/categories?post=308705"},{"taxonomy":"post_tag","embeddable":true,"href":"https:\/\/dimensionturistica.com\/es\/wp-json\/wp\/v2\/tags?post=308705"}],"curies":[{"name":"wp","href":"https:\/\/api.w.org\/{rel}","templated":true}]}}