{"id":308698,"date":"2022-04-27T21:32:11","date_gmt":"2022-04-27T21:32:11","guid":{"rendered":"https:\/\/dimensionturistica.com\/es\/?p=308698"},"modified":"2022-04-27T21:36:44","modified_gmt":"2022-04-27T21:36:44","slug":"me-cabo-el-hotel-que-respira-diseno-musica-y-mucho-arte","status":"publish","type":"post","link":"https:\/\/dimensionturistica.com\/es\/me-cabo-el-hotel-que-respira-diseno-musica-y-mucho-arte\/","title":{"rendered":"ME Cabo: el hotel que respira dise\u00f1o, m\u00fasica y mucho arte"},"content":{"rendered":"<p><img decoding=\"async\" class=\" wp-image-308708 alignright\" src=\"https:\/\/dimensionturistica.com\/es\/wp-content\/uploads\/2022\/04\/009MeCabo-Lobby-Sunset-1-300x148.jpg\" alt=\"\" width=\"383\" height=\"189\" srcset=\"https:\/\/dimensionturistica.com\/es\/wp-content\/uploads\/2022\/04\/009MeCabo-Lobby-Sunset-1-300x148.jpg 300w, https:\/\/dimensionturistica.com\/es\/wp-content\/uploads\/2022\/04\/009MeCabo-Lobby-Sunset-1-1024x506.jpg 1024w, https:\/\/dimensionturistica.com\/es\/wp-content\/uploads\/2022\/04\/009MeCabo-Lobby-Sunset-1-768x380.jpg 768w, https:\/\/dimensionturistica.com\/es\/wp-content\/uploads\/2022\/04\/009MeCabo-Lobby-Sunset-1-750x371.jpg 750w, https:\/\/dimensionturistica.com\/es\/wp-content\/uploads\/2022\/04\/009MeCabo-Lobby-Sunset-1-1140x564.jpg 1140w, https:\/\/dimensionturistica.com\/es\/wp-content\/uploads\/2022\/04\/009MeCabo-Lobby-Sunset-1.jpg 1280w\" sizes=\"(max-width: 383px) 100vw, 383px\" \/>ME Cabo, el hotel que fusiona lo mejor del dise\u00f1o contempor\u00e1neo y la cocina internacional de la mano de Grupo Rosa Negra en sus cuatro restaurantes, encarna lo mejor de ambos mundos con su dedicaci\u00f3n a la creaci\u00f3n de experiencias que mezclan la sofisticaci\u00f3n con la elegancia, el buen ambiente, la creatividad y la cultura local. ME Cabo combina a la perfecci\u00f3n la est\u00e9tica contempor\u00e1nea con la verdadera esencia de ME by Meli\u00e1 para el viajero moderno con estilo.<br \/>\nEn esta ocasi\u00f3n \u201cArt for ME\u201d, el programa cultural del renovado ME Cabo, busca impulsar la creatividad de la mano de Hola Lou, el nombre art\u00edstico de Luisa Salas, una ilustradora, dise\u00f1adora y muralista mexicana oriunda del estado de Durango, que actualmente reside en la pen\u00ednsula de Yucat\u00e1n. Curiosa de los contrastes y de la simplicidad compleja, Lou basa sus composiciones abstractas de estilo gr\u00e1fico en m\u00fasica y memorias mayormente. Todos estos elementos vistos desde una perspectiva moderna y minimalista de sus ra\u00edces Latinoamericanas y su influencia del Caribe.<br \/>\n<img decoding=\"async\" class=\" wp-image-308710 alignright\" src=\"https:\/\/dimensionturistica.com\/es\/wp-content\/uploads\/2022\/04\/501MeCabo-El-Me\u0301dano-Beach-300x169.jpg\" alt=\"\" width=\"371\" height=\"209\" srcset=\"https:\/\/dimensionturistica.com\/es\/wp-content\/uploads\/2022\/04\/501MeCabo-El-Me\u0301dano-Beach-300x169.jpg 300w, https:\/\/dimensionturistica.com\/es\/wp-content\/uploads\/2022\/04\/501MeCabo-El-Me\u0301dano-Beach-1024x575.jpg 1024w, https:\/\/dimensionturistica.com\/es\/wp-content\/uploads\/2022\/04\/501MeCabo-El-Me\u0301dano-Beach-768x431.jpg 768w, https:\/\/dimensionturistica.com\/es\/wp-content\/uploads\/2022\/04\/501MeCabo-El-Me\u0301dano-Beach-750x421.jpg 750w, https:\/\/dimensionturistica.com\/es\/wp-content\/uploads\/2022\/04\/501MeCabo-El-Me\u0301dano-Beach-1140x640.jpg 1140w, https:\/\/dimensionturistica.com\/es\/wp-content\/uploads\/2022\/04\/501MeCabo-El-Me\u0301dano-Beach.jpg 1280w\" sizes=\"(max-width: 371px) 100vw, 371px\" \/>La experiencia que vivir\u00e1n los hu\u00e9spedes a partir de esta intervenci\u00f3n se alinea sin\u00e9rgicamente con la marca y lo que representa, pues la artista intervendr\u00e1 una de las principales paredes del hotel con una obra inspirada en los tonos cambiantes del atardecer y el amanecer del ic\u00f3nico arco de Cabo San Lucas, dejando detalles a la imaginaci\u00f3n de cada observador.<br \/>\nEsta intervenci\u00f3n se llevar\u00e1 a cabo del 25 al 30 de abril en el hotel, en donde los hu\u00e9spedes y locales podr\u00e1n ser<\/p>\n<p><img decoding=\"async\" class=\"wp-image-308711 alignleft\" src=\"https:\/\/dimensionturistica.com\/es\/wp-content\/uploads\/2022\/04\/Hola-Lou-169x300.jpg\" alt=\"\" width=\"221\" height=\"392\" srcset=\"https:\/\/dimensionturistica.com\/es\/wp-content\/uploads\/2022\/04\/Hola-Lou-169x300.jpg 169w, https:\/\/dimensionturistica.com\/es\/wp-content\/uploads\/2022\/04\/Hola-Lou-576x1024.jpg 576w, https:\/\/dimensionturistica.com\/es\/wp-content\/uploads\/2022\/04\/Hola-Lou-768x1365.jpg 768w, https:\/\/dimensionturistica.com\/es\/wp-content\/uploads\/2022\/04\/Hola-Lou-864x1536.jpg 864w, https:\/\/dimensionturistica.com\/es\/wp-content\/uploads\/2022\/04\/Hola-Lou-1152x2048.jpg 1152w, https:\/\/dimensionturistica.com\/es\/wp-content\/uploads\/2022\/04\/Hola-Lou-750x1333.jpg 750w, https:\/\/dimensionturistica.com\/es\/wp-content\/uploads\/2022\/04\/Hola-Lou-1140x2027.jpg 1140w, https:\/\/dimensionturistica.com\/es\/wp-content\/uploads\/2022\/04\/Hola-Lou-scaled.jpg 1440w\" sizes=\"(max-width: 221px) 100vw, 221px\" \/><\/p>\n<p>parte activa de la misma, adem\u00e1s de disfrutar una experiencia gastron\u00f3mica \u00fanica junto a Grupo Rosa Negra, en donde el club de playa junto a la piscina, ambientado con lo<\/p>\n<p>\u00faltimo en m\u00fasica y actuaciones en vivo, los har\u00e1n vivir una experiencia \u00fanica deleit\u00e1ndose con cocina mediterr\u00e1nea de alto nivel y bares que ofrecen cocteles exclusivos a base de tequila y mezcal.<br \/>\nME Cabo es un centro social y de moda para una clientela local e internacional muy exigente, que late con un ambiente distintivo. Las habitaciones y suites ofrecen todas las comodidades y lujos imaginables, ya que se adaptan al dise\u00f1o tradicional mexicano con un toque ecl\u00e9ctico, mezclando muebles de madera r\u00fastica con colores vivos y brillantes. As\u00ed como la experiencia wellness de Korpo, el spa que crea una atm\u00f3sfera de serenidad en contraste con el entorno natural de Los Cabos para elevar la estancia de sus hu\u00e9spedes a otro nivel.<\/p>\n","protected":false},"excerpt":{"rendered":"<p>ME Cabo, el hotel que fusiona lo mejor del dise\u00f1o contempor\u00e1neo y la cocina internacional de la mano de Grupo Rosa Negra en sus cuatro restaurantes, encarna lo mejor de ambos mundos con su dedicaci\u00f3n a la creaci\u00f3n de experiencias que mezclan la sofisticaci\u00f3n con la elegancia, el buen ambiente, la creatividad y la cultura [&hellip;]<\/p>\n","protected":false},"author":1,"featured_media":308709,"comment_status":"open","ping_status":"closed","sticky":false,"template":"","format":"standard","meta":{"om_disable_all_campaigns":false,"jnews-multi-image_gallery":[],"jnews_single_post":{"source_name":"","source_url":"","via_name":"","via_url":"","override_template":"0","override":[{"template":"1","single_blog_custom":"","parallax":"1","fullscreen":"1","layout":"right-sidebar","sidebar":"default-sidebar","second_sidebar":"default-sidebar","sticky_sidebar":"1","share_position":"top","share_float_style":"share-monocrhome","show_share_counter":"1","show_view_counter":"1","show_featured":"1","show_post_meta":"1","show_post_author":"1","show_post_author_image":"1","show_post_date":"1","post_date_format":"default","post_date_format_custom":"Y\/m\/d","show_post_category":"1","show_post_reading_time":"0","post_reading_time_wpm":"300","show_zoom_button":"0","zoom_button_out_step":"2","zoom_button_in_step":"3","show_post_tag":"1","show_prev_next_post":"1","show_popup_post":"1","number_popup_post":"1","show_author_box":"0","show_post_related":"0","show_inline_post_related":"0"}],"override_image_size":"0","image_override":[{"single_post_thumbnail_size":"crop-500","single_post_gallery_size":"crop-500"}],"trending_post":"0","trending_post_position":"meta","trending_post_label":"Trending","sponsored_post":"0","sponsored_post_label":"Sponsored by","sponsored_post_name":"","sponsored_post_url":"","sponsored_post_logo_enable":"0","sponsored_post_logo":"","sponsored_post_desc":"","disable_ad":"0"},"jnews_primary_category":{"id":""},"jnews_social_meta":{"fb_title":"","fb_description":"","fb_image":"","twitter_title":"","twitter_description":"","twitter_image":""},"footnotes":""},"categories":[40],"tags":[],"class_list":["post-308698","post","type-post","status-publish","format-standard","has-post-thumbnail","hentry","category-industria"],"_links":{"self":[{"href":"https:\/\/dimensionturistica.com\/es\/wp-json\/wp\/v2\/posts\/308698","targetHints":{"allow":["GET"]}}],"collection":[{"href":"https:\/\/dimensionturistica.com\/es\/wp-json\/wp\/v2\/posts"}],"about":[{"href":"https:\/\/dimensionturistica.com\/es\/wp-json\/wp\/v2\/types\/post"}],"author":[{"embeddable":true,"href":"https:\/\/dimensionturistica.com\/es\/wp-json\/wp\/v2\/users\/1"}],"replies":[{"embeddable":true,"href":"https:\/\/dimensionturistica.com\/es\/wp-json\/wp\/v2\/comments?post=308698"}],"version-history":[{"count":0,"href":"https:\/\/dimensionturistica.com\/es\/wp-json\/wp\/v2\/posts\/308698\/revisions"}],"wp:featuredmedia":[{"embeddable":true,"href":"https:\/\/dimensionturistica.com\/es\/wp-json\/wp\/v2\/media\/308709"}],"wp:attachment":[{"href":"https:\/\/dimensionturistica.com\/es\/wp-json\/wp\/v2\/media?parent=308698"}],"wp:term":[{"taxonomy":"category","embeddable":true,"href":"https:\/\/dimensionturistica.com\/es\/wp-json\/wp\/v2\/categories?post=308698"},{"taxonomy":"post_tag","embeddable":true,"href":"https:\/\/dimensionturistica.com\/es\/wp-json\/wp\/v2\/tags?post=308698"}],"curies":[{"name":"wp","href":"https:\/\/api.w.org\/{rel}","templated":true}]}}