{"id":308472,"date":"2022-04-27T14:55:19","date_gmt":"2022-04-27T14:55:19","guid":{"rendered":"https:\/\/dimensionturistica.com\/es\/?p=308472"},"modified":"2022-04-27T14:55:20","modified_gmt":"2022-04-27T14:55:20","slug":"ebro-foods-gano-415-millones-en-el-primer-trimestre-un-214-menos-efeagro-informacion-agroalimentaria","status":"publish","type":"post","link":"https:\/\/dimensionturistica.com\/es\/ebro-foods-gano-415-millones-en-el-primer-trimestre-un-214-menos-efeagro-informacion-agroalimentaria\/","title":{"rendered":"Ebro Foods gan\u00f3 41,5 millones en el primer trimestre, un 21,4 % menos ~ Efeagro Informaci\u00f3n agroalimentaria"},"content":{"rendered":"<p> <br \/>\n<\/p>\n<div id=\"post-117240\">\n<div class=\"entradilla\">\n<p>La compa\u00f1\u00eda de arroz y pasta Ebro Meals registr\u00f3 un beneficio neto de 41,5 millones de euros al cierre del primer trimestre de 2022, lo que supone una ca\u00edda del 21,4 % respecto al mismo per\u00edodo del a\u00f1o anterior, que fue de 52,8 millones de euros.<\/p>\n<\/p><\/div>\n<p>&#13;<br \/>\n\t\t\t\t\t<span class=\"fecha\">27 abril 2022<\/span>&#13;\n                <\/p>\n<p>&#13;<br \/>\n\t\t\t\t\t<span class=\"autor_fuente\">&#13;<br \/>\n\t\t\t\t\tEFEAGRO \t\t\t\t\t<\/span>&#13;\n                <\/p>\n<\/p><\/div>\n<div>\n<p>As\u00ed lo ha comunicado la empresa este mi\u00e9rcoles en un comunicado en el que ha explicado que el importe del a\u00f1o pasado inclu\u00eda el <strong>ingreso extraordinario<\/strong> de la venta de los negocios de pasta seca en norteam\u00e9rica.<\/p>\n<p>En ese sentido, ha destacado que si se excluyen de la comparativa la contribuci\u00f3n de los negocios vendidos en 2021 (Panzani, Catelli y negocio de pasta seca estadounidense) el beneficio neto en este primer trimestre aumenta un 14,5 %.<\/p>\n<p>En un contexto de <strong>aumento inflacionario<\/strong>, la empresa ha calificado los <strong>resultados como \u00abpositivos\u00bb.<\/strong><\/p>\n<p>Las ventas entre enero y marzo de este a\u00f1o<strong> ascendieron hasta los 725,8 millones, un 23,9 % m\u00e1s que en el primer trimestre de 2021.<\/strong><\/p>\n<p>Es un resultado \u00abimpulsado por el buen comportamiento de los productos de alto valor a\u00f1adido y una cadena de suministro s\u00f3lida y bien diversificada\u00bb, seg\u00fan han explicado los responsables de Ebro Meals, uno de los mayores fabricantes mundiales de arroz y pasta.<\/p>\n<div id=\"attachment_89100\" style=\"width: 910px\" class=\"caption alignnone\"><img decoding=\"async\" aria-describedby=\"caption-attachment-89100\" loading=\"lazy\" class=\"wp-image-89100 size-full\" src=\"https:\/\/www.efeagro.com\/storage\/sites\/2\/2020\/04\/arroz-Vietnam-EPA-Luong-Thai-Linh.jpg\" alt=\"Una muestra de arroz en un mercado. Efeagro\/LuongThai Linh\" width=\"900\" height=\"600\" srcset=\"https:\/\/www.efeagro.com\/storage\/sites\/2\/2020\/04\/arroz-Vietnam-EPA-Luong-Thai-Linh.jpg 900w, https:\/\/www.efeagro.com\/storage\/sites\/2\/2020\/04\/arroz-Vietnam-EPA-Luong-Thai-Linh-300x200.jpg 300w, https:\/\/www.efeagro.com\/storage\/sites\/2\/2020\/04\/arroz-Vietnam-EPA-Luong-Thai-Linh-768x512.jpg 768w\" sizes=\"auto, (max-width: 900px) 100vw, 900px\"\/><\/p>\n<p id=\"caption-attachment-89100\" class=\"caption-text\">Una muestra de arroz en un mercado. Efeagro\/LuongThai Linh<\/p>\n<\/div>\n<p><strong>El Ebitda-A subi\u00f3 hasta los 87 millones de euros<\/strong>, un 11,2 % m\u00e1s que el mismo per\u00edodo de 2021.En tanto, la deuda neta se situ\u00f3 en 555,1 millones de euros, lo que significa 50 millones de euros m\u00e1s que a cierre del ejercicio 2021.<\/p>\n<p>Esta cifra recoge 18,2 millones de euros inversiones en bienes de capital (Capex) y <strong>un incremento de 72,3 millones de euros<\/strong> en el circulante sobre el cierre del ejercicio anterior, por los precios m\u00e1s altos de los shares y las fuertes posiciones tomadas en materias primas durante el trimestre, ha indicado la empresa.<\/p>\n<p>Adem\u00e1s, la deuda contempla el pago de 44,8 millones de euros por el impuesto de sociedades.<\/p>\n<h2>Resultados por l\u00edneas de negocio<\/h2>\n<p>Por divisiones, la cifra de ventas de arroz, \u00e1rea en el que opera con marcas como SOS o Brillante, <strong>se situ\u00f3 en 562,3 millones<\/strong>, un 24,2 % m\u00e1s que los 452,6 millones del primer trimestre de 2021.<\/p>\n<p>La compa\u00f1\u00eda ha indicado que ha encontrado <strong>un mercado de materia prima en este sector de precios fuertes ante las perspectivas de reducci\u00f3n de la superficie cultivada,<\/strong> siembras anticipadas inferiores y factores de competencia con otros cereales, y que tuvo que asumir un \u00abalt\u00edsimo coste los fletes mar\u00edtimos\u00bb.<\/p>\n<p>En lo que respecta a las marcas de esta divisi\u00f3n, ha destacado el crecimiento a doble d\u00edgito de Riviana as\u00ed como la compra del negocio de InHarvest por 48,7 millones de euros, una operaci\u00f3n que la compa\u00f1\u00eda califica como de \u00abimportante inter\u00e9s estrat\u00e9gico\u00bb.<\/p>\n<p>En tanto, en el apartado de <strong>las pastas la cifra de ventas entre enero y marzo se situ\u00f3 en 166,1 millones de euros<\/strong>, un 19,2 % m\u00e1s que los 139,3 millones del mismo periodo del a\u00f1o anterior.<\/p>\n<p>En esta divisi\u00f3n, la compa\u00f1\u00eda ha indicado que tuvo que afrontar una \u00abimportante subida de precios\u00bb del trigo duro que afect\u00f3 fundamentalmente al negocio de su marca Garofalo, aunque destac\u00f3 que esta ense\u00f1a \u00abcontin\u00faa liderando el premium y crece en los principales pa\u00edses en que opera\u00bb.<\/p>\n<p>A tener en cuenta para el an\u00e1lisis de los resultados de ambas \u00e1reas, la empresa ha informado de que se ha reclasificado el negocio de arroz de Panzani desde la divisi\u00f3n de pasta a la de arroz.<\/p>\n<h2>Un trimestre \u00abmuy complicado\u00bb<\/h2>\n<p>Ebro Meals ha expresado que en este primer trimestre del a\u00f1o ha sufrido los \u00abefectos colaterales\u00bb de la invasi\u00f3n rusa de Ucrania pese a que la empresa no tiene ning\u00fan tipo de actividad en esos pa\u00edses.<\/p>\n<p>As\u00ed, ha indicado que <strong>debido al conflicto b\u00e9lico<\/strong> la inflaci\u00f3n se ha \u00abrecrudecido\u00bb y han tenido que incurrir en \u00absobrecostes extraordinarios\u00bb en la adquisici\u00f3n de materias primas y auxiliares, transporte, energ\u00eda y costes laborales.<\/p>\n<p><strong>En lo anterior tambi\u00e9n influy\u00f3 la huelga de transporte que hubo en Espa\u00f1a<\/strong> en marzo por el encarecimiento del flamable, ha abundado la empresa.<br \/>Por todo ello, la \u00faltima valoraci\u00f3n de la empresa ha situado la inflaci\u00f3n de costes para este ejercicio en 234,4 millones de euros, que se unen a la inflaci\u00f3n ya soportada durante 2020 y 2021.<\/p>\n<p>El a\u00f1o pasado, Ebro Meals registr\u00f3 un beneficio neto de 238,6 millones de euros, lo que supuso un incremento del 24 % respecto a 2020.<\/p>\n<\/p><\/div>\n<p><script>(function(d, s, id) {\n  var js, fjs = d.getElementsByTagName(s)[0];\n  if (d.getElementById(id)) return;\n  js = d.createElement(s); js.id = id;\n  js.src = \"\/\/connect.facebook.net\/es_ES\/all.js#xfbml=1&appId=426019907525595\";\n  fjs.parentNode.insertBefore(js, fjs);\n}(document, 'script', 'facebook-jssdk'));<\/script><br \/>\n<br \/><\/p>\n<p><em> \u2018 The preceding article may include information circulated by third parties \u2019 <\/em><\/p>\n<p><em> \u2018 Some details of this article were extracted from the following source www.efeagro.com \u2019 <\/em><\/p>\n","protected":false},"excerpt":{"rendered":"<p>La compa\u00f1\u00eda de arroz y pasta Ebro Meals registr\u00f3 un beneficio neto de 41,5 millones de euros al cierre del primer trimestre de 2022, lo que supone una ca\u00edda del 21,4 % respecto al mismo per\u00edodo del a\u00f1o anterior, que fue de 52,8 millones de euros. &#13; 27 abril 2022&#13; &#13; &#13; EFEAGRO &#13; As\u00ed [&hellip;]<\/p>\n","protected":false},"author":2,"featured_media":308473,"comment_status":"open","ping_status":"closed","sticky":false,"template":"","format":"standard","meta":{"om_disable_all_campaigns":false,"jnews-multi-image_gallery":[],"jnews_single_post":[],"jnews_primary_category":[],"jnews_social_meta":[],"footnotes":""},"categories":[43],"tags":[],"class_list":["post-308472","post","type-post","status-publish","format-standard","has-post-thumbnail","hentry","category-gourmet"],"_links":{"self":[{"href":"https:\/\/dimensionturistica.com\/es\/wp-json\/wp\/v2\/posts\/308472","targetHints":{"allow":["GET"]}}],"collection":[{"href":"https:\/\/dimensionturistica.com\/es\/wp-json\/wp\/v2\/posts"}],"about":[{"href":"https:\/\/dimensionturistica.com\/es\/wp-json\/wp\/v2\/types\/post"}],"author":[{"embeddable":true,"href":"https:\/\/dimensionturistica.com\/es\/wp-json\/wp\/v2\/users\/2"}],"replies":[{"embeddable":true,"href":"https:\/\/dimensionturistica.com\/es\/wp-json\/wp\/v2\/comments?post=308472"}],"version-history":[{"count":0,"href":"https:\/\/dimensionturistica.com\/es\/wp-json\/wp\/v2\/posts\/308472\/revisions"}],"wp:featuredmedia":[{"embeddable":true,"href":"https:\/\/dimensionturistica.com\/es\/wp-json\/wp\/v2\/media\/308473"}],"wp:attachment":[{"href":"https:\/\/dimensionturistica.com\/es\/wp-json\/wp\/v2\/media?parent=308472"}],"wp:term":[{"taxonomy":"category","embeddable":true,"href":"https:\/\/dimensionturistica.com\/es\/wp-json\/wp\/v2\/categories?post=308472"},{"taxonomy":"post_tag","embeddable":true,"href":"https:\/\/dimensionturistica.com\/es\/wp-json\/wp\/v2\/tags?post=308472"}],"curies":[{"name":"wp","href":"https:\/\/api.w.org\/{rel}","templated":true}]}}