{"id":308362,"date":"2022-04-27T10:01:18","date_gmt":"2022-04-27T10:01:18","guid":{"rendered":"https:\/\/dimensionturistica.com\/es\/?p=308362"},"modified":"2022-04-27T10:01:19","modified_gmt":"2022-04-27T10:01:19","slug":"las-agencias-de-viajes-descartan-la-recuperacion-completa-hasta-el-ano-que-viene","status":"publish","type":"post","link":"https:\/\/dimensionturistica.com\/es\/las-agencias-de-viajes-descartan-la-recuperacion-completa-hasta-el-ano-que-viene\/","title":{"rendered":"Las agencias de viajes descartan la recuperaci\u00f3n completa hasta el a\u00f1o que viene"},"content":{"rendered":"<p> <br \/>\n<\/p>\n<div>\n<p>Las <strong>agencias de viajes<\/strong> siguen sin levantar cabeza tras la mayor <strong>disaster tur\u00edstica<\/strong> que se recuerda por la <strong>pandemia<\/strong>. Pese al convencimiento de que la recuperaci\u00f3n de los niveles de actividad de 2019 no se alcanzar\u00e1 hasta el a\u00f1o que viene, los primeros s\u00edntomas de mejora empiezan a llegar con la asignatura pendiente del restablecimiento del<strong> turismo internacional<\/strong>. <\/p>\n<p>Un 76% de las agencias de viajes de la patronal <strong>Acave<\/strong> afirma que ha iniciado la recuperaci\u00f3n aunque manifiestan que no alcanzar\u00e1 el nivel de 2019 hasta pr\u00f3ximo a\u00f1o. Tras una Semana Santa globalmente positiva, en la que el 35% de las agencias cube haber igualado la facturaci\u00f3n de una campa\u00f1a prepandemia, otro 60% advierte de que los resultados no han alcanzado los niveles de 2019.<\/p>\n<p>Una muestra de la crudeza de la pasada disaster es que el 40% de las agencias todav\u00eda ha recurrido a f\u00f3rmulas de regulaci\u00f3n de plantilla. La encuesta realizada entre las 450 agencias asociadas a Acave en toda Espa\u00f1a dibuja un escenario en el que<strong> las incertidumbres se mantienen<\/strong>. Principalmente los efectos de la guerra de Ucrania, pero tambi\u00e9n los temores a nuevas olas de extensi\u00f3n del coronavirus tras la retirada de las mascarillas de las calles.<\/p>\n<p>Solo el 22% de las agencias consultadas afirma haber recuperado ya el 100% del nivel de reservas y facturaci\u00f3n anterior a la pandemia, y que esperan que estas cifras se mantengan para el conjunto de 2022. Solo un 2% de las agencias considera que necesitar\u00e1 2 o 3 a\u00f1os para la whole recuperaci\u00f3n de niveles de facturaci\u00f3n. <strong>Jordi Mart\u00ed<\/strong>, presidente de Acave, considera que &#8220;debemos ser optimistas pero prudentes. Estos \u00faltimos tres a\u00f1os han sido muy duros para el sector de las agencias de viajes y por el camino se ha perdido un 15% de los puestos de trabajo. Despu\u00e9s de varios arranques en falso a causa de las sucesivas olas de la pandemia, esta Semana Santa ha sido la primera con una operativa normalizada y sin restricciones. Cada vez son m\u00e1s los mercados que est\u00e1n abri\u00e9ndose y eliminando las barreras. Si las previsiones se mantienen y el verano sigue esta misma tendencia, muchas empresas podr\u00e1n consolidar este crecimiento&#8221;. <\/p>\n<p>\t<span class=\"smallTitle center\">Noticias relacionadas<\/span><\/p>\n<p>Para <strong>Catiana Tur<\/strong>, gerente de Acave, se constata el inicio de una fase de recuperaci\u00f3n con la &#8220;esperanza&#8221; de que no se recrudezca la pandemia y dependiendo de la evoluci\u00f3n del turismo internacional, que es del que dependen la mayor\u00eda de agencias de viajes espa\u00f1olas, tanto emisoras como receptivas. En cualquier caso, tanto Tur como Mart\u00ed han coincidido en que las ganas de viajar se mantienen y no puede descartarse que la compra de viajes al extranjero se revitalice para la campa\u00f1a del pr\u00f3ximo verano.  <\/p>\n<p>En t\u00e9rminos de situaci\u00f3n operativa de las agencias, un 60% de las empresas afirman que est\u00e1n abiertas y operando al 100% con todo el private fuera de erte. Pero un 44% considera que el nivel de reservas y facturaci\u00f3n de la temporada de verano se situar\u00e1 todav\u00eda entre un 20% y un 40% por debajo de 2019, mientras que un 22% de las agencias emisoras esperan repetir este verano los resultados de 2019, confirmando as\u00ed que han superado la disaster. <\/p>\n<\/p><\/div>\n\n<p><em> &#8221; Fuentes www.elperiodico.com &#8221; <\/em><\/p>\n","protected":false},"excerpt":{"rendered":"<p>Las agencias de viajes siguen sin levantar cabeza tras la mayor disaster tur\u00edstica que se recuerda por la pandemia. Pese al convencimiento de que la recuperaci\u00f3n de los niveles de actividad de 2019 no se alcanzar\u00e1 hasta el a\u00f1o que viene, los primeros s\u00edntomas de mejora empiezan a llegar con la asignatura pendiente del restablecimiento [&hellip;]<\/p>\n","protected":false},"author":4,"featured_media":308363,"comment_status":"open","ping_status":"closed","sticky":false,"template":"","format":"standard","meta":{"om_disable_all_campaigns":false,"jnews-multi-image_gallery":[],"jnews_single_post":[],"jnews_primary_category":[],"jnews_social_meta":[],"footnotes":""},"categories":[39],"tags":[544,545],"class_list":["post-308362","post","type-post","status-publish","format-standard","has-post-thumbnail","hentry","category-viajes","tag-turismo","tag-viajes"],"_links":{"self":[{"href":"https:\/\/dimensionturistica.com\/es\/wp-json\/wp\/v2\/posts\/308362","targetHints":{"allow":["GET"]}}],"collection":[{"href":"https:\/\/dimensionturistica.com\/es\/wp-json\/wp\/v2\/posts"}],"about":[{"href":"https:\/\/dimensionturistica.com\/es\/wp-json\/wp\/v2\/types\/post"}],"author":[{"embeddable":true,"href":"https:\/\/dimensionturistica.com\/es\/wp-json\/wp\/v2\/users\/4"}],"replies":[{"embeddable":true,"href":"https:\/\/dimensionturistica.com\/es\/wp-json\/wp\/v2\/comments?post=308362"}],"version-history":[{"count":0,"href":"https:\/\/dimensionturistica.com\/es\/wp-json\/wp\/v2\/posts\/308362\/revisions"}],"wp:featuredmedia":[{"embeddable":true,"href":"https:\/\/dimensionturistica.com\/es\/wp-json\/wp\/v2\/media\/308363"}],"wp:attachment":[{"href":"https:\/\/dimensionturistica.com\/es\/wp-json\/wp\/v2\/media?parent=308362"}],"wp:term":[{"taxonomy":"category","embeddable":true,"href":"https:\/\/dimensionturistica.com\/es\/wp-json\/wp\/v2\/categories?post=308362"},{"taxonomy":"post_tag","embeddable":true,"href":"https:\/\/dimensionturistica.com\/es\/wp-json\/wp\/v2\/tags?post=308362"}],"curies":[{"name":"wp","href":"https:\/\/api.w.org\/{rel}","templated":true}]}}