{"id":308342,"date":"2022-04-27T09:30:28","date_gmt":"2022-04-27T09:30:28","guid":{"rendered":"https:\/\/dimensionturistica.com\/es\/?p=308342"},"modified":"2022-04-27T09:30:29","modified_gmt":"2022-04-27T09:30:29","slug":"los-agentes-de-viajes-aumentar-su-productividad-para-animar-las-ventas-de-verano","status":"publish","type":"post","link":"https:\/\/dimensionturistica.com\/es\/los-agentes-de-viajes-aumentar-su-productividad-para-animar-las-ventas-de-verano\/","title":{"rendered":"Los agentes de viajes, aumentar su productividad para animar las ventas de verano"},"content":{"rendered":"<p> <br \/>\n<\/p>\n<div>\n<p>Travelteca, la primera escuela on-line creada por y para profesionales del turismo, abre inscripciones para su II Congreso de Advertising and marketing Tur\u00edstico On-line y Offline que tendr\u00e1 lugar el pr\u00f3ximo 17 y 18 de mayo bajo el concepto \u201c4 semanas para vender el verano\u201d. El objetivo de estas jornadas formativas e interactivas es que los profesionales del sector tur\u00edstico, como los agentes de viajes, adquieran las estrategias y herramientas que les permitan ser m\u00e1s eficientes y aumentar su productividad para animar las ventas de \u00faltima hora para el pr\u00f3ximo verano.<\/p>\n<p>El congreso agrupar\u00e1 un whole de 12 ponencias y talleres que, durante los dos d\u00edas, tratar\u00e1n las distintas opciones existentes para optimizar el previsible volumen de trabajo de las \u00faltimas semanas antes de la temporada estival. A diferencia de un congreso tradicional, este II Congreso de Advertising and marketing Tur\u00edstico On-line y Offline, que se celebra de forma digital en directo, apuesta por la formaci\u00f3n con ponencias en formato taller pr\u00e1ctico. Los asistentes realizar\u00e1n ejercicios para implementar despu\u00e9s de forma aut\u00f3noma las diferentes t\u00e9cnicas como el uso de WhatsApp Enterprise, del e mail advertising o de las redes sociales, entre otras muchas. Adem\u00e1s, durante los descansos de la comida, se aprovechar\u00e1 para hacer din\u00e1micas de networking guiadas por Eider Bueno.<\/p>\n<p>En palabras de \u00c1ngela Fern\u00e1ndez, fundadora de Travelteca, \u201cla incertidumbre causada por la guerra de Ucrania y lo vivido con la pandemia ha acrecentado la tendencia de reservar a \u00faltima hora y, por eso, si bien muchas agencias a\u00fan no tendr\u00e1n el 100% de sus plantillas en activo, se espera una avalancha de trabajo en los pr\u00f3ximos meses. Este congreso sirve para que los agentes de viajes puedan implementar m\u00e1s de 10 estrategias de marketing diferentes muy sencillas de aplicar para ser m\u00e1s productivos y vender m\u00e1s, como una gesti\u00f3n eficiente del email o explotar su base de datos de tel\u00e9fonos con WhatsApp Business\u201d.<\/p>\n<div class=\"wysiwyg-photo\"><img decoding=\"async\" src=\"https:\/\/static.hosteltur.com\/app\/public\/uploads\/img\/releases\/2022\/04\/25\/L_161252_congreso-de-marketing-turistico-online-y-offline.jpg\" alt=\"Imagen nota de prensa Hosteltur\" width=\"734\" height=\"459\"\/><\/div>\n<p><strong>Un programa de 2 d\u00edas y 12 ponencias pr\u00e1cticas interactivas<\/strong><\/p>\n<p>El congreso on-line, que se celebra en directo el mi\u00e9rcoles 17 y jueves 18 de mayo, dar\u00e1 comienzo a las 09.30 horas con una breve introducci\u00f3n de \u00c1ngela Fern\u00e1ndez. Cada jornada est\u00e1 dividida en dos partes por un descanso \u201clunch-working\u201d donde los asistentes podr\u00e1n darse a conocer. Asimismo, el primer d\u00eda habr\u00e1 un descanso a las 11.00 horas llamado Tea Time en el que AIRMET, como patrocinador, expondr\u00e1 sus novedades a los asistentes.<\/p>\n<p>El primer d\u00eda estar\u00e1 centrado en los talleres sobre productividad y en las opciones digitales que pueden aprovechar los profesionales tur\u00edsticos, como talleres sobre gesti\u00f3n eficiente del e mail o el uso de herramientas como Calendly y Canva. Se compondr\u00e1 de 7 charlas a cargo de \u00c1ngela Fern\u00e1ndez, Eider Bueno y Conchi Sanjer\u00f3nimo. Al ultimate del d\u00eda, en el espacio de una hora llamado \u201cTengo una pregunta\u201d, se resolver\u00e1n las dudas que hayan podido surgir entre los asistentes.<\/p>\n<p>El jueves comenzar\u00e1 con un nuevo turno de preguntas y respuestas. A continuaci\u00f3n, el congreso seguir\u00e1 con parte de contenido sobre estrategias de advertising como el uso del e mail advertising o WhatsApp Enterprise, e incluso, publicidad offline y on-line, experiencia de cliente y la aparici\u00f3n en medios. En esta segunda jornada, los encargados de formar a los asistentes ser\u00e1n \u00c1ngela Fern\u00e1ndez, Eider Bueno, Rafa Villegas, Sergio Flecha, Alba Prieto y Conchi Sanjer\u00f3nimo. Para finalizar, habr\u00e1 un after congress en el que los asistentes podr\u00e1n interactuar, una vez m\u00e1s, con los ponentes.<\/p>\n<p>Durante los dos d\u00edas y las 12 ponencias, los asistentes dispondr\u00e1n de materials de trabajo para que puedan ir planteando sus acciones en vivo y podr\u00e1n interactuar con los expertos. De este modo, seg\u00fan termine esta jornada pr\u00e1ctica podr\u00e1n poner en marcha las diferentes t\u00e9cnicas adquiridas durante el congreso con el fin \u00faltimo de aumentar su productividad, ser m\u00e1s eficientes y animar las ventas de \u00faltima hora para el verano de 2022.<\/p>\n<p>Al tratarse de un congreso formativo, existe la posibilidad de bonificaci\u00f3n. Los asistentes pueden hacer uso del cr\u00e9dito anual de formaci\u00f3n profesional de FUNDAE o bien del cr\u00e9dito adicional concedido por la pr\u00f3rroga de los ERTE.<\/p>\n<div class=\"wysiwyg-embed\">\n<div class=\"embed\">\n<div class=\"wysiwyg-embed\">\n<div class=\"embed\">\n<div class=\"wysiwyg-photo\"><img decoding=\"async\" src=\"https:\/\/static.hosteltur.com\/app\/public\/uploads\/img\/releases\/2022\/04\/27\/L_111808_ponencia-angela-convencion-airmet.jpg\" alt=\"Imagen nota de prensa Hosteltur\" width=\"2000\" height=\"1000\"\/><\/div><\/div><\/div><\/div><\/div><\/div>\n\n<p><em> &#8221; Fuentes www.hosteltur.com &#8221; <\/em><\/p>\n","protected":false},"excerpt":{"rendered":"<p>Travelteca, la primera escuela on-line creada por y para profesionales del turismo, abre inscripciones para su II Congreso de Advertising and marketing Tur\u00edstico On-line y Offline que tendr\u00e1 lugar el pr\u00f3ximo 17 y 18 de mayo bajo el concepto \u201c4 semanas para vender el verano\u201d. El objetivo de estas jornadas formativas e interactivas es que [&hellip;]<\/p>\n","protected":false},"author":4,"featured_media":308343,"comment_status":"open","ping_status":"closed","sticky":false,"template":"","format":"standard","meta":{"om_disable_all_campaigns":false,"jnews-multi-image_gallery":[],"jnews_single_post":[],"jnews_primary_category":[],"jnews_social_meta":[],"footnotes":""},"categories":[40],"tags":[572],"class_list":["post-308342","post","type-post","status-publish","format-standard","has-post-thumbnail","hentry","category-industria","tag-distribucion"],"_links":{"self":[{"href":"https:\/\/dimensionturistica.com\/es\/wp-json\/wp\/v2\/posts\/308342","targetHints":{"allow":["GET"]}}],"collection":[{"href":"https:\/\/dimensionturistica.com\/es\/wp-json\/wp\/v2\/posts"}],"about":[{"href":"https:\/\/dimensionturistica.com\/es\/wp-json\/wp\/v2\/types\/post"}],"author":[{"embeddable":true,"href":"https:\/\/dimensionturistica.com\/es\/wp-json\/wp\/v2\/users\/4"}],"replies":[{"embeddable":true,"href":"https:\/\/dimensionturistica.com\/es\/wp-json\/wp\/v2\/comments?post=308342"}],"version-history":[{"count":0,"href":"https:\/\/dimensionturistica.com\/es\/wp-json\/wp\/v2\/posts\/308342\/revisions"}],"wp:featuredmedia":[{"embeddable":true,"href":"https:\/\/dimensionturistica.com\/es\/wp-json\/wp\/v2\/media\/308343"}],"wp:attachment":[{"href":"https:\/\/dimensionturistica.com\/es\/wp-json\/wp\/v2\/media?parent=308342"}],"wp:term":[{"taxonomy":"category","embeddable":true,"href":"https:\/\/dimensionturistica.com\/es\/wp-json\/wp\/v2\/categories?post=308342"},{"taxonomy":"post_tag","embeddable":true,"href":"https:\/\/dimensionturistica.com\/es\/wp-json\/wp\/v2\/tags?post=308342"}],"curies":[{"name":"wp","href":"https:\/\/api.w.org\/{rel}","templated":true}]}}