{"id":308063,"date":"2022-04-26T19:43:02","date_gmt":"2022-04-26T19:43:02","guid":{"rendered":"https:\/\/dimensionturistica.com\/es\/?p=308063"},"modified":"2022-04-26T19:43:02","modified_gmt":"2022-04-26T19:43:02","slug":"viva-aerobus-en-union-con-el-gobierno-de-nuevo-laredo-inauguro-su-ruta-nuevo-laredo-cdmx","status":"publish","type":"post","link":"https:\/\/dimensionturistica.com\/es\/viva-aerobus-en-union-con-el-gobierno-de-nuevo-laredo-inauguro-su-ruta-nuevo-laredo-cdmx\/","title":{"rendered":"Viva Aerobus en uni\u00f3n con el Gobierno de Nuevo Laredo, inauguro su  ruta Nuevo Laredo &#8211; &#8211; CDMX"},"content":{"rendered":"<p><img decoding=\"async\" class=\"size-medium wp-image-308088 alignright\" src=\"https:\/\/dimensionturistica.com\/es\/wp-content\/uploads\/2022\/04\/Viva-Aerobus_Nuevo-Laredo-Ciudad-de-Mexico-1-300x225.jpeg\" alt=\"\" width=\"300\" height=\"225\" srcset=\"https:\/\/dimensionturistica.com\/es\/wp-content\/uploads\/2022\/04\/Viva-Aerobus_Nuevo-Laredo-Ciudad-de-Mexico-1-300x225.jpeg 300w, https:\/\/dimensionturistica.com\/es\/wp-content\/uploads\/2022\/04\/Viva-Aerobus_Nuevo-Laredo-Ciudad-de-Mexico-1-1024x768.jpeg 1024w, https:\/\/dimensionturistica.com\/es\/wp-content\/uploads\/2022\/04\/Viva-Aerobus_Nuevo-Laredo-Ciudad-de-Mexico-1-768x576.jpeg 768w, https:\/\/dimensionturistica.com\/es\/wp-content\/uploads\/2022\/04\/Viva-Aerobus_Nuevo-Laredo-Ciudad-de-Mexico-1-1536x1152.jpeg 1536w, https:\/\/dimensionturistica.com\/es\/wp-content\/uploads\/2022\/04\/Viva-Aerobus_Nuevo-Laredo-Ciudad-de-Mexico-1-750x563.jpeg 750w, https:\/\/dimensionturistica.com\/es\/wp-content\/uploads\/2022\/04\/Viva-Aerobus_Nuevo-Laredo-Ciudad-de-Mexico-1-1140x855.jpeg 1140w, https:\/\/dimensionturistica.com\/es\/wp-content\/uploads\/2022\/04\/Viva-Aerobus_Nuevo-Laredo-Ciudad-de-Mexico-1.jpeg 1600w\" sizes=\"(max-width: 300px) 100vw, 300px\" \/>Con el tradicional bautizo a la aeronave Airbus A321, bajo un arco de agua formado por dos camiones de bomberos, el Aeropuerto Internacional de Nuevo Laredo recibi\u00f3 a las 15:35 horas el primer vuelo de Viva Aerobus proveniente del Aeropuerto Internacional de la Ciudad de M\u00e9xico (AICM) con una ocupaci\u00f3n superior al 90%.<br \/>\nEl evento de bienvenida del vuelo VB1504 cont\u00f3 con la asistencia de la alcaldesa de Nuevo Laredo, Carmen Lilia Canturosas, directivos deViva Aerobus y otras autoridades locales, quienes realizaron el cl\u00e1sico corte de list\u00f3n a manera de inauguraci\u00f3n de esta ruta.<br \/>\n\u201cDesde el primer d\u00eda de gobierno hemos trabajado de la mano con la sociedad e iniciativa privada para elevar la competitividad de la ciudad. Gracias a esa sinergia, hoy se vive una nueva era. Con gusto damos la bienvenida a este vuelo a la Ciudad de M\u00e9xico que, sin duda, abona al desarrollo econ\u00f3mico y nos compromete a seguir por este camino de progreso. Agradezco la confianza a Viva Aerobus y les reitero mi compromiso de continuar impulsando a Nuevo Laredo, el nuevo coraz\u00f3n de Tamaulipas\u201d, afirm\u00f3 la alcaldesa Carmen Lilia Canturosas.<br \/>\nNuevo Laredo \u2013 Ciudad de M\u00e9xico ofrece tres vuelos a la semana (martes, jueves y s\u00e1bado) a precios que inician desde los $256 pesos en viaje sencillo, m\u00e1s el pago por la Tarifa de Uso <img decoding=\"async\" class=\"size-medium wp-image-308089 alignleft\" src=\"https:\/\/dimensionturistica.com\/es\/wp-content\/uploads\/2022\/04\/Viva-Aerobus_Nuevo-Laredo-Ciudad-de-Mexico-2-300x225.jpeg\" alt=\"\" width=\"300\" height=\"225\" srcset=\"https:\/\/dimensionturistica.com\/es\/wp-content\/uploads\/2022\/04\/Viva-Aerobus_Nuevo-Laredo-Ciudad-de-Mexico-2-300x225.jpeg 300w, https:\/\/dimensionturistica.com\/es\/wp-content\/uploads\/2022\/04\/Viva-Aerobus_Nuevo-Laredo-Ciudad-de-Mexico-2-1024x768.jpeg 1024w, https:\/\/dimensionturistica.com\/es\/wp-content\/uploads\/2022\/04\/Viva-Aerobus_Nuevo-Laredo-Ciudad-de-Mexico-2-768x576.jpeg 768w, https:\/\/dimensionturistica.com\/es\/wp-content\/uploads\/2022\/04\/Viva-Aerobus_Nuevo-Laredo-Ciudad-de-Mexico-2-1536x1152.jpeg 1536w, https:\/\/dimensionturistica.com\/es\/wp-content\/uploads\/2022\/04\/Viva-Aerobus_Nuevo-Laredo-Ciudad-de-Mexico-2-750x563.jpeg 750w, https:\/\/dimensionturistica.com\/es\/wp-content\/uploads\/2022\/04\/Viva-Aerobus_Nuevo-Laredo-Ciudad-de-Mexico-2-1140x855.jpeg 1140w, https:\/\/dimensionturistica.com\/es\/wp-content\/uploads\/2022\/04\/Viva-Aerobus_Nuevo-Laredo-Ciudad-de-Mexico-2.jpeg 1600w\" sizes=\"(max-width: 300px) 100vw, 300px\" \/>Aeroportuario (TUA). Por consiguiente, durante el primer a\u00f1o de operaci\u00f3n, se pondr\u00e1n a la venta m\u00e1s de 50 mil asientos. La operaci\u00f3n, actualmente, se realiza con aeronaves de \u00faltima generaci\u00f3n Airbus A321 que, con tan s\u00f3lo cinco a\u00f1os de edad promedio, forman parte de la flota m\u00e1s joven de M\u00e9xico y la tercera m\u00e1s moderna de toda Norteam\u00e9rica.<br \/>\nEn palabras de la autoridad local, el trabajo del gobierno municipal ha generado las condiciones necesarias para la llegada de nuevas inversiones, como esta nueva ruta que abona al crecimiento y competitividad de dicha frontera. Al respecto, recordaron que Nuevo Laredo es una ciudad con una din\u00e1mica comercial \u00fanica en M\u00e9xico, por lo que es considerada como la Capital Aduanera de Am\u00e9rica.<br \/>\n\u201cNos entusiasma llegar a Nuevo Laredo para hacer una diferencia tangible en su conectividad y en el transporte a\u00e9reo al que tienen acceso sus residentes. Ahora, los viajeros tienen a su alcance una opci\u00f3n de vuelo inteligente que combina precios bajos, aviones nuevos y una renovada promesa de servicio para atender a\u00fan mejor a nuestros pasajeros\u201d, afirm\u00f3 Walfred Castro, Director de Comunicaci\u00f3n Corporativa de Viva Aerobus.<br \/>\nCon esta nueva ruta, Viva Aerobus ya suma diez servicios en Tamaulipas, estado en donde la aerol\u00ednea lidera en el n\u00famero de asientos ofertados con un 52% del total. La aerol\u00ednea vuela desde Reynosa a Canc\u00fan, Ciudad de M\u00e9xico, Guadalajara y Veracruz; desde Tampico a Canc\u00fan, Ciudad de M\u00e9xico, Guadalajara, Monterrey y Villahermosa; y, ahora, desde Nuevo Laredo a la capital del pa\u00eds. Por su parte, en cuanto a sus operaciones en el AICM, Viva cuenta con 36 rutas: 26 nacionales y 10 internacionales.<br \/>\nResultado de este servicio que ofrece una alternativa real a precios bajos y una oferta en expansi\u00f3n, Viva ha obtenido una creciente preferencia de los pasajeros en ambas ciudades. Durante el primer trimestre del 2022, la aerol\u00ednea increment\u00f3 en un 73% el n\u00famero de pasajeros desde\/hacia Ciudad de M\u00e9xico y en un 77% desde\/hacia Tamaulipas en comparaci\u00f3n con enero \u2013 marzo 2021.<br \/>\n\u201cEstamos convencidos del valor que genera esta ruta para todos. Los pasajeros, al poder volar a precios tan accesibles, tienen la oportunidad de viajar con m\u00e1s frecuencia o disfrutar de m\u00e1s actividades en su visita. Lo anterior favorece la derrama econ\u00f3mica local y, por ello, somos la mejor opci\u00f3n para volar y un aliado natural de los estados\u201d, a\u00f1adi\u00f3 Walfred Castro.<br \/>\nLos pasajeros pueden adquirir sus boletos en el sitio oficial de la aerol\u00ednea Viva: https: \/\/www.vivaaerobus.com\/mx, en las Viva Tiendas, en<br \/>\nla Viva App o llamando al Call Center (LADA sin costo) 0181 82 150 150<\/p>\n","protected":false},"excerpt":{"rendered":"<p>Con el tradicional bautizo a la aeronave Airbus A321, bajo un arco de agua formado por dos camiones de bomberos, el Aeropuerto Internacional de Nuevo Laredo recibi\u00f3 a las 15:35 horas el primer vuelo de Viva Aerobus proveniente del Aeropuerto Internacional de la Ciudad de M\u00e9xico (AICM) con una ocupaci\u00f3n superior al 90%. El evento [&hellip;]<\/p>\n","protected":false},"author":1,"featured_media":308092,"comment_status":"open","ping_status":"closed","sticky":false,"template":"","format":"standard","meta":{"om_disable_all_campaigns":false,"jnews-multi-image_gallery":[],"jnews_single_post":{"source_name":"","source_url":"","via_name":"","via_url":"","override_template":"0","override":[{"template":"1","single_blog_custom":"","parallax":"1","fullscreen":"1","layout":"right-sidebar","sidebar":"default-sidebar","second_sidebar":"default-sidebar","sticky_sidebar":"1","share_position":"top","share_float_style":"share-monocrhome","show_share_counter":"1","show_view_counter":"1","show_featured":"1","show_post_meta":"1","show_post_author":"1","show_post_author_image":"1","show_post_date":"1","post_date_format":"default","post_date_format_custom":"Y\/m\/d","show_post_category":"1","show_post_reading_time":"0","post_reading_time_wpm":"300","show_zoom_button":"0","zoom_button_out_step":"2","zoom_button_in_step":"3","show_post_tag":"1","show_prev_next_post":"1","show_popup_post":"1","number_popup_post":"1","show_author_box":"0","show_post_related":"0","show_inline_post_related":"0"}],"override_image_size":"0","image_override":[{"single_post_thumbnail_size":"crop-500","single_post_gallery_size":"crop-500"}],"trending_post":"0","trending_post_position":"meta","trending_post_label":"Trending","sponsored_post":"0","sponsored_post_label":"Sponsored by","sponsored_post_name":"","sponsored_post_url":"","sponsored_post_logo_enable":"0","sponsored_post_logo":"","sponsored_post_desc":"","disable_ad":"0"},"jnews_primary_category":{"id":""},"jnews_social_meta":{"fb_title":"","fb_description":"","fb_image":"","twitter_title":"","twitter_description":"","twitter_image":""},"footnotes":""},"categories":[39],"tags":[],"class_list":["post-308063","post","type-post","status-publish","format-standard","has-post-thumbnail","hentry","category-viajes"],"_links":{"self":[{"href":"https:\/\/dimensionturistica.com\/es\/wp-json\/wp\/v2\/posts\/308063","targetHints":{"allow":["GET"]}}],"collection":[{"href":"https:\/\/dimensionturistica.com\/es\/wp-json\/wp\/v2\/posts"}],"about":[{"href":"https:\/\/dimensionturistica.com\/es\/wp-json\/wp\/v2\/types\/post"}],"author":[{"embeddable":true,"href":"https:\/\/dimensionturistica.com\/es\/wp-json\/wp\/v2\/users\/1"}],"replies":[{"embeddable":true,"href":"https:\/\/dimensionturistica.com\/es\/wp-json\/wp\/v2\/comments?post=308063"}],"version-history":[{"count":0,"href":"https:\/\/dimensionturistica.com\/es\/wp-json\/wp\/v2\/posts\/308063\/revisions"}],"wp:featuredmedia":[{"embeddable":true,"href":"https:\/\/dimensionturistica.com\/es\/wp-json\/wp\/v2\/media\/308092"}],"wp:attachment":[{"href":"https:\/\/dimensionturistica.com\/es\/wp-json\/wp\/v2\/media?parent=308063"}],"wp:term":[{"taxonomy":"category","embeddable":true,"href":"https:\/\/dimensionturistica.com\/es\/wp-json\/wp\/v2\/categories?post=308063"},{"taxonomy":"post_tag","embeddable":true,"href":"https:\/\/dimensionturistica.com\/es\/wp-json\/wp\/v2\/tags?post=308063"}],"curies":[{"name":"wp","href":"https:\/\/api.w.org\/{rel}","templated":true}]}}