{"id":308052,"date":"2022-04-26T18:35:25","date_gmt":"2022-04-26T18:35:25","guid":{"rendered":"https:\/\/dimensionturistica.com\/es\/?p=308052"},"modified":"2022-04-26T18:35:25","modified_gmt":"2022-04-26T18:35:25","slug":"angeles-verdes-de-la-secretaria-de-turismo-atienden-a-mas-de-30-mil-turistas-en-operativo-de-semana-santa-2022","status":"publish","type":"post","link":"https:\/\/dimensionturistica.com\/es\/angeles-verdes-de-la-secretaria-de-turismo-atienden-a-mas-de-30-mil-turistas-en-operativo-de-semana-santa-2022\/","title":{"rendered":"\u00c1ngeles Verdes de la Secretar\u00eda de Turismo atienden a m\u00e1s de 30 mil turistas en operativo de Semana Santa 2022"},"content":{"rendered":"<p><img decoding=\"async\" class=\"size-medium wp-image-308053 alignleft\" src=\"https:\/\/dimensionturistica.com\/es\/wp-content\/uploads\/2022\/04\/Angeles-Verdes-4-300x225.jpeg\" alt=\"\" width=\"300\" height=\"225\" srcset=\"https:\/\/dimensionturistica.com\/es\/wp-content\/uploads\/2022\/04\/Angeles-Verdes-4-300x225.jpeg 300w, https:\/\/dimensionturistica.com\/es\/wp-content\/uploads\/2022\/04\/Angeles-Verdes-4-1024x768.jpeg 1024w, https:\/\/dimensionturistica.com\/es\/wp-content\/uploads\/2022\/04\/Angeles-Verdes-4-768x576.jpeg 768w, https:\/\/dimensionturistica.com\/es\/wp-content\/uploads\/2022\/04\/Angeles-Verdes-4-1536x1152.jpeg 1536w, https:\/\/dimensionturistica.com\/es\/wp-content\/uploads\/2022\/04\/Angeles-Verdes-4-750x563.jpeg 750w, https:\/\/dimensionturistica.com\/es\/wp-content\/uploads\/2022\/04\/Angeles-Verdes-4-1140x855.jpeg 1140w, https:\/\/dimensionturistica.com\/es\/wp-content\/uploads\/2022\/04\/Angeles-Verdes-4.jpeg 1600w\" sizes=\"(max-width: 300px) 100vw, 300px\" \/>El secretario de Turismo del Gobierno de M\u00e9xico, Miguel Torruco Marqu\u00e9s, inform\u00f3 que, a trav\u00e9s de la Direcci\u00f3n General de Servicios al Turista \u00c1ngeles Verdes, se atendieron a 31 mil 526 turistas durante el periodo vacacional de Semana Santa 2022, que fue del s\u00e1bado 9 al domingo 24 de abril.<br \/>\nEl titular de la Secretar\u00eda de Turismo (Sectur) indic\u00f3 que el Operativo Vacacional cont\u00f3 con un despliegue superior a los 300 veh\u00edculos y 724 elementos, con m\u00e1s de 500 mil kil\u00f3metros recorridos a lo largo de los 197 tramos carreteros en los que se tiene cobertura, que en su conjunto suman poco m\u00e1s de 36 mil kil\u00f3metros.<br \/>\nSe\u00f1al\u00f3 que se otorgaron 8 mil 138 servicios y se atendieron 751 llamadas en el n\u00famero de emergencia 078.<br \/>\nLos estados en los que se registr\u00f3 un mayor n\u00famero de asistencias fueron: Morelos, en el tramo Cuernavaca-Caseta Paso Morelos; Guanajuato, en el tramo Guanajuato-Caseta Uni\u00f3n de San Antonio; y Estado de M\u00e9xico, en el tramo Toluca-M\u00e9xico, indic\u00f3 Torruco Marqu\u00e9s.<br \/>\nEl domingo 17 de abril fue el d\u00eda en que se atendieron la mayor cantidad de servicios, coincidiendo con el retorno de muchos viajeros a sus hogares, dato que se debe tomar en cuenta<img decoding=\"async\" class=\"size-medium wp-image-308054 alignleft\" src=\"https:\/\/dimensionturistica.com\/es\/wp-content\/uploads\/2022\/04\/Angeles-Verdes-3-300x225.jpeg\" alt=\"\" width=\"300\" height=\"225\" srcset=\"https:\/\/dimensionturistica.com\/es\/wp-content\/uploads\/2022\/04\/Angeles-Verdes-3-300x225.jpeg 300w, https:\/\/dimensionturistica.com\/es\/wp-content\/uploads\/2022\/04\/Angeles-Verdes-3-1024x768.jpeg 1024w, https:\/\/dimensionturistica.com\/es\/wp-content\/uploads\/2022\/04\/Angeles-Verdes-3-768x576.jpeg 768w, https:\/\/dimensionturistica.com\/es\/wp-content\/uploads\/2022\/04\/Angeles-Verdes-3-1536x1152.jpeg 1536w, https:\/\/dimensionturistica.com\/es\/wp-content\/uploads\/2022\/04\/Angeles-Verdes-3-750x563.jpeg 750w, https:\/\/dimensionturistica.com\/es\/wp-content\/uploads\/2022\/04\/Angeles-Verdes-3-1140x855.jpeg 1140w, https:\/\/dimensionturistica.com\/es\/wp-content\/uploads\/2022\/04\/Angeles-Verdes-3.jpeg 1600w\" sizes=\"(max-width: 300px) 100vw, 300px\" \/> para reiterar a todos los viajeros carreteros que es de suma importancia revisar de forma b\u00e1sica las condiciones mec\u00e1nicas de su veh\u00edculo antes de salir a su destino y al regresar a su hogar.<br \/>\nEl titular de Sectur coment\u00f3 que con estas cifras se sostiene que el turismo, se restablece de forma exitosa, y adem\u00e1s la atenci\u00f3n brindada por \u00c1ngeles Verdes contribuye a la activaci\u00f3n del turismo carretero, brindando auxilio y protecci\u00f3n vial en las v\u00edas terrestres que llevan a los principales destinos tur\u00edsticos del pa\u00eds.<br \/>\nEste apoyo facilita la movilidad al turista, incide en la disminuci\u00f3n de accidentes y proporciona una adecuada y oportuna asistencia a los viajeros en el momento que lo requieren, asistencia que se solicita oportunamente a trav\u00e9s del n\u00famero de marcaci\u00f3n r\u00e1pida y gratuita 078.<br \/>\nTorruco Marqu\u00e9s declar\u00f3: \u201cLos \u00c1ngeles Verdes refrendan as\u00ed, una vez m\u00e1s, su compromiso, calidad<img decoding=\"async\" class=\"size-medium wp-image-308055 alignleft\" src=\"https:\/\/dimensionturistica.com\/es\/wp-content\/uploads\/2022\/04\/Angeles-Verdes-2-300x225.jpeg\" alt=\"\" width=\"300\" height=\"225\" srcset=\"https:\/\/dimensionturistica.com\/es\/wp-content\/uploads\/2022\/04\/Angeles-Verdes-2-300x225.jpeg 300w, https:\/\/dimensionturistica.com\/es\/wp-content\/uploads\/2022\/04\/Angeles-Verdes-2-1024x768.jpeg 1024w, https:\/\/dimensionturistica.com\/es\/wp-content\/uploads\/2022\/04\/Angeles-Verdes-2-768x576.jpeg 768w, https:\/\/dimensionturistica.com\/es\/wp-content\/uploads\/2022\/04\/Angeles-Verdes-2-1536x1152.jpeg 1536w, https:\/\/dimensionturistica.com\/es\/wp-content\/uploads\/2022\/04\/Angeles-Verdes-2-750x563.jpeg 750w, https:\/\/dimensionturistica.com\/es\/wp-content\/uploads\/2022\/04\/Angeles-Verdes-2-1140x855.jpeg 1140w, https:\/\/dimensionturistica.com\/es\/wp-content\/uploads\/2022\/04\/Angeles-Verdes-2.jpeg 1600w\" sizes=\"(max-width: 300px) 100vw, 300px\" \/> y calidez en el servicio que han brindado a los viajeros a lo largo de casi 62 a\u00f1os, contribuyendo al desarrollo regional y estatal del pa\u00eds con la prestaci\u00f3n oportuna de servicios de informaci\u00f3n, orientaci\u00f3n, asesor\u00eda, asistencia telef\u00f3nica, mec\u00e1nica de emergencia, auxilio y apoyo\u201d.<br \/>\nEs importante reafirmar que durante los 365 d\u00edas del a\u00f1o, Sectur pone a disposici\u00f3n de los viajeros el n\u00famero 078, donde reciben las llamadas de auxilio y se ofrece informaci\u00f3n tur\u00edstica a los visitantes nacionales y extranjeros.<\/p>\n","protected":false},"excerpt":{"rendered":"<p>El secretario de Turismo del Gobierno de M\u00e9xico, Miguel Torruco Marqu\u00e9s, inform\u00f3 que, a trav\u00e9s de la Direcci\u00f3n General de Servicios al Turista \u00c1ngeles Verdes, se atendieron a 31 mil 526 turistas durante el periodo vacacional de Semana Santa 2022, que fue del s\u00e1bado 9 al domingo 24 de abril. El titular de la Secretar\u00eda [&hellip;]<\/p>\n","protected":false},"author":1,"featured_media":308056,"comment_status":"open","ping_status":"closed","sticky":false,"template":"","format":"standard","meta":{"om_disable_all_campaigns":false,"jnews-multi-image_gallery":[],"jnews_single_post":{"source_name":"","source_url":"","via_name":"","via_url":"","override_template":"0","override":[{"template":"1","single_blog_custom":"","parallax":"1","fullscreen":"1","layout":"right-sidebar","sidebar":"default-sidebar","second_sidebar":"default-sidebar","sticky_sidebar":"1","share_position":"top","share_float_style":"share-monocrhome","show_share_counter":"1","show_view_counter":"1","show_featured":"1","show_post_meta":"1","show_post_author":"1","show_post_author_image":"1","show_post_date":"1","post_date_format":"default","post_date_format_custom":"Y\/m\/d","show_post_category":"1","show_post_reading_time":"0","post_reading_time_wpm":"300","show_zoom_button":"0","zoom_button_out_step":"2","zoom_button_in_step":"3","show_post_tag":"1","show_prev_next_post":"1","show_popup_post":"1","number_popup_post":"1","show_author_box":"0","show_post_related":"0","show_inline_post_related":"0"}],"override_image_size":"0","image_override":[{"single_post_thumbnail_size":"crop-500","single_post_gallery_size":"crop-500"}],"trending_post":"0","trending_post_position":"meta","trending_post_label":"Trending","sponsored_post":"0","sponsored_post_label":"Sponsored by","sponsored_post_name":"","sponsored_post_url":"","sponsored_post_logo_enable":"0","sponsored_post_logo":"","sponsored_post_desc":"","disable_ad":"0"},"jnews_primary_category":{"id":""},"jnews_social_meta":{"fb_title":"","fb_description":"","fb_image":"","twitter_title":"","twitter_description":"","twitter_image":""},"footnotes":""},"categories":[39],"tags":[],"class_list":["post-308052","post","type-post","status-publish","format-standard","has-post-thumbnail","hentry","category-viajes"],"_links":{"self":[{"href":"https:\/\/dimensionturistica.com\/es\/wp-json\/wp\/v2\/posts\/308052","targetHints":{"allow":["GET"]}}],"collection":[{"href":"https:\/\/dimensionturistica.com\/es\/wp-json\/wp\/v2\/posts"}],"about":[{"href":"https:\/\/dimensionturistica.com\/es\/wp-json\/wp\/v2\/types\/post"}],"author":[{"embeddable":true,"href":"https:\/\/dimensionturistica.com\/es\/wp-json\/wp\/v2\/users\/1"}],"replies":[{"embeddable":true,"href":"https:\/\/dimensionturistica.com\/es\/wp-json\/wp\/v2\/comments?post=308052"}],"version-history":[{"count":0,"href":"https:\/\/dimensionturistica.com\/es\/wp-json\/wp\/v2\/posts\/308052\/revisions"}],"wp:featuredmedia":[{"embeddable":true,"href":"https:\/\/dimensionturistica.com\/es\/wp-json\/wp\/v2\/media\/308056"}],"wp:attachment":[{"href":"https:\/\/dimensionturistica.com\/es\/wp-json\/wp\/v2\/media?parent=308052"}],"wp:term":[{"taxonomy":"category","embeddable":true,"href":"https:\/\/dimensionturistica.com\/es\/wp-json\/wp\/v2\/categories?post=308052"},{"taxonomy":"post_tag","embeddable":true,"href":"https:\/\/dimensionturistica.com\/es\/wp-json\/wp\/v2\/tags?post=308052"}],"curies":[{"name":"wp","href":"https:\/\/api.w.org\/{rel}","templated":true}]}}