{"id":308013,"date":"2022-04-26T17:55:30","date_gmt":"2022-04-26T17:55:30","guid":{"rendered":"https:\/\/dimensionturistica.com\/es\/?p=308013"},"modified":"2022-04-26T17:55:31","modified_gmt":"2022-04-26T17:55:31","slug":"kamala-harris-da-positivo-a-covid-descartan-contacto-con-biden","status":"publish","type":"post","link":"https:\/\/dimensionturistica.com\/es\/kamala-harris-da-positivo-a-covid-descartan-contacto-con-biden\/","title":{"rendered":"Kamala Harris da positivo a COVID; descartan contacto con Biden"},"content":{"rendered":"<p> <br \/>\n<\/p>\n<div>\n<p> <span class=\"escrito\">Escrito en <\/span> <span class=\"seccion\">MUNDO<\/span> <span class=\"el\">el<\/span> <time class=\"fecha-time\" itemprop=\"datePublished\" datetime=\"2022-4-26T11:51:00\">26\/4\/2022 \u00b7 11:51 hs<\/time> <\/p>\n<\/p><\/div>\n<div>\n<p>La Vicepresidenta de Estados Unidos, <strong>Kamala Harris<\/strong>, dio positivo por <strong>COVID-19<\/strong>, inform\u00f3 la Casa Blanca.<\/p>\n<p>En un comunicado, se detall\u00f3 que la vicepresidenta dio positivo tras realizarse pruebas r\u00e1pidas y PCR, sin embargo, hasta el momento no ha presentado s\u00edntomas.<\/p>\n<p>\u201cNo ha presentado s\u00edntomas, se aislar\u00e1 y continuar\u00e1 trabajando desde la residencia de la\u00a0Vicepresidenta\u201d, se inform\u00f3.<\/p>\n<p>Adem\u00e1s, revelaron que Kamala Harris no ha estado en contacto con el presidente Joe Biden y su esposa, \u201cdebido a sus respectivos planes de viaje recientes\u201d. Por ello, descartan alg\u00fan contagio con el mandatario estadounidense.<\/p>\n<p>\u201c(Harris) Seguir\u00e1 las pautas de los CDC y los consejos de sus m\u00e9dicos.\u00a0La vicepresidenta volver\u00e1 a la Casa Blanca cuando d\u00e9 negativo\u201d, afirmaron.<\/p>\n<h2>Crecen casos COVID-19 alrededor de Joe Biden<\/h2>\n<p>La vicepresidenta, que a sus 57 a\u00f1os est\u00e1 vacunada con la pauta completa y ha recibido dos dosis de refuerzo, pas\u00f3 casi toda la semana pasada en California, de donde regres\u00f3 este lunes por la noche.<\/p>\n<p>Harris ten\u00eda previsto reunirse con Biden este martes para recibir juntos el informe diario que las agencias de inteligencia y seguridad nacional del pa\u00eds elaboran para el presidente, y el comunicado de la portavoz no menciona qu\u00e9 ocurri\u00f3 con ese encuentro.<\/p>\n<p>En el \u00faltimo mes, han crecido los casos de COVID-19 en el entorno de Biden: varios miembros de su gabinete se contagiaron tras asistir a la cena del membership period\u00edstico Gridiron a principios de abril, y las dos principales portavoces de la Casa Blanca tambi\u00e9n han dado positivo recientemente. <\/p>\n<p>Sin embargo, la Casa Blanca no ha cambiado sus protocolos ante ese aumento de contagios en Washington y ha mantenido varios actos en interiores y sin apenas mascarillas, al considerar que las cosas no son tan graves como a principios de enero, cuando se registr\u00f3 el pico de contagios por la variante \u00d3micron. <\/p>\n<p>Biden, de 79 a\u00f1os, no ha dado positivo por COVID-19 hasta ahora, y despu\u00e9s de evitar las grandes aglomeraciones durante casi toda la pandemia, no ha ocultado su deseo de volver a mezclarse con multitudes, uno de los aspectos que m\u00e1s disfruta de su vida pol\u00edtica.<em>_Con informaci\u00f3n de EFE.<\/em> <\/p>\n<\/p><\/div>\n\n<p><em> &#8221; Fuentes www.radioformula.com.mx &#8221; <\/em><\/p>\n","protected":false},"excerpt":{"rendered":"<p>Escrito en MUNDO el 26\/4\/2022 \u00b7 11:51 hs La Vicepresidenta de Estados Unidos, Kamala Harris, dio positivo por COVID-19, inform\u00f3 la Casa Blanca. En un comunicado, se detall\u00f3 que la vicepresidenta dio positivo tras realizarse pruebas r\u00e1pidas y PCR, sin embargo, hasta el momento no ha presentado s\u00edntomas. \u201cNo ha presentado s\u00edntomas, se aislar\u00e1 y [&hellip;]<\/p>\n","protected":false},"author":4,"featured_media":308014,"comment_status":"open","ping_status":"closed","sticky":false,"template":"","format":"standard","meta":{"om_disable_all_campaigns":false,"jnews-multi-image_gallery":[],"jnews_single_post":[],"jnews_primary_category":[],"jnews_social_meta":[],"footnotes":""},"categories":[40],"tags":[510,44698],"class_list":["post-308013","post","type-post","status-publish","format-standard","has-post-thumbnail","hentry","category-industria","tag-covid-19","tag-kamal-harris"],"_links":{"self":[{"href":"https:\/\/dimensionturistica.com\/es\/wp-json\/wp\/v2\/posts\/308013","targetHints":{"allow":["GET"]}}],"collection":[{"href":"https:\/\/dimensionturistica.com\/es\/wp-json\/wp\/v2\/posts"}],"about":[{"href":"https:\/\/dimensionturistica.com\/es\/wp-json\/wp\/v2\/types\/post"}],"author":[{"embeddable":true,"href":"https:\/\/dimensionturistica.com\/es\/wp-json\/wp\/v2\/users\/4"}],"replies":[{"embeddable":true,"href":"https:\/\/dimensionturistica.com\/es\/wp-json\/wp\/v2\/comments?post=308013"}],"version-history":[{"count":0,"href":"https:\/\/dimensionturistica.com\/es\/wp-json\/wp\/v2\/posts\/308013\/revisions"}],"wp:featuredmedia":[{"embeddable":true,"href":"https:\/\/dimensionturistica.com\/es\/wp-json\/wp\/v2\/media\/308014"}],"wp:attachment":[{"href":"https:\/\/dimensionturistica.com\/es\/wp-json\/wp\/v2\/media?parent=308013"}],"wp:term":[{"taxonomy":"category","embeddable":true,"href":"https:\/\/dimensionturistica.com\/es\/wp-json\/wp\/v2\/categories?post=308013"},{"taxonomy":"post_tag","embeddable":true,"href":"https:\/\/dimensionturistica.com\/es\/wp-json\/wp\/v2\/tags?post=308013"}],"curies":[{"name":"wp","href":"https:\/\/api.w.org\/{rel}","templated":true}]}}