{"id":307780,"date":"2022-04-26T08:35:31","date_gmt":"2022-04-26T08:35:31","guid":{"rendered":"https:\/\/dimensionturistica.com\/es\/?p=307780"},"modified":"2022-04-26T08:35:31","modified_gmt":"2022-04-26T08:35:31","slug":"irlanda-verde-y-sostenible-la-nueva-campana-de-tui-para-promocionar-el-pais","status":"publish","type":"post","link":"https:\/\/dimensionturistica.com\/es\/irlanda-verde-y-sostenible-la-nueva-campana-de-tui-para-promocionar-el-pais\/","title":{"rendered":"Irlanda verde y sostenible, la nueva campa\u00f1a de TUI para promocionar el pa\u00eds"},"content":{"rendered":"<p> <br \/>\n<\/p>\n<div>\n<p>En los \u00faltimos a\u00f1os Irlanda se ha hecho un hueco entre los destinos m\u00e1s demandados por los amantes de la naturaleza, la cultura, y el turismo responsable. Ahora, el pa\u00eds quiere volver a recuperar ese creciente inter\u00e9s entre los viajeros espa\u00f1oles.<\/p>\n<p>TUI y ATS Journey acaban de lanzar una campa\u00f1a conjunta para promocionar este inigualable destino durante los pr\u00f3ximos meses.<\/p>\n<div class=\"wysiwyg-photo\"><img decoding=\"async\" src=\"https:\/\/static.hosteltur.com\/app\/public\/uploads\/img\/releases\/2022\/04\/26\/L_102500_tui-irlanda-verde-y-sostenible.jpg\" alt=\"Imagen nota de prensa Hosteltur\" width=\"800\" height=\"600\"\/><\/div>\n<p>La mayorista de grandes viajes ha preparado una bater\u00eda de ofertas, desde 855\u20ac, con itinerarios por los lugares menos convencionales de Irlanda.<\/p>\n<p>Adem\u00e1s de un cat\u00e1logo digital con todo el producto, ambas compa\u00f1\u00edas van a colaborar en diferentes acciones en medios digitales, radio, revistas de viajes especializadas, formaciones on-line dirigidas a agentes de viajes y redes sociales.<\/p>\n<p><strong>La isla sostenible<\/strong><\/p>\n<p>Irlanda est\u00e1 realizando un gran esfuerzo en promover el turismo \u00e9tico, fomentar las compras locales, artesanales e independientes. Todo el pa\u00eds se ha sumado a una apuesta por lo sostenible desarrollando una amplia oferta de experiencias que combinan el disfrute con un bajo impacto medioambiental. Su visi\u00f3n consiste en liderar, capacitar y empoderar a las empresas y a los viajeros para que utilicen m\u00e9todos de turismo m\u00e1s responsables.<\/p>\n<\/p><\/div>\n\n<p><em> &#8221; Fuentes www.hosteltur.com &#8221; <\/em><\/p>\n","protected":false},"excerpt":{"rendered":"<p>En los \u00faltimos a\u00f1os Irlanda se ha hecho un hueco entre los destinos m\u00e1s demandados por los amantes de la naturaleza, la cultura, y el turismo responsable. Ahora, el pa\u00eds quiere volver a recuperar ese creciente inter\u00e9s entre los viajeros espa\u00f1oles. TUI y ATS Journey acaban de lanzar una campa\u00f1a conjunta para promocionar este inigualable [&hellip;]<\/p>\n","protected":false},"author":4,"featured_media":307781,"comment_status":"open","ping_status":"closed","sticky":false,"template":"","format":"standard","meta":{"om_disable_all_campaigns":false,"jnews-multi-image_gallery":[],"jnews_single_post":[],"jnews_primary_category":[],"jnews_social_meta":[],"footnotes":""},"categories":[40],"tags":[572],"class_list":["post-307780","post","type-post","status-publish","format-standard","has-post-thumbnail","hentry","category-industria","tag-distribucion"],"_links":{"self":[{"href":"https:\/\/dimensionturistica.com\/es\/wp-json\/wp\/v2\/posts\/307780","targetHints":{"allow":["GET"]}}],"collection":[{"href":"https:\/\/dimensionturistica.com\/es\/wp-json\/wp\/v2\/posts"}],"about":[{"href":"https:\/\/dimensionturistica.com\/es\/wp-json\/wp\/v2\/types\/post"}],"author":[{"embeddable":true,"href":"https:\/\/dimensionturistica.com\/es\/wp-json\/wp\/v2\/users\/4"}],"replies":[{"embeddable":true,"href":"https:\/\/dimensionturistica.com\/es\/wp-json\/wp\/v2\/comments?post=307780"}],"version-history":[{"count":0,"href":"https:\/\/dimensionturistica.com\/es\/wp-json\/wp\/v2\/posts\/307780\/revisions"}],"wp:featuredmedia":[{"embeddable":true,"href":"https:\/\/dimensionturistica.com\/es\/wp-json\/wp\/v2\/media\/307781"}],"wp:attachment":[{"href":"https:\/\/dimensionturistica.com\/es\/wp-json\/wp\/v2\/media?parent=307780"}],"wp:term":[{"taxonomy":"category","embeddable":true,"href":"https:\/\/dimensionturistica.com\/es\/wp-json\/wp\/v2\/categories?post=307780"},{"taxonomy":"post_tag","embeddable":true,"href":"https:\/\/dimensionturistica.com\/es\/wp-json\/wp\/v2\/tags?post=307780"}],"curies":[{"name":"wp","href":"https:\/\/api.w.org\/{rel}","templated":true}]}}