{"id":307127,"date":"2022-04-24T22:13:40","date_gmt":"2022-04-24T22:13:40","guid":{"rendered":"https:\/\/dimensionturistica.com\/es\/?p=307127"},"modified":"2022-04-24T22:13:40","modified_gmt":"2022-04-24T22:13:40","slug":"las-empresas-que-vuelen-con-iberia-podran-compensar-sus-emisiones","status":"publish","type":"post","link":"https:\/\/dimensionturistica.com\/es\/las-empresas-que-vuelen-con-iberia-podran-compensar-sus-emisiones\/","title":{"rendered":"Las empresas que vuelen con Iberia podr\u00e1n compensar sus emisiones"},"content":{"rendered":"<p>Hoy, con motivo del D\u00eda Internacional de la Tierra, Iberia ha lanzado su Programa de Compensaci\u00f3n corporativo, lo que permitir\u00e1 a las empresas viajar de manera m\u00e1s responsable, compensando las emisiones de sus vuelos con el Grupo Iberia a trav\u00e9s de dos proyectos de conservaci\u00f3n de ecosistemas, uno en Guatemala y otro en Per\u00fa.<br \/>\nIberia se convierte as\u00ed en la primera aerol\u00ednea de IAG en ofrecer a sus clientes de empresa la<img decoding=\"async\" class=\"size-medium wp-image-307128 alignright\" src=\"https:\/\/dimensionturistica.com\/es\/wp-content\/uploads\/2022\/04\/IBERIA1-300x157.jpg\" alt=\"\" width=\"300\" height=\"157\" srcset=\"https:\/\/dimensionturistica.com\/es\/wp-content\/uploads\/2022\/04\/IBERIA1-300x157.jpg 300w, https:\/\/dimensionturistica.com\/es\/wp-content\/uploads\/2022\/04\/IBERIA1.jpg 500w\" sizes=\"(max-width: 300px) 100vw, 300px\" \/> opci\u00f3n de compensar sus emisiones.<br \/>\nEn colaboraci\u00f3n con CHOOOSE, participante en el programa Hangar 51 de IAG para la aceleraci\u00f3n de start ups, la aerol\u00ednea ofrecer\u00e1 a sus clientes corporativos una plataforma que les permitir\u00e1 acceder a informes mensuales con el registro de la huella de carbono de sus viajes, y compensar esa huella colaborando con proyectos certificados.<br \/>\nCHOOOSE se encargar\u00e1 tanto de la oferta de proyectos y gesti\u00f3n de los pedidos de compensaci\u00f3n de carbono, como de su ejecuci\u00f3n y de emitir los certificados de compensaci\u00f3n. De esta manera, los clientes solo tendr\u00e1n que elegir el proyecto que m\u00e1s se adec\u00fae a los intereses de su empresa de entre los dos que se ofertam actualmente, o bien una mezcla de ambos: un proyecto de conservaci\u00f3n de la costa de Guatemala (Izabal), y otro de Gesti\u00f3n forestal comunitaria de Nii Kaniti en Per\u00fa.<br \/>\nEste programa de compensaci\u00f3n de emisiones para clientes corporativos se integra en la<img decoding=\"async\" class=\"size-medium wp-image-307129 alignright\" src=\"https:\/\/dimensionturistica.com\/es\/wp-content\/uploads\/2022\/04\/IBERIA2-300x169.jpg\" alt=\"\" width=\"300\" height=\"169\" srcset=\"https:\/\/dimensionturistica.com\/es\/wp-content\/uploads\/2022\/04\/IBERIA2-300x169.jpg 300w, https:\/\/dimensionturistica.com\/es\/wp-content\/uploads\/2022\/04\/IBERIA2.jpg 500w\" sizes=\"(max-width: 300px) 100vw, 300px\" \/> estrategia de Iberia para avanzar en la descarbonizaci\u00f3n del sector a\u00e9reo y que la aerol\u00ednea est\u00e1 desarrollando sobre cuatro pilares:<br \/>\nLa transici\u00f3n ecol\u00f3gica del sector a\u00e9reo, donde se incluyen todas las iniciativas de renovaci\u00f3n de flota, operaciones m\u00e1s eficientes y utilizaci\u00f3n de combustibles sostenibles de aviaci\u00f3n, entre otras iniciativas.<br \/>\nLa creaci\u00f3n de una experiencia de viaje m\u00e1s sostenible para los clientes, a trav\u00e9s de la digitalizaci\u00f3n de servicios, la eliminaci\u00f3n progresiva de pl\u00e1sticos a bordo, el desarrollo de su sistema de gesti\u00f3n de residuos y la compensaci\u00f3n de la huella de carbono.<br \/>\nFormaci\u00f3n, sensibilizaci\u00f3n y participaci\u00f3n en materia de sostenibilidad de los empleados de Iberia, con el objetivo de convertirles en embajadores de su estrategia.<br \/>\nCompromiso con la sociedad, poniendo en valor todo lo que la aviaci\u00f3n aporta a la sociedad a trav\u00e9s de la conectividad, y el apoyo a la investigaci\u00f3n de I+D+i con la C\u00e1tedra Iberia.<br \/>\nLa sostenibilidad social y medioambiental es, adem\u00e1s, uno de los pilares en el plan estrat\u00e9gico de Iberia para los pr\u00f3ximos tres a\u00f1os &#8211; Next Chapter &#8211; que, con el compromiso de sus empleados, le permitir\u00e1 a la aerol\u00ednea asegurar su solidez financiera, posicionarse como la aerol\u00ednea preferida<img decoding=\"async\" class=\"size-medium wp-image-307130 alignright\" src=\"https:\/\/dimensionturistica.com\/es\/wp-content\/uploads\/2022\/04\/IBERIA3-300x169.jpg\" alt=\"\" width=\"300\" height=\"169\" srcset=\"https:\/\/dimensionturistica.com\/es\/wp-content\/uploads\/2022\/04\/IBERIA3-300x169.jpg 300w, https:\/\/dimensionturistica.com\/es\/wp-content\/uploads\/2022\/04\/IBERIA3.jpg 500w\" sizes=\"(max-width: 300px) 100vw, 300px\" \/> entre los viajeros, fortalecer su posici\u00f3n en el hub de Madrid y avanzar en la transici\u00f3n ecol\u00f3gica del sector a\u00e9reo.<br \/>\nIberia forma parte de IAG, primer grupo a\u00e9reo en comprometerse a alcanzar emisiones netas cero de CO2 en el a\u00f1o 2050, y es una de las 10 compa\u00f1\u00edas globales reconocida por Naciones Unidas por sus ambiciosos objetivos de descarbonizaci\u00f3n. En abril de 2021, IAG fue un paso m\u00e1s all\u00e1 y se convirti\u00f3 en el primer grupo de aerol\u00edneas de Europa en comprometerse a operar el 10 por ciento de sus vuelos con combustible de aviaci\u00f3n sostenible en 2030. Compromisos que Iberia ha adquirido, al igual que el resto de las compa\u00f1\u00edas que forman el Grupo.<br \/>\nEn l\u00ednea noviembre de 2021, Iberia y Repsol realizaron entre Madrid y Bilbao el primer vuelo con biocombustible producido en Espa\u00f1a con residuos. La utilizaci\u00f3n de este tipo de biojet, junto con medidas de eficiencia en la operaci\u00f3n, supuso una reducci\u00f3n de emisiones de 1,4 toneladas de CO2 a la atm\u00f3sfera. Con estos combustibles se puede llegar a reducir las emisiones de CO2 hasta en un 80%, en t\u00e9rminos de ciclo de vida, en comparaci\u00f3n con las producidas por el queroseno tradicional. Adem\u00e1s, pr\u00f3ximamente Iberia y REPSOL operar\u00e1n su primer vuelo de largo radio con<img decoding=\"async\" class=\"size-medium wp-image-307131 alignright\" src=\"https:\/\/dimensionturistica.com\/es\/wp-content\/uploads\/2022\/04\/IBERIA4-300x169.jpg\" alt=\"\" width=\"300\" height=\"169\" srcset=\"https:\/\/dimensionturistica.com\/es\/wp-content\/uploads\/2022\/04\/IBERIA4-300x169.jpg 300w, https:\/\/dimensionturistica.com\/es\/wp-content\/uploads\/2022\/04\/IBERIA4.jpg 500w\" sizes=\"(max-width: 300px) 100vw, 300px\" \/> combustible sostenible de aviaci\u00f3n.<br \/>\nIberia tambi\u00e9n acaba de presentar su Informe de Sostenibilidad 2021, vigesimosexta edici\u00f3n. La compa\u00f1\u00eda ha sido pionera en la publicaci\u00f3n de este tipo de informes, que comenz\u00f3 en el a\u00f1o 1994.<br \/>\nEste a\u00f1o la aerol\u00ednea dedica gran parte del informe a explicar su estrategia de sostenibilidad, adem\u00e1s de recoger las claves de su operaci\u00f3n en 2021.<br \/>\nEl a\u00f1o pasado la aerol\u00ednea recuper\u00f3 pr\u00e1cticamente el 100% de sus destinos pre-pandemia, al tiempo que celebraba su 75 aniversario volando a Am\u00e9rica Latina. La aerol\u00ednea sigui\u00f3 apostando por la innovaci\u00f3n para ofrecer una experiencia de viaje m\u00e1s sencilla, c\u00f3moda y segura a sus clientes, a trav\u00e9s de la digitalizaci\u00f3n de la documentaci\u00f3n sanitaria necesaria para viajar.<br \/>\nEn 2021 el negocio de handling de Iberia, Iberia Airport Services, ha trabajado, sobre todo, en mejorar la eficiencia de sus operaciones con la digitalizaci\u00f3n de muchos de sus procesos y la introducci\u00f3n, entre otras iniciativas, de veh\u00edculos el\u00e9ctricos dirigidos por control remoto, m\u00e1s sostenibles y silenciosos.<br \/>\nPor su parte, Iberia Mantenimiento ha realizado inversiones en tecnolog\u00eda y maquinaria para la atenci\u00f3n de los nuevos motores GTF y Leap, al tiempo que potenciaba su actividad de mantenimiento mayor en Barcelona, contribuyendo a la reindustrializaci\u00f3n del \u00e1rea de influencia del aeropuerto de El Prat.<br \/>\nEn 2021, Iberia tambi\u00e9n ha puesto palabras a lo que lleva haciendo desde hace 94 a\u00f1os presentando su prop\u00f3sito: \u201cDesde Espa\u00f1a, generamos prosperidad conectando personas con el mundo\u201d. Durante la crisis generada por el COVID, Iberia ha vuelto a mostrar su compromiso con la sociedad con el transporte de m\u00e1s de 6 millones de vacunas, la operaci\u00f3n de vuelos de repatriaci\u00f3n y la asistencia en situaciones de emergencia, como la producida durante la erupci\u00f3n del volc\u00e1n Cumbre Vieja.<\/p>\n","protected":false},"excerpt":{"rendered":"<p>Hoy, con motivo del D\u00eda Internacional de la Tierra, Iberia ha lanzado su Programa de Compensaci\u00f3n corporativo, lo que permitir\u00e1 a las empresas viajar de manera m\u00e1s responsable, compensando las emisiones de sus vuelos con el Grupo Iberia a trav\u00e9s de dos proyectos de conservaci\u00f3n de ecosistemas, uno en Guatemala y otro en Per\u00fa. Iberia [&hellip;]<\/p>\n","protected":false},"author":1,"featured_media":307132,"comment_status":"open","ping_status":"closed","sticky":false,"template":"","format":"standard","meta":{"om_disable_all_campaigns":false,"jnews-multi-image_gallery":[],"jnews_single_post":{"source_name":"","source_url":"","via_name":"","via_url":"","override_template":"0","override":[{"template":"1","single_blog_custom":"","parallax":"1","fullscreen":"1","layout":"right-sidebar","sidebar":"default-sidebar","second_sidebar":"default-sidebar","sticky_sidebar":"1","share_position":"top","share_float_style":"share-monocrhome","show_share_counter":"1","show_view_counter":"1","show_featured":"1","show_post_meta":"1","show_post_author":"1","show_post_author_image":"1","show_post_date":"1","post_date_format":"default","post_date_format_custom":"Y\/m\/d","show_post_category":"1","show_post_reading_time":"0","post_reading_time_wpm":"300","show_zoom_button":"0","zoom_button_out_step":"2","zoom_button_in_step":"3","show_post_tag":"1","show_prev_next_post":"1","show_popup_post":"1","number_popup_post":"1","show_author_box":"0","show_post_related":"0","show_inline_post_related":"0"}],"override_image_size":"0","image_override":[{"single_post_thumbnail_size":"crop-500","single_post_gallery_size":"crop-500"}],"trending_post":"0","trending_post_position":"meta","trending_post_label":"Trending","sponsored_post":"0","sponsored_post_label":"Sponsored by","sponsored_post_name":"","sponsored_post_url":"","sponsored_post_logo_enable":"0","sponsored_post_logo":"","sponsored_post_desc":"","disable_ad":"0"},"jnews_primary_category":{"id":""},"jnews_social_meta":{"fb_title":"","fb_description":"","fb_image":"","twitter_title":"","twitter_description":"","twitter_image":""},"footnotes":""},"categories":[39],"tags":[],"class_list":["post-307127","post","type-post","status-publish","format-standard","has-post-thumbnail","hentry","category-viajes"],"_links":{"self":[{"href":"https:\/\/dimensionturistica.com\/es\/wp-json\/wp\/v2\/posts\/307127","targetHints":{"allow":["GET"]}}],"collection":[{"href":"https:\/\/dimensionturistica.com\/es\/wp-json\/wp\/v2\/posts"}],"about":[{"href":"https:\/\/dimensionturistica.com\/es\/wp-json\/wp\/v2\/types\/post"}],"author":[{"embeddable":true,"href":"https:\/\/dimensionturistica.com\/es\/wp-json\/wp\/v2\/users\/1"}],"replies":[{"embeddable":true,"href":"https:\/\/dimensionturistica.com\/es\/wp-json\/wp\/v2\/comments?post=307127"}],"version-history":[{"count":0,"href":"https:\/\/dimensionturistica.com\/es\/wp-json\/wp\/v2\/posts\/307127\/revisions"}],"wp:featuredmedia":[{"embeddable":true,"href":"https:\/\/dimensionturistica.com\/es\/wp-json\/wp\/v2\/media\/307132"}],"wp:attachment":[{"href":"https:\/\/dimensionturistica.com\/es\/wp-json\/wp\/v2\/media?parent=307127"}],"wp:term":[{"taxonomy":"category","embeddable":true,"href":"https:\/\/dimensionturistica.com\/es\/wp-json\/wp\/v2\/categories?post=307127"},{"taxonomy":"post_tag","embeddable":true,"href":"https:\/\/dimensionturistica.com\/es\/wp-json\/wp\/v2\/tags?post=307127"}],"curies":[{"name":"wp","href":"https:\/\/api.w.org\/{rel}","templated":true}]}}