{"id":306700,"date":"2022-04-23T19:09:07","date_gmt":"2022-04-23T19:09:07","guid":{"rendered":"https:\/\/dimensionturistica.com\/es\/?p=306700"},"modified":"2022-04-23T19:09:07","modified_gmt":"2022-04-23T19:09:07","slug":"guadalajara-se-convierte-en-la-capital-mundial-del-libro","status":"publish","type":"post","link":"https:\/\/dimensionturistica.com\/es\/guadalajara-se-convierte-en-la-capital-mundial-del-libro\/","title":{"rendered":"Guadalajara se convierte en La Capital Mundial del Libro"},"content":{"rendered":"<p><img decoding=\"async\" class=\"size-medium wp-image-306766 alignright\" src=\"https:\/\/dimensionturistica.com\/es\/wp-content\/uploads\/2022\/04\/Andador_alcalde-300x200.jpg\" alt=\"\" width=\"300\" height=\"200\" srcset=\"https:\/\/dimensionturistica.com\/es\/wp-content\/uploads\/2022\/04\/Andador_alcalde-300x200.jpg 300w, https:\/\/dimensionturistica.com\/es\/wp-content\/uploads\/2022\/04\/Andador_alcalde.jpg 500w\" sizes=\"(max-width: 300px) 100vw, 300px\" \/>La capital jalisciense es la primera ciudad en M\u00e9xico en obtener esta distinci\u00f3n por parte de la Organizaci\u00f3n de las Naciones Unidas para la Educaci\u00f3n, la Ciencia y la Cultura (UNESCO) y contar\u00e1 con cerca de dos mil actividades en las que participan el Gobierno de Guadalajara, Gobierno de Jalisco y la Universidad de Guadalajara.<br \/>\nEl Paseo Fray Antonio Alcalde ser\u00e1 el punto emblem\u00e1tico de la capitalidad, convirti\u00e9ndose en el Paseo Literario m\u00e1s grande de M\u00e9xico y en d\u00f3nde se llevar\u00e1n a cabo las principales actividades.<br \/>\nA las 9:30 horas marcar\u00e1 el inicio de la capitalidad el mensaje conjunto con UNESCO a prop\u00f3sito del nombramiento de Guadalajara como Capital Mundial del Libro 2022 donde participar\u00e1n Ian Denison, Director del Programa Capital Mundial del Libro por la UNESCO; Vera Michalski-Hoffmann, Embajadora de Buena Voluntad de UNESCO; Marisol Schulz Manaut, Directora de la Feria Internacional del Libro de Guadalajara; Marti\u00b4n Solares, Director de Guadalajara, Capital Mundial del Libro; Lourdes Gonza\u00b4lez Pe\u00b4rez, Secretaria de Cultura del Gobierno del Estado de Jalisco y Pablo Lemus Navarro, Presidente Municipal de Guadalajara.<br \/>\nTambi\u00e9n, se abrir\u00e1 la Feria Municipal del Libro, donde habr\u00e1 venta de libros, mesas redondas,<img decoding=\"async\" class=\"size-medium wp-image-306768 alignleft\" src=\"https:\/\/dimensionturistica.com\/es\/wp-content\/uploads\/2022\/04\/leisure125-CortesiaOFVCGDL1-300x200.jpg\" alt=\"\" width=\"300\" height=\"200\" srcset=\"https:\/\/dimensionturistica.com\/es\/wp-content\/uploads\/2022\/04\/leisure125-CortesiaOFVCGDL1-300x200.jpg 300w, https:\/\/dimensionturistica.com\/es\/wp-content\/uploads\/2022\/04\/leisure125-CortesiaOFVCGDL1.jpg 500w\" sizes=\"(max-width: 300px) 100vw, 300px\" \/> conferencias, lecturas y espect\u00e1culos esc\u00e9nicos y estar\u00e1 disponible hasta el 8 de mayo.<br \/>\nPara conmemorar el D\u00eda Mundial del Libro, se realizar\u00e1 una lectura masiva del libro Ensayo sobre la ceguera, una de las obras m\u00e1s destacadas del escritor portugu\u00e9s Jos\u00e9 Saramago, en homenaje al centenario de su nacimiento.<br \/>\nAs\u00ed mismo, estar\u00e1 disponible la exposici\u00f3n \u201cEl Prado en Guadalajara\u201d, donde se exhibir\u00e1n 50 reproducciones de las grandes obras que se exhiben en el Museo del Prado en Espa\u00f1a y estar\u00e1 disponible hasta el 31 de agosto.<br \/>\nEl desfile \u201cLetras para volar\u201d, iniciar\u00e1 a las 16:30 horas, en Paseo Alcalde, donde personajes de la<img decoding=\"async\" class=\"size-medium wp-image-306767 alignright\" src=\"https:\/\/dimensionturistica.com\/es\/wp-content\/uploads\/2022\/04\/Andador_Alcalde_2-300x200.jpg\" alt=\"\" width=\"300\" height=\"200\" srcset=\"https:\/\/dimensionturistica.com\/es\/wp-content\/uploads\/2022\/04\/Andador_Alcalde_2-300x200.jpg 300w, https:\/\/dimensionturistica.com\/es\/wp-content\/uploads\/2022\/04\/Andador_Alcalde_2.jpg 500w\" sizes=\"(max-width: 300px) 100vw, 300px\" \/> literatura y escritores realizar\u00e1n un recorrido hacia la avenida Ju\u00e1rez, para concluir concluye en Plaza Guadalajara.<br \/>\nLa ceremonia de inauguraci\u00f3n, programada para las 19 horas, se llevar\u00e1 a cabo en el Museo Caba\u00f1as, con transmisi\u00f3n hacia el escenario de la Feria Municipal del Libro y la Cultura de Guadalajara.<br \/>\nEl fin de semana cerrar\u00e1 actividades el domingo 24 con el coloquio \u201cViva la Literatura: Cuento infantil\u201d, donde Luc\u00eda Bayardo, Francisco Rojas y Tessie Solin\u00eds. har\u00e1n una reflexi\u00f3n sobre la escritura para ni\u00f1os y su acercamiento al g\u00e9nero, adem\u00e1s de lecturas de su obra.<br \/>\nPara m\u00e1s informaci\u00f3n, visita: https:\/\/gdlee.mx<\/p>\n<p>&nbsp;<\/p>\n","protected":false},"excerpt":{"rendered":"<p>La capital jalisciense es la primera ciudad en M\u00e9xico en obtener esta distinci\u00f3n por parte de la Organizaci\u00f3n de las Naciones Unidas para la Educaci\u00f3n, la Ciencia y la Cultura (UNESCO) y contar\u00e1 con cerca de dos mil actividades en las que participan el Gobierno de Guadalajara, Gobierno de Jalisco y la Universidad de Guadalajara. [&hellip;]<\/p>\n","protected":false},"author":1,"featured_media":306769,"comment_status":"open","ping_status":"closed","sticky":false,"template":"","format":"standard","meta":{"om_disable_all_campaigns":false,"jnews-multi-image_gallery":[],"jnews_single_post":{"source_name":"","source_url":"","via_name":"","via_url":"","override_template":"0","override":[{"template":"1","single_blog_custom":"","parallax":"1","fullscreen":"1","layout":"right-sidebar","sidebar":"default-sidebar","second_sidebar":"default-sidebar","sticky_sidebar":"1","share_position":"top","share_float_style":"share-monocrhome","show_share_counter":"1","show_view_counter":"1","show_featured":"1","show_post_meta":"1","show_post_author":"1","show_post_author_image":"1","show_post_date":"1","post_date_format":"default","post_date_format_custom":"Y\/m\/d","show_post_category":"1","show_post_reading_time":"0","post_reading_time_wpm":"300","show_zoom_button":"0","zoom_button_out_step":"2","zoom_button_in_step":"3","show_post_tag":"1","show_prev_next_post":"1","show_popup_post":"1","number_popup_post":"1","show_author_box":"0","show_post_related":"0","show_inline_post_related":"0"}],"override_image_size":"0","image_override":[{"single_post_thumbnail_size":"crop-500","single_post_gallery_size":"crop-500"}],"trending_post":"0","trending_post_position":"meta","trending_post_label":"Trending","sponsored_post":"0","sponsored_post_label":"Sponsored by","sponsored_post_name":"","sponsored_post_url":"","sponsored_post_logo_enable":"0","sponsored_post_logo":"","sponsored_post_desc":"","disable_ad":"0"},"jnews_primary_category":{"id":""},"jnews_social_meta":{"fb_title":"","fb_description":"","fb_image":"","twitter_title":"","twitter_description":"","twitter_image":""},"footnotes":""},"categories":[40],"tags":[],"class_list":["post-306700","post","type-post","status-publish","format-standard","has-post-thumbnail","hentry","category-industria"],"_links":{"self":[{"href":"https:\/\/dimensionturistica.com\/es\/wp-json\/wp\/v2\/posts\/306700","targetHints":{"allow":["GET"]}}],"collection":[{"href":"https:\/\/dimensionturistica.com\/es\/wp-json\/wp\/v2\/posts"}],"about":[{"href":"https:\/\/dimensionturistica.com\/es\/wp-json\/wp\/v2\/types\/post"}],"author":[{"embeddable":true,"href":"https:\/\/dimensionturistica.com\/es\/wp-json\/wp\/v2\/users\/1"}],"replies":[{"embeddable":true,"href":"https:\/\/dimensionturistica.com\/es\/wp-json\/wp\/v2\/comments?post=306700"}],"version-history":[{"count":0,"href":"https:\/\/dimensionturistica.com\/es\/wp-json\/wp\/v2\/posts\/306700\/revisions"}],"wp:featuredmedia":[{"embeddable":true,"href":"https:\/\/dimensionturistica.com\/es\/wp-json\/wp\/v2\/media\/306769"}],"wp:attachment":[{"href":"https:\/\/dimensionturistica.com\/es\/wp-json\/wp\/v2\/media?parent=306700"}],"wp:term":[{"taxonomy":"category","embeddable":true,"href":"https:\/\/dimensionturistica.com\/es\/wp-json\/wp\/v2\/categories?post=306700"},{"taxonomy":"post_tag","embeddable":true,"href":"https:\/\/dimensionturistica.com\/es\/wp-json\/wp\/v2\/tags?post=306700"}],"curies":[{"name":"wp","href":"https:\/\/api.w.org\/{rel}","templated":true}]}}