{"id":306688,"date":"2022-04-23T13:26:31","date_gmt":"2022-04-23T13:26:31","guid":{"rendered":"https:\/\/dimensionturistica.com\/es\/?p=306688"},"modified":"2022-04-23T13:26:32","modified_gmt":"2022-04-23T13:26:32","slug":"mezcal-mitre-rinde-homenaje-al-arte-mexicano-a-traves-de-4-obras-excepcionales","status":"publish","type":"post","link":"https:\/\/dimensionturistica.com\/es\/mezcal-mitre-rinde-homenaje-al-arte-mexicano-a-traves-de-4-obras-excepcionales\/","title":{"rendered":"Mezcal Mitre rinde homenaje al arte mexicano a trav\u00e9s de 4 obras excepcionales"},"content":{"rendered":"<p><img decoding=\"async\" class=\"size-medium wp-image-306693 alignright\" src=\"https:\/\/dimensionturistica.com\/es\/wp-content\/uploads\/2022\/04\/unnamed-1-3-300x300.png\" alt=\"\" width=\"300\" height=\"300\" srcset=\"https:\/\/dimensionturistica.com\/es\/wp-content\/uploads\/2022\/04\/unnamed-1-3-300x300.png 300w, https:\/\/dimensionturistica.com\/es\/wp-content\/uploads\/2022\/04\/unnamed-1-3-150x150.png 150w, https:\/\/dimensionturistica.com\/es\/wp-content\/uploads\/2022\/04\/unnamed-1-3-768x768.png 768w, https:\/\/dimensionturistica.com\/es\/wp-content\/uploads\/2022\/04\/unnamed-1-3-75x75.png 75w, https:\/\/dimensionturistica.com\/es\/wp-content\/uploads\/2022\/04\/unnamed-1-3-350x350.png 350w, https:\/\/dimensionturistica.com\/es\/wp-content\/uploads\/2022\/04\/unnamed-1-3-750x750.png 750w, https:\/\/dimensionturistica.com\/es\/wp-content\/uploads\/2022\/04\/unnamed-1-3.png 1000w\" sizes=\"(max-width: 300px) 100vw, 300px\" \/>El 2019 la Organizaci\u00f3n de las Naciones Unidas para la Educaci\u00f3n, la Ciencia y la Cultura, UNESCO, proclam\u00f3 el 15 de abril como el D\u00eda Mundial del Arte, celebraci\u00f3n que tiene como objetivo promover el desarrollo y la difusi\u00f3n del arte.<br \/>\nMezcal Mitre se une a la celebraci\u00f3n y presenta con orgullo cuatro obras extraordinarias que tienen como objetivo brindar a su comunidad productos excepcionales.<br \/>\nEn esta antolog\u00eda la botella de Mezcal Mitre Espad\u00edn, el producto m\u00e1s emblem\u00e1tico de la marca, fue intervenida con el trabajo de artistas de cuatro estados de M\u00e9xico: Puebla (talavera), Oaxaca (alebrijes), Nayarit (arte huichol) y CDMX (arte contempor\u00e1neo).<br \/>\n<img decoding=\"async\" class=\"size-medium wp-image-306694 alignright\" src=\"https:\/\/dimensionturistica.com\/es\/wp-content\/uploads\/2022\/04\/unnamed-2-1-300x300.png\" alt=\"\" width=\"300\" height=\"300\" srcset=\"https:\/\/dimensionturistica.com\/es\/wp-content\/uploads\/2022\/04\/unnamed-2-1-300x300.png 300w, https:\/\/dimensionturistica.com\/es\/wp-content\/uploads\/2022\/04\/unnamed-2-1-150x150.png 150w, https:\/\/dimensionturistica.com\/es\/wp-content\/uploads\/2022\/04\/unnamed-2-1-768x768.png 768w, https:\/\/dimensionturistica.com\/es\/wp-content\/uploads\/2022\/04\/unnamed-2-1-75x75.png 75w, https:\/\/dimensionturistica.com\/es\/wp-content\/uploads\/2022\/04\/unnamed-2-1-350x350.png 350w, https:\/\/dimensionturistica.com\/es\/wp-content\/uploads\/2022\/04\/unnamed-2-1-750x750.png 750w, https:\/\/dimensionturistica.com\/es\/wp-content\/uploads\/2022\/04\/unnamed-2-1.png 1000w\" sizes=\"(max-width: 300px) 100vw, 300px\" \/>Cada una de las piezas de estas colecciones de edici\u00f3n limitada es por s\u00ed misma un objeto de deseo, son verdaderas obras de arte concebidas por artistas mexicanos que aportaron su talento y creatividad.<br \/>\n\u201cEsta colecci\u00f3n busca crear piezas \u00fanicas que refuercen y complementen la experiencia que significa tomar Mitre. Al trabajar con artistas mexicanos y darle forma a estas ediciones especiales hemos logrado plasmar uno de nuestros objetivos m\u00e1s importantes: representar la fusi\u00f3n del M\u00e9xico contempor\u00e1neo y elegante con lo artesanal y tradicional\u201d, se\u00f1ala Claudio Rom\u00e1n, <img decoding=\"async\" class=\"size-medium wp-image-306695 alignright\" src=\"https:\/\/dimensionturistica.com\/es\/wp-content\/uploads\/2022\/04\/unnamed-3-1-300x300.png\" alt=\"\" width=\"300\" height=\"300\" srcset=\"https:\/\/dimensionturistica.com\/es\/wp-content\/uploads\/2022\/04\/unnamed-3-1-300x300.png 300w, https:\/\/dimensionturistica.com\/es\/wp-content\/uploads\/2022\/04\/unnamed-3-1-150x150.png 150w, https:\/\/dimensionturistica.com\/es\/wp-content\/uploads\/2022\/04\/unnamed-3-1-768x768.png 768w, https:\/\/dimensionturistica.com\/es\/wp-content\/uploads\/2022\/04\/unnamed-3-1-75x75.png 75w, https:\/\/dimensionturistica.com\/es\/wp-content\/uploads\/2022\/04\/unnamed-3-1-350x350.png 350w, https:\/\/dimensionturistica.com\/es\/wp-content\/uploads\/2022\/04\/unnamed-3-1-750x750.png 750w, https:\/\/dimensionturistica.com\/es\/wp-content\/uploads\/2022\/04\/unnamed-3-1.png 1000w\" sizes=\"(max-width: 300px) 100vw, 300px\" \/>socio fundador y director de Mezcal Mitre.<br \/>\nMezcal Mitre Talavera &#8211; Puebla<br \/>\nLa elegante botella con forma de jaguar fue intervenida por Talavera Santa Catarina, taller que empez\u00f3 haciendo \u00fanicamente piezas tradicionales y dise\u00f1os antiguos. Actualmente ha logrado innovar en formas y dise\u00f1os con una sofisticada mezcla de arte y artesan\u00eda.<br \/>\nEl resultado de esta colaboraci\u00f3n fueron botellas con un estilo refinado y una belleza inigualable.<br \/>\nMezcal Mitre Arte Huichol &#8211; Nayarit<br \/>\nA diferencia del arte huichol tradicional, en lugar de chaquiras de colores se us\u00f3 estambre para presentar una versi\u00f3n sorprendente del arte mexicano nayarita.<br \/>\n<img decoding=\"async\" class=\"size-medium wp-image-306696 alignright\" src=\"https:\/\/dimensionturistica.com\/es\/wp-content\/uploads\/2022\/04\/unnamed-4-1-300x300.png\" alt=\"\" width=\"300\" height=\"300\" srcset=\"https:\/\/dimensionturistica.com\/es\/wp-content\/uploads\/2022\/04\/unnamed-4-1-300x300.png 300w, https:\/\/dimensionturistica.com\/es\/wp-content\/uploads\/2022\/04\/unnamed-4-1-150x150.png 150w, https:\/\/dimensionturistica.com\/es\/wp-content\/uploads\/2022\/04\/unnamed-4-1-768x768.png 768w, https:\/\/dimensionturistica.com\/es\/wp-content\/uploads\/2022\/04\/unnamed-4-1-75x75.png 75w, https:\/\/dimensionturistica.com\/es\/wp-content\/uploads\/2022\/04\/unnamed-4-1-350x350.png 350w, https:\/\/dimensionturistica.com\/es\/wp-content\/uploads\/2022\/04\/unnamed-4-1-750x750.png 750w, https:\/\/dimensionturistica.com\/es\/wp-content\/uploads\/2022\/04\/unnamed-4-1.png 1000w\" sizes=\"(max-width: 300px) 100vw, 300px\" \/>La obra est\u00e1 inspirada en la cosmolog\u00eda de su cultura, sus deidades y en las tradiciones wixaritari. Es un trabajo lleno de s\u00edmbolos como el hikuri, conocido como peyote, que es la llave del alma. Tambi\u00e9n est\u00e1 plasmado el venado, animal que, seg\u00fan la leyenda, gui\u00f3 a los peregrinos wixaritari hasta la tierra sagrada Wirikuta; as\u00ed como el ma\u00edz, el alimento principal de la cultura huichol, el cual representa la conexi\u00f3n que tienen con la tierra.<br \/>\nMezcal Mitre Alebrijes &#8211; Oaxaca<br \/>\nLa pieza fue realizada por Luisa Ortega Cruz, quien se inspir\u00f3 en los recuerdos de sus infancia, sobre todo en los colores de la Guelaguetza.<br \/>\nEn su propuesta tambi\u00e9n se perciben los animales que viven en su mente, uno de ellos es el jaguar.<br \/>\nMezcal Mitre Arte Contempor\u00e1neo- CDMX<br \/>\n<img decoding=\"async\" class=\"size-medium wp-image-306698 alignright\" src=\"https:\/\/dimensionturistica.com\/es\/wp-content\/uploads\/2022\/04\/unnamed-14-300x300.png\" alt=\"\" width=\"300\" height=\"300\" srcset=\"https:\/\/dimensionturistica.com\/es\/wp-content\/uploads\/2022\/04\/unnamed-14-300x300.png 300w, https:\/\/dimensionturistica.com\/es\/wp-content\/uploads\/2022\/04\/unnamed-14-150x150.png 150w, https:\/\/dimensionturistica.com\/es\/wp-content\/uploads\/2022\/04\/unnamed-14-768x768.png 768w, https:\/\/dimensionturistica.com\/es\/wp-content\/uploads\/2022\/04\/unnamed-14-75x75.png 75w, https:\/\/dimensionturistica.com\/es\/wp-content\/uploads\/2022\/04\/unnamed-14-350x350.png 350w, https:\/\/dimensionturistica.com\/es\/wp-content\/uploads\/2022\/04\/unnamed-14-750x750.png 750w, https:\/\/dimensionturistica.com\/es\/wp-content\/uploads\/2022\/04\/unnamed-14.png 1000w\" sizes=\"(max-width: 300px) 100vw, 300px\" \/>Se realiz\u00f3 en colaboraci\u00f3n con el artista mexicano Luis Fernando S\u00e1nchez, quien convirti\u00f3 a la botella de Mitre Espad\u00edn en su lienzo.<br \/>\nComo en toda su obra, se gui\u00f3 en su instinto para crear esta pieza. Improvis\u00f3 con los colores que m\u00e1s lo atraen, jug\u00f3 con los contrastes, texturas y figuras, para conseguir una pieza excepcional.<br \/>\nNotas de Cata de Mitre Espad\u00edn<br \/>\nVista: Cristalino y brillante.<br \/>\nNariz: Complejo en aromas que nos recuerdan ci\u00b4tricos y herba\u00b4ceos como la misma penca, con un ligero toque de ahumado.<br \/>\nBoca: Suave, que nos confirma los aromas al tiempo que va dejando una sensacio\u00b4n fresca, gracias a su agradable acidez, la cual permanece de forma amable y larga en el retrogusto. Acompan~ado de un ligero y placentero amargor ci\u00b4trico.<br \/>\nCada una de las piezas de las diferentes colecciones es el regalo perfecto para cualquier ocasi\u00f3n, ideal para complacer a los amantes del mezcal y del arte a trav\u00e9s de piezas maravillosas. Puedes encontrar estas colecciones en la tienda online de Mezcal Mitre.<br \/>\nMezcal Mitre rinde homenaje al arte mexicano<br \/>\n*EVITA EL EXCESO<\/p>\n","protected":false},"excerpt":{"rendered":"<p>El 2019 la Organizaci\u00f3n de las Naciones Unidas para la Educaci\u00f3n, la Ciencia y la Cultura, UNESCO, proclam\u00f3 el 15 de abril como el D\u00eda Mundial del Arte, celebraci\u00f3n que tiene como objetivo promover el desarrollo y la difusi\u00f3n del arte. Mezcal Mitre se une a la celebraci\u00f3n y presenta con orgullo cuatro obras extraordinarias [&hellip;]<\/p>\n","protected":false},"author":1,"featured_media":306697,"comment_status":"open","ping_status":"closed","sticky":false,"template":"","format":"standard","meta":{"om_disable_all_campaigns":false,"jnews-multi-image_gallery":[],"jnews_single_post":{"source_name":"","source_url":"","via_name":"","via_url":"","override_template":"0","override":[{"template":"1","single_blog_custom":"","parallax":"1","fullscreen":"1","layout":"right-sidebar","sidebar":"default-sidebar","second_sidebar":"default-sidebar","sticky_sidebar":"1","share_position":"top","share_float_style":"share-monocrhome","show_share_counter":"1","show_view_counter":"1","show_featured":"1","show_post_meta":"1","show_post_author":"1","show_post_author_image":"1","show_post_date":"1","post_date_format":"default","post_date_format_custom":"Y\/m\/d","show_post_category":"1","show_post_reading_time":"0","post_reading_time_wpm":"300","show_zoom_button":"0","zoom_button_out_step":"2","zoom_button_in_step":"3","show_post_tag":"1","show_prev_next_post":"1","show_popup_post":"1","number_popup_post":"1","show_author_box":"0","show_post_related":"0","show_inline_post_related":"0"}],"override_image_size":"0","image_override":[{"single_post_thumbnail_size":"crop-500","single_post_gallery_size":"crop-500"}],"trending_post":"0","trending_post_position":"meta","trending_post_label":"Trending","sponsored_post":"0","sponsored_post_label":"Sponsored by","sponsored_post_name":"","sponsored_post_url":"","sponsored_post_logo_enable":"0","sponsored_post_logo":"","sponsored_post_desc":"","disable_ad":"0"},"jnews_primary_category":{"id":""},"jnews_social_meta":{"fb_title":"","fb_description":"","fb_image":"","twitter_title":"","twitter_description":"","twitter_image":""},"footnotes":""},"categories":[40],"tags":[],"class_list":["post-306688","post","type-post","status-publish","format-standard","has-post-thumbnail","hentry","category-industria"],"_links":{"self":[{"href":"https:\/\/dimensionturistica.com\/es\/wp-json\/wp\/v2\/posts\/306688","targetHints":{"allow":["GET"]}}],"collection":[{"href":"https:\/\/dimensionturistica.com\/es\/wp-json\/wp\/v2\/posts"}],"about":[{"href":"https:\/\/dimensionturistica.com\/es\/wp-json\/wp\/v2\/types\/post"}],"author":[{"embeddable":true,"href":"https:\/\/dimensionturistica.com\/es\/wp-json\/wp\/v2\/users\/1"}],"replies":[{"embeddable":true,"href":"https:\/\/dimensionturistica.com\/es\/wp-json\/wp\/v2\/comments?post=306688"}],"version-history":[{"count":0,"href":"https:\/\/dimensionturistica.com\/es\/wp-json\/wp\/v2\/posts\/306688\/revisions"}],"wp:featuredmedia":[{"embeddable":true,"href":"https:\/\/dimensionturistica.com\/es\/wp-json\/wp\/v2\/media\/306697"}],"wp:attachment":[{"href":"https:\/\/dimensionturistica.com\/es\/wp-json\/wp\/v2\/media?parent=306688"}],"wp:term":[{"taxonomy":"category","embeddable":true,"href":"https:\/\/dimensionturistica.com\/es\/wp-json\/wp\/v2\/categories?post=306688"},{"taxonomy":"post_tag","embeddable":true,"href":"https:\/\/dimensionturistica.com\/es\/wp-json\/wp\/v2\/tags?post=306688"}],"curies":[{"name":"wp","href":"https:\/\/api.w.org\/{rel}","templated":true}]}}