{"id":306441,"date":"2022-04-22T20:30:11","date_gmt":"2022-04-22T20:30:11","guid":{"rendered":"https:\/\/dimensionturistica.com\/es\/?p=306441"},"modified":"2022-04-22T20:30:12","modified_gmt":"2022-04-22T20:30:12","slug":"canada-mantiene-la-obligacion-de-usar-cubrebocas-en-aviones-y-trenes","status":"publish","type":"post","link":"https:\/\/dimensionturistica.com\/es\/canada-mantiene-la-obligacion-de-usar-cubrebocas-en-aviones-y-trenes\/","title":{"rendered":"Canad\u00e1 mantiene la obligaci\u00f3n de usar cubrebocas en aviones y trenes"},"content":{"rendered":"<p> <br \/>\n<\/p>\n<div>\n<p> Canad\u00e1 relajar\u00e1 a partir del lunes algunas de las<strong> restricciones de la covid-19<\/strong> impuestas a los<strong> viajeros que llegan del extranjero<\/strong> pero mantendr\u00e1 la necesidad de utilizar mascarillas en aviones, trenes y cruceros seg\u00fan anunci\u00f3 este viernes el Gobierno canadiense.<\/p>\n<p> Las autoridades sanitarias del pa\u00eds anunciaron que a partir del lunes los menores de 12 a\u00f1os que no est\u00e9n vacunados dejar\u00e1n de necesitar una <a rel=\"nofollow noopener\" target=\"_blank\" href=\"https:\/\/www.viveusa.mx\/bienestar\/que-hacer-si-sigo-dando-positivo-covid-despues-del-aislamiento\"><span style=\"color:#FF0000;\"><strong>prueba negativa de la covid-19 <\/strong><\/span><\/a>para poder entrar en el pa\u00eds.<\/p>\n<p> Adem\u00e1s, los<strong> viajeros internacionales vacunados con la pauta completa <\/strong>no necesitar\u00e1n presentar un plan de aislamiento durante su estancia en <a rel=\"nofollow noopener\" target=\"_blank\" href=\"https:\/\/www.viveusa.mx\/negocios\/que-se-necesita-para-ir-trabajar-canada\"><span style=\"color:#FF0000;\"><strong>Canad\u00e1<\/strong><\/span><\/a>.<\/p>\n<p> Los viajeros vacunados que lleguen del extranjero tampoco tendr\u00e1n que <strong>utilizar una mascarilla <\/strong>en espacios p\u00fablicos durante los primeros catorce d\u00edas de regreso en el pa\u00eds, como es obligatorio en estos momentos.<\/p>\n<p> Las nuevas medidas fueron anunciadas este viernes por la Agencia de Salud P\u00fablica de Canad\u00e1 (ASPC).<\/p>\n<p> La directora de ASPC, la doctora Theresa Tam, explic\u00f3 que Canad\u00e1 mantendr\u00e1 de momento la<strong> obligaci\u00f3n de utilizar cubrebocas entre aviones, trenes y crucero<\/strong>s. En Estados Unidos una juez<a rel=\"nofollow noopener\" target=\"_blank\" href=\"https:\/\/www.viveusa.mx\/destinos\/las-aerolineas-que-permiten-que-sus-pasajeros-vuelen-sin-cubrebocas-0\"><strong>a<\/strong><span style=\"color:#FF0000;\"><strong> levant\u00f3 esta semana dicha obligaci\u00f3n<\/strong><\/span><\/a>.<\/p>\n<p> Tam declar\u00f3 que el n\u00famero de casos de la <a rel=\"nofollow noopener\" target=\"_blank\" href=\"https:\/\/www.viveusa.mx\/noticias\/subvariante-ba2-de-omicron-es-mas-contagiosa-que-la-original-estudio\"><span style=\"color:#FF0000;\"><strong>variante \u00f3micron BA.2 <\/strong><\/span><\/a>sigue en aumento en Canad\u00e1 y que la obligatoriedad de usar mascarillas en aviones, trenes y embarcaciones &#8220;es una de las medidas menos intrusivas&#8221; que proporcionan una capa adicional de protecci\u00f3n.<\/p>\n<p> El ministro de Transporte de Canad\u00e1, Omar Alghabra, record\u00f3 en un comunicado que los pasajeros de aviones y trenes tienen que <strong>utilizar mascarillas &#8220;durante todo su viaje&#8221;<\/strong>.<\/p>\n<p> Para los viajeros que no est\u00e1n<strong> inmunizados contra la enfermedad<\/strong>, sigue siendo obligatorio realizar pruebas moleculares de la covid-19 y mantener una cuarentena de entre ocho y 14 d\u00edas tras su llegada al pa\u00eds. EFE<\/p>\n<\/div>\n<p><script async defer crossorigin=\"anonymous\" src=\"https:\/\/connect.facebook.net\/en_US\/sdk.js\"><\/script><br \/>\n<br \/><\/p>\n<p><em> &#8221; Fuentes www.viveusa.mx &#8221; <\/em><\/p>\n","protected":false},"excerpt":{"rendered":"<p>Canad\u00e1 relajar\u00e1 a partir del lunes algunas de las restricciones de la covid-19 impuestas a los viajeros que llegan del extranjero pero mantendr\u00e1 la necesidad de utilizar mascarillas en aviones, trenes y cruceros seg\u00fan anunci\u00f3 este viernes el Gobierno canadiense. Las autoridades sanitarias del pa\u00eds anunciaron que a partir del lunes los menores de 12 [&hellip;]<\/p>\n","protected":false},"author":4,"featured_media":306442,"comment_status":"open","ping_status":"closed","sticky":false,"template":"","format":"standard","meta":{"om_disable_all_campaigns":false,"jnews-multi-image_gallery":[],"jnews_single_post":[],"jnews_primary_category":[],"jnews_social_meta":[],"footnotes":""},"categories":[41],"tags":[72,739,545],"class_list":["post-306441","post","type-post","status-publish","format-standard","has-post-thumbnail","hentry","category-cruceros","tag-canada","tag-cubrebocas","tag-viajes"],"_links":{"self":[{"href":"https:\/\/dimensionturistica.com\/es\/wp-json\/wp\/v2\/posts\/306441","targetHints":{"allow":["GET"]}}],"collection":[{"href":"https:\/\/dimensionturistica.com\/es\/wp-json\/wp\/v2\/posts"}],"about":[{"href":"https:\/\/dimensionturistica.com\/es\/wp-json\/wp\/v2\/types\/post"}],"author":[{"embeddable":true,"href":"https:\/\/dimensionturistica.com\/es\/wp-json\/wp\/v2\/users\/4"}],"replies":[{"embeddable":true,"href":"https:\/\/dimensionturistica.com\/es\/wp-json\/wp\/v2\/comments?post=306441"}],"version-history":[{"count":0,"href":"https:\/\/dimensionturistica.com\/es\/wp-json\/wp\/v2\/posts\/306441\/revisions"}],"wp:featuredmedia":[{"embeddable":true,"href":"https:\/\/dimensionturistica.com\/es\/wp-json\/wp\/v2\/media\/306442"}],"wp:attachment":[{"href":"https:\/\/dimensionturistica.com\/es\/wp-json\/wp\/v2\/media?parent=306441"}],"wp:term":[{"taxonomy":"category","embeddable":true,"href":"https:\/\/dimensionturistica.com\/es\/wp-json\/wp\/v2\/categories?post=306441"},{"taxonomy":"post_tag","embeddable":true,"href":"https:\/\/dimensionturistica.com\/es\/wp-json\/wp\/v2\/tags?post=306441"}],"curies":[{"name":"wp","href":"https:\/\/api.w.org\/{rel}","templated":true}]}}