{"id":306386,"date":"2022-04-22T18:47:36","date_gmt":"2022-04-22T18:47:36","guid":{"rendered":"https:\/\/dimensionturistica.com\/es\/?p=306386"},"modified":"2022-04-22T18:47:36","modified_gmt":"2022-04-22T18:47:36","slug":"invita-gobierno-del-estado-a-la-feria-de-puebla-2022-la-diversion-y-la-cultura-estan-garantizadas","status":"publish","type":"post","link":"https:\/\/dimensionturistica.com\/es\/invita-gobierno-del-estado-a-la-feria-de-puebla-2022-la-diversion-y-la-cultura-estan-garantizadas\/","title":{"rendered":"Invita Gobierno del Estado a la Feria de Puebla 2022. La diversi\u00f3n y la cultura est\u00e1n garantizadas"},"content":{"rendered":"<p><img decoding=\"async\" class=\"size-medium wp-image-306387 alignleft\" src=\"https:\/\/dimensionturistica.com\/es\/wp-content\/uploads\/2022\/04\/unnamed-19-300x200.jpg\" alt=\"\" width=\"300\" height=\"200\" srcset=\"https:\/\/dimensionturistica.com\/es\/wp-content\/uploads\/2022\/04\/unnamed-19-300x200.jpg 300w, https:\/\/dimensionturistica.com\/es\/wp-content\/uploads\/2022\/04\/unnamed-19-1024x683.jpg 1024w, https:\/\/dimensionturistica.com\/es\/wp-content\/uploads\/2022\/04\/unnamed-19-768x512.jpg 768w, https:\/\/dimensionturistica.com\/es\/wp-content\/uploads\/2022\/04\/unnamed-19-1536x1024.jpg 1536w, https:\/\/dimensionturistica.com\/es\/wp-content\/uploads\/2022\/04\/unnamed-19-2048x1365.jpg 2048w, https:\/\/dimensionturistica.com\/es\/wp-content\/uploads\/2022\/04\/unnamed-19-750x500.jpg 750w, https:\/\/dimensionturistica.com\/es\/wp-content\/uploads\/2022\/04\/unnamed-19-1140x760.jpg 1140w\" sizes=\"(max-width: 300px) 100vw, 300px\" \/>\u00a0Como parte del programa de reactivaci\u00f3n econ\u00f3mica \u201c\u00a1Que Reviva Puebla!\u201d y tras dos a\u00f1os de suspensi\u00f3n por la pandemia por COVID-19, el Gobierno del Estado present\u00f3 el programa de actividades de la Feria de Puebla 2022 (incluye espect\u00e1culos art\u00edsticos, culturales, muestra agropecuaria e industrial), que permitir\u00e1 a visitantes y turistas conocer las tradiciones, gastronom\u00eda, innovaci\u00f3n y desarrollo de la entidad.<br \/>\nDurante la presentaci\u00f3n en la capital del pa\u00eds, los titulares de las secretar\u00edas de Turismo, Marta Ornelas; Desarrollo Rural, Ana Laura Altamirano; Econom\u00eda, Olivia Salom\u00f3n y, de Cultura, Sergio Vergara, as\u00ed como Nayeli Rocha Gallardo, gerente de RP Espect\u00e1culos, empresa encargada de la Feria, invitaron a toda la poblaci\u00f3n del pa\u00eds a asistir a este evento a realizarse del 28 de abril al 15 de mayo.<br \/>\nLa secretaria de Turismo, Marta Ornelas Guerrero destac\u00f3 que el estado ha logrado consolidarse como uno de los destinos tur\u00edsticos m\u00e1s completos del pa\u00eds, ya que integra productos de naturaleza, cultura, negocios, salud, ocio y recreaci\u00f3n, junto con una infraestructura que incluye 28 mil habitaciones de hotel de todas las categor\u00edas, un aeropuerto internacional, conectividad terrestre con todo el pa\u00eds, adem\u00e1s de prestadores de servicios tur\u00edsticos que se capacitan constantemente.<br \/>\nManifest\u00f3 que en el Pabell\u00f3n de Turismo las y los asistentes apreciar\u00e1n las bellezas y atractivos de<img decoding=\"async\" class=\"size-medium wp-image-306388 alignright\" src=\"https:\/\/dimensionturistica.com\/es\/wp-content\/uploads\/2022\/04\/unnamed-3-6-300x200.jpg\" alt=\"\" width=\"300\" height=\"200\" srcset=\"https:\/\/dimensionturistica.com\/es\/wp-content\/uploads\/2022\/04\/unnamed-3-6-300x200.jpg 300w, https:\/\/dimensionturistica.com\/es\/wp-content\/uploads\/2022\/04\/unnamed-3-6-1024x683.jpg 1024w, https:\/\/dimensionturistica.com\/es\/wp-content\/uploads\/2022\/04\/unnamed-3-6-768x512.jpg 768w, https:\/\/dimensionturistica.com\/es\/wp-content\/uploads\/2022\/04\/unnamed-3-6-1536x1024.jpg 1536w, https:\/\/dimensionturistica.com\/es\/wp-content\/uploads\/2022\/04\/unnamed-3-6-2048x1365.jpg 2048w, https:\/\/dimensionturistica.com\/es\/wp-content\/uploads\/2022\/04\/unnamed-3-6-750x500.jpg 750w, https:\/\/dimensionturistica.com\/es\/wp-content\/uploads\/2022\/04\/unnamed-3-6-1140x760.jpg 1140w\" sizes=\"(max-width: 300px) 100vw, 300px\" \/> los 10 Pueblos M\u00e1gicos de la entidad, as\u00ed como la capital del estado, la cual es Patrimonio de la Humanidad, y la reserva de la biosfera Tehuac\u00e1n\u2013Cuicatl\u00e1n, distribuidos en espacios seguros, con medidas sanitarias contra el virus SARS-CoV-2 como el protocolo internacional Safe Travels.<br \/>\nDiversi\u00f3n garantizada para todas las edades<br \/>\nEn su intervenci\u00f3n, Nayeli Rocha Gallardo, gerente de RP Espect\u00e1culos, invit\u00f3 a las y los capitalinos a disfrutar un variado programa de actividades que incluye actos circenses, de patinaje art\u00edstico, juegos mec\u00e1nicos gratuitos, fiesta brava y palenque.<br \/>\nDestac\u00f3 que, durante los 18 d\u00edas de Feria, el Teatro del Pueblo se engalanar\u00e1 con artistas de talla internacional como Marc Anthony, Moderatto, La Arrolladora Banda El Lim\u00f3n, Grupo Ca\u00f1averal, Reik, Pante\u00f3n Rococ\u00f3, Banda El Recodo, Bronco, Ha*Ash, Piso 21, Lupita D\u2019Alessio, Paquita la del Barrio, \u00c1ngeles Azules y Caf\u00e9 Tacvba; el programa completo puede consultarse en la p\u00e1gina electr\u00f3nica: https:\/\/feria.puebla.gob.mx\/.<br \/>\nRiqueza del campo poblano, presente en la Feria de Puebla<br \/>\nLa titular de la Secretar\u00eda de Desarrollo Rural (SDR), Ana Laura Altamirano P\u00e9rez destac\u00f3 que habr\u00e1 dos pabellones con lo mejor del campo poblano: uno para la venta de m\u00e1s de 300 productos agroindustriales, as\u00ed como la Expo Ganadera, que mostrar\u00e1 la mejor gen\u00e9tica del estado en bovinos, ovinos, caprinos, m\u00f3dulos ap\u00edcolas y acu\u00edcolas y una granja did\u00e1ctica para ni\u00f1as y ni\u00f1os.<br \/>\nEn ese sentido, destac\u00f3 que adem\u00e1s de la oferta de productos agroindustriales bajo el distintito \u201cOrgullo Puebla\u201d, el cual reconoce su origen 100 por ciento local, tales como licores, dulces t\u00edpicos, moles y artesan\u00edas, entre otros, habr\u00e1 tres pabellones dedicados a caf\u00e9, mezcal y miel, para dar a conocer la alta calidad de estas cadenas en Puebla, lo que ha valido que sean comercializados en mercados nacionales e internacionales.<br \/>\nDiversi\u00f3n y cultura garantizadas<br \/>\nEn su mensaje, el secretario de Cultura, Sergio Vergara Berdejo inform\u00f3 que durante el recorrido<img decoding=\"async\" class=\"size-medium wp-image-306389 alignleft\" src=\"https:\/\/dimensionturistica.com\/es\/wp-content\/uploads\/2022\/04\/unnamed-2-13-300x200.jpg\" alt=\"\" width=\"300\" height=\"200\" srcset=\"https:\/\/dimensionturistica.com\/es\/wp-content\/uploads\/2022\/04\/unnamed-2-13-300x200.jpg 300w, https:\/\/dimensionturistica.com\/es\/wp-content\/uploads\/2022\/04\/unnamed-2-13-1024x683.jpg 1024w, https:\/\/dimensionturistica.com\/es\/wp-content\/uploads\/2022\/04\/unnamed-2-13-768x512.jpg 768w, https:\/\/dimensionturistica.com\/es\/wp-content\/uploads\/2022\/04\/unnamed-2-13-1536x1024.jpg 1536w, https:\/\/dimensionturistica.com\/es\/wp-content\/uploads\/2022\/04\/unnamed-2-13-2048x1365.jpg 2048w, https:\/\/dimensionturistica.com\/es\/wp-content\/uploads\/2022\/04\/unnamed-2-13-750x500.jpg 750w, https:\/\/dimensionturistica.com\/es\/wp-content\/uploads\/2022\/04\/unnamed-2-13-1140x760.jpg 1140w\" sizes=\"(max-width: 300px) 100vw, 300px\" \/> por la Feria, las y los visitantes podr\u00e1n disfrutar muestras del arte y la cultura de Puebla, ya que la dependencia realizar\u00e1 diversas actividades de danza, literatura, teatro y m\u00fasica en la \u201cPeriFeria\u201d del recinto, adem\u00e1s podr\u00e1n apreciar y adquirir productos artesanales, elaborados con diferentes materiales, entre ellos textiles, fibras vegetales, joyer\u00eda, alfarer\u00eda, papel amate, palma, maderas y tejidos, entre otros, a fin de impulsar el origen de sus creaciones.<br \/>\nInnovaci\u00f3n y desarrollo presentes en la Feria de Puebla<br \/>\nLa secretaria de Econom\u00eda, Olivia Salom\u00f3n refiri\u00f3 que la dependencia a su cargo mostrar\u00e1 la riqueza e innovaci\u00f3n del estado, para que la disfruten las y los poblanos, los visitantes de todo el pa\u00eds y el mundo.<br \/>\nEn el pabell\u00f3n de la dependencia participar\u00e1n universidades, tecnol\u00f3gicos, empresarios, cl\u00fasteres y el Centro de Innovaci\u00f3n, Emprendimiento y Negocios, que mostrar\u00e1n las tendencias globales de emprendimiento, sustentabilidad, uso de energ\u00edas limpias, electromovilidad, desarrollo social de la industria agroalimentaria, as\u00ed como lo m\u00e1s destacado de los sectores textil y automotriz. Adem\u00e1s, habr\u00e1 citas de negocios y agenda con embajadores para posicionar a Puebla en el \u00e1mbito nacional y global.<br \/>\nEl ingreso general al recinto ferial ser\u00e1 de 50 pesos, y las personas mayores de 60 a\u00f1os, ni\u00f1os de menos de un metro de estatura y personas con alguna discapacidad podr\u00e1n entrar de manera gratuita. Estar\u00e1 abierta de lunes a viernes de 12:00 a 22:00 horas, mientras que s\u00e1bados, domingos y d\u00edas festivos de 11:00 horas a 12:00 de la noche.<br \/>\nTodas y cada una de la as actividades pueden consultarse en la p\u00e1gina https:\/\/feria.puebla.gob.mx\/<\/p>\n","protected":false},"excerpt":{"rendered":"<p>\u00a0Como parte del programa de reactivaci\u00f3n econ\u00f3mica \u201c\u00a1Que Reviva Puebla!\u201d y tras dos a\u00f1os de suspensi\u00f3n por la pandemia por COVID-19, el Gobierno del Estado present\u00f3 el programa de actividades de la Feria de Puebla 2022 (incluye espect\u00e1culos art\u00edsticos, culturales, muestra agropecuaria e industrial), que permitir\u00e1 a visitantes y turistas conocer las tradiciones, gastronom\u00eda, innovaci\u00f3n [&hellip;]<\/p>\n","protected":false},"author":1,"featured_media":306390,"comment_status":"open","ping_status":"closed","sticky":false,"template":"","format":"standard","meta":{"om_disable_all_campaigns":false,"jnews-multi-image_gallery":[],"jnews_single_post":{"source_name":"","source_url":"","via_name":"","via_url":"","override_template":"0","override":[{"template":"1","single_blog_custom":"","parallax":"1","fullscreen":"1","layout":"right-sidebar","sidebar":"default-sidebar","second_sidebar":"default-sidebar","sticky_sidebar":"1","share_position":"top","share_float_style":"share-monocrhome","show_share_counter":"1","show_view_counter":"1","show_featured":"1","show_post_meta":"1","show_post_author":"1","show_post_author_image":"1","show_post_date":"1","post_date_format":"default","post_date_format_custom":"Y\/m\/d","show_post_category":"1","show_post_reading_time":"0","post_reading_time_wpm":"300","show_zoom_button":"0","zoom_button_out_step":"2","zoom_button_in_step":"3","show_post_tag":"1","show_prev_next_post":"1","show_popup_post":"1","number_popup_post":"1","show_author_box":"0","show_post_related":"0","show_inline_post_related":"0"}],"override_image_size":"0","image_override":[{"single_post_thumbnail_size":"crop-500","single_post_gallery_size":"crop-500"}],"trending_post":"0","trending_post_position":"meta","trending_post_label":"Trending","sponsored_post":"0","sponsored_post_label":"Sponsored by","sponsored_post_name":"","sponsored_post_url":"","sponsored_post_logo_enable":"0","sponsored_post_logo":"","sponsored_post_desc":"","disable_ad":"0"},"jnews_primary_category":{"id":""},"jnews_social_meta":{"fb_title":"","fb_description":"","fb_image":"","twitter_title":"","twitter_description":"","twitter_image":""},"footnotes":""},"categories":[40],"tags":[],"class_list":["post-306386","post","type-post","status-publish","format-standard","has-post-thumbnail","hentry","category-industria"],"_links":{"self":[{"href":"https:\/\/dimensionturistica.com\/es\/wp-json\/wp\/v2\/posts\/306386","targetHints":{"allow":["GET"]}}],"collection":[{"href":"https:\/\/dimensionturistica.com\/es\/wp-json\/wp\/v2\/posts"}],"about":[{"href":"https:\/\/dimensionturistica.com\/es\/wp-json\/wp\/v2\/types\/post"}],"author":[{"embeddable":true,"href":"https:\/\/dimensionturistica.com\/es\/wp-json\/wp\/v2\/users\/1"}],"replies":[{"embeddable":true,"href":"https:\/\/dimensionturistica.com\/es\/wp-json\/wp\/v2\/comments?post=306386"}],"version-history":[{"count":0,"href":"https:\/\/dimensionturistica.com\/es\/wp-json\/wp\/v2\/posts\/306386\/revisions"}],"wp:featuredmedia":[{"embeddable":true,"href":"https:\/\/dimensionturistica.com\/es\/wp-json\/wp\/v2\/media\/306390"}],"wp:attachment":[{"href":"https:\/\/dimensionturistica.com\/es\/wp-json\/wp\/v2\/media?parent=306386"}],"wp:term":[{"taxonomy":"category","embeddable":true,"href":"https:\/\/dimensionturistica.com\/es\/wp-json\/wp\/v2\/categories?post=306386"},{"taxonomy":"post_tag","embeddable":true,"href":"https:\/\/dimensionturistica.com\/es\/wp-json\/wp\/v2\/tags?post=306386"}],"curies":[{"name":"wp","href":"https:\/\/api.w.org\/{rel}","templated":true}]}}