{"id":306276,"date":"2022-04-22T15:04:27","date_gmt":"2022-04-22T15:04:27","guid":{"rendered":"https:\/\/dimensionturistica.com\/es\/?p=306276"},"modified":"2022-04-22T15:04:28","modified_gmt":"2022-04-22T15:04:28","slug":"amlo-confirma-que-asistira-a-la-cumbre-de-las-americas-que-se-realizara-en-los-angeles-el-financiero","status":"publish","type":"post","link":"https:\/\/dimensionturistica.com\/es\/amlo-confirma-que-asistira-a-la-cumbre-de-las-americas-que-se-realizara-en-los-angeles-el-financiero\/","title":{"rendered":"AMLO confirma que asistir\u00e1 a la Cumbre de las Am\u00e9ricas que se realizar\u00e1 en Los \u00c1ngeles \u2013 El Financiero"},"content":{"rendered":"<p> <br \/>\n<\/p>\n<div id=\"\">\n<p class=\"default__StyledText-xb1qmn-0 kYamVn body-paragraph\">El presidente Andr\u00e9s Manuel L\u00f3pez Obrador confirm\u00f3 que asistir\u00e1 a la<b> Cumbre de las Am\u00e9ricas<\/b> que se realizar\u00e1 en la ciudad de<b> Los \u00c1ngeles <\/b>en el mes de junio.<\/p>\n<p class=\"default__StyledText-xb1qmn-0 kYamVn body-paragraph\">Durante la conferencia de prensa matutina de este viernes, el mandatario detall\u00f3 su <b>agenda internacional<\/b> para los meses de<b> mayo y junio de 2022<\/b>, en lo que realizar\u00e1<b> dos viajes<\/b>, uno a Centroam\u00e9rica y el Caribe y otro a Estados Unidos.<\/p>\n<p class=\"default__StyledText-xb1qmn-0 kYamVn body-paragraph\">\u201cNo tengo todav\u00eda la fecha exacta. S\u00e9 que va a celebrarse en Los \u00c1ngeles, California, en junio y <b>voy a asistir<\/b>\u201d, afirm\u00f3.<\/p>\n<p class=\"default__StyledText-xb1qmn-0 kYamVn body-paragraph\">\u201cYa se confirm\u00f3 tambi\u00e9n que vamos a llevar a cabo una gira en Centroam\u00e9rica y el Caribe. Vamos a visitar a partir del d\u00eda 5 de mayo <b>Guatemala<\/b>, <b>El Salvador<\/b>, <b>Honduras<\/b>, <b>Belice <\/b>y <b>Cuba<\/b>. Vamos a estar en estos pa\u00edses hermanos y luego vamos a asistir a esta Cumbre <b>a la que estamos invitados por el presidente Biden<\/b>\u201d, a\u00f1adi\u00f3.<\/p>\n<p class=\"default__StyledText-xb1qmn-0 kYamVn body-paragraph\">Durante el anuncio, AMLO fue cuestionado sobre si realizar\u00eda estos viajes en <b>aviones comerciales<\/b>. <b>El titular del Ejecutivo ignor\u00f3 la pregunta<\/b>. <\/p>\n<p class=\"default__StyledText-xb1qmn-0 kYamVn body-paragraph\">Hace algunas semanas, el canciller <b>Marcelo Ebrard hab\u00eda adelantado la possible participaci\u00f3n del presidente mexicano en la Cumbre de las Am\u00e9ricas<\/b> organizada por el gobierno de Estados Unidos, quien ha convocado a los l\u00edderes del continente que hayan sido \u201c<b>elegidos democr\u00e1ticamente<\/b>\u201d.<\/p>\n<p class=\"default__StyledText-xb1qmn-0 kYamVn body-paragraph\">\u201cEstamos preparando la Cumbre, <b>el 9 de junio<\/b>, de las Am\u00e9ricas, y va a ser aqu\u00ed en Los \u00c1ngeles, <b>entonces va a venir el presidente L\u00f3pez Obrador<\/b>\u201d, anunci\u00f3 Ebrard en un v\u00eddeo junto al alcalde de esa ciudad, Eric Garcetti.<\/p>\n<article class=\"container-fluid inline-promo border border_solid border_top color_black_1\"\/>\n<hr\/>\n<p class=\"default__StyledText-xb1qmn-0 kYamVn body-paragraph\"><b>Estos ser\u00e1n el cuarto y quinto viaje al extranjero de L\u00f3pez Obrador<\/b> desde que asumi\u00f3 la Presidencia de la Rep\u00fablica, en diciembre de 2018.<\/p>\n<p class=\"default__StyledText-xb1qmn-0 kYamVn body-paragraph\">Hasta el momento, todos sus viajes han sido a Estados Unidos, donde visit\u00f3 a<b> Donald Trump<\/b> en la Casa Blanca en julio de 2020, despu\u00e9s estuvo en la <b>ONU<\/b> en noviembre de 2021 y ese mismo mes viaj\u00f3 a Washington para reunirse con el presidente <b>Joe Biden<\/b> y el primer ministro canadiense,<b> Justin Trudeau<\/b>.<\/p>\n<\/div>\n\n<p><em> &#8221; Fuentes www.elfinanciero.com.mx &#8221; <\/em><\/p>\n","protected":false},"excerpt":{"rendered":"<p>El presidente Andr\u00e9s Manuel L\u00f3pez Obrador confirm\u00f3 que asistir\u00e1 a la Cumbre de las Am\u00e9ricas que se realizar\u00e1 en la ciudad de Los \u00c1ngeles en el mes de junio. Durante la conferencia de prensa matutina de este viernes, el mandatario detall\u00f3 su agenda internacional para los meses de mayo y junio de 2022, en lo [&hellip;]<\/p>\n","protected":false},"author":4,"featured_media":306277,"comment_status":"open","ping_status":"closed","sticky":false,"template":"","format":"standard","meta":{"om_disable_all_campaigns":false,"jnews-multi-image_gallery":[],"jnews_single_post":[],"jnews_primary_category":[],"jnews_social_meta":[],"footnotes":""},"categories":[39],"tags":[973,41839,1423],"class_list":["post-306276","post","type-post","status-publish","format-standard","has-post-thumbnail","hentry","category-viajes","tag-amlo","tag-cumbre-de-las-americas","tag-viajes-internacionales"],"_links":{"self":[{"href":"https:\/\/dimensionturistica.com\/es\/wp-json\/wp\/v2\/posts\/306276","targetHints":{"allow":["GET"]}}],"collection":[{"href":"https:\/\/dimensionturistica.com\/es\/wp-json\/wp\/v2\/posts"}],"about":[{"href":"https:\/\/dimensionturistica.com\/es\/wp-json\/wp\/v2\/types\/post"}],"author":[{"embeddable":true,"href":"https:\/\/dimensionturistica.com\/es\/wp-json\/wp\/v2\/users\/4"}],"replies":[{"embeddable":true,"href":"https:\/\/dimensionturistica.com\/es\/wp-json\/wp\/v2\/comments?post=306276"}],"version-history":[{"count":0,"href":"https:\/\/dimensionturistica.com\/es\/wp-json\/wp\/v2\/posts\/306276\/revisions"}],"wp:featuredmedia":[{"embeddable":true,"href":"https:\/\/dimensionturistica.com\/es\/wp-json\/wp\/v2\/media\/306277"}],"wp:attachment":[{"href":"https:\/\/dimensionturistica.com\/es\/wp-json\/wp\/v2\/media?parent=306276"}],"wp:term":[{"taxonomy":"category","embeddable":true,"href":"https:\/\/dimensionturistica.com\/es\/wp-json\/wp\/v2\/categories?post=306276"},{"taxonomy":"post_tag","embeddable":true,"href":"https:\/\/dimensionturistica.com\/es\/wp-json\/wp\/v2\/tags?post=306276"}],"curies":[{"name":"wp","href":"https:\/\/api.w.org\/{rel}","templated":true}]}}