{"id":306266,"date":"2022-04-22T18:31:26","date_gmt":"2022-04-22T18:31:26","guid":{"rendered":"https:\/\/dimensionturistica.com\/es\/?p=306266"},"modified":"2022-04-22T18:31:26","modified_gmt":"2022-04-22T18:31:26","slug":"emirates-concluye-seis-exitosos-meses-en-la-expo-2020-de-dubai","status":"publish","type":"post","link":"https:\/\/dimensionturistica.com\/es\/emirates-concluye-seis-exitosos-meses-en-la-expo-2020-de-dubai\/","title":{"rendered":"Emirates concluye seis exitosos meses en la Expo 2020 de Dub\u00e1i"},"content":{"rendered":"<p><img decoding=\"async\" class=\"size-medium wp-image-306382 alignleft\" src=\"https:\/\/dimensionturistica.com\/es\/wp-content\/uploads\/2022\/04\/AZAFATAS-300x192.jpg\" alt=\"\" width=\"300\" height=\"192\" srcset=\"https:\/\/dimensionturistica.com\/es\/wp-content\/uploads\/2022\/04\/AZAFATAS-300x192.jpg 300w, https:\/\/dimensionturistica.com\/es\/wp-content\/uploads\/2022\/04\/AZAFATAS.jpg 499w\" sizes=\"(max-width: 300px) 100vw, 300px\" \/> Emirates ha concluido seis exitosos meses en la Expo 2020 de Dub\u00e1i, asombrando a cientos de miles de visitantes en su pabell\u00f3n ultra futurista. Ahora que el mayor espect\u00e1culo del mundo baja el tel\u00f3n, la aerol\u00ednea mira hacia atr\u00e1s a 180 d\u00edas de experiencias \u00fanicas en su pabell\u00f3n, teletransportando a los visitantes al futuro de la aviaci\u00f3n comercial en 2071.<br \/>\nSu Alteza el Jeque Ahmed bin Saeed Al Maktoum, presidente y director general del Grupo Emirates, coment\u00f3: &#8220;Ha sido un viaje incre\u00edble. Lo que empez\u00f3 como una oferta y un sue\u00f1o se ha convertido en una realidad. Emirates ha sido socio de la Expo desde el principio y estamos orgullosos de haber desempe\u00f1ado un papel importante en el \u00e9xito de este mega evento. Dub\u00e1i tiene un r\u00e9cord insuperable de hacer siempre las cosas m\u00e1s grandes y mejores, y la Expo 2020 de Dub\u00e1i fue precisamente eso. La amplia red de rutas de Emirates y su perfecta conectividad han convertido realmente a Dub\u00e1i en el punto de encuentro del mundo y en el mejor lugar para estar este a\u00f1o, y todos los a\u00f1os.&#8221;<br \/>\nConectando a millones de pasajeros con la Expo 2020 de Dub\u00e1i<br \/>\nComo socio principal y aerol\u00ednea oficial de la Expo Dub\u00e1i 2020, Emirates ha desempe\u00f1ado un papel importante a la hora de llevar a visitantes de todo el mundo al evento. En los \u00faltimos seis meses, la aerol\u00ednea ha llevado a millones de pasajeros a la Expo, desde m\u00e1s de 120 destinos, en seis continentes.<img decoding=\"async\" class=\"size-medium wp-image-306383 alignright\" src=\"https:\/\/dimensionturistica.com\/es\/wp-content\/uploads\/2022\/04\/EXPOS-300x225.jpg\" alt=\"\" width=\"300\" height=\"225\" srcset=\"https:\/\/dimensionturistica.com\/es\/wp-content\/uploads\/2022\/04\/EXPOS-300x225.jpg 300w, https:\/\/dimensionturistica.com\/es\/wp-content\/uploads\/2022\/04\/EXPOS.jpg 400w\" sizes=\"(max-width: 300px) 100vw, 300px\" \/><br \/>\nM\u00e1s de 40 aviones de Emirates con uniformes especiales para la Expo, incluida la llamativa consigna de la Expo &#8220;be part of the magic&#8221;, han volado por toda la red de la aerol\u00ednea para dar a conocer uno de los mayores acontecimientos mundiales.<br \/>\nEmirates ha invertido m\u00e1s de 100 millones de d\u00f3lares en publicidad y otras campa\u00f1as promocionales para promover y dar a conocer la Expo 2020 en sus mercados globales. Desde la asociaci\u00f3n con el famoso actor Chris Hemsworth para lanzar una audaz campa\u00f1a durante la inauguraci\u00f3n de la Expo, hasta cautivar al mundo con un anuncio viral en el que aparec\u00eda su tripulaci\u00f3n de cabina en la punta del Burj Khalifa, la aerol\u00ednea ha desempe\u00f1ado un papel fundamental para situar la Expo 2020 de Dub\u00e1i en lo m\u00e1s alto de la agenda de viajes del mundo.<br \/>\nLa aerol\u00ednea tambi\u00e9n puso en marcha diversas iniciativas y m\u00faltiples ofertas de productos, entre ellas paquetes comerciales especializados, ofertas anticipadas y un pase gratuito para el D\u00eda de la Expo para todos los pasajeros de Emirates, que m\u00e1s de un mill\u00f3n de clientes canjearon en emirates.com.<br \/>\nDesde octubre de 2021, Emirates ha recibido un importante n\u00famero de visitantes en su pabell\u00f3n. Las impresionantes instalaciones multisensoriales y las experiencias visuales ofrecieron a los visitantes una visi\u00f3n del futuro de la aviaci\u00f3n comercial. Los auriculares de realidad virtual -en los que los visitantes pod\u00edan explorar las cabinas interiores de los aviones del futuro- fueron la<img decoding=\"async\" class=\"size-medium wp-image-306384 alignleft\" src=\"https:\/\/dimensionturistica.com\/es\/wp-content\/uploads\/2022\/04\/LOGOEMIRATOS-300x88.jpg\" alt=\"\" width=\"300\" height=\"88\" srcset=\"https:\/\/dimensionturistica.com\/es\/wp-content\/uploads\/2022\/04\/LOGOEMIRATOS-300x88.jpg 300w, https:\/\/dimensionturistica.com\/es\/wp-content\/uploads\/2022\/04\/LOGOEMIRATOS.jpg 348w\" sizes=\"(max-width: 300px) 100vw, 300px\" \/> experiencia digital m\u00e1s visitada y popular.<br \/>\nLos objetos de recuerdo \u00fanicos y de edici\u00f3n limitada, como el modelo de avi\u00f3n de Emirates A380 &#8220;be part of the magic&#8221; y las fundas de pasaporte con la marca de la Expo, fueron algunos de los art\u00edculos m\u00e1s buscados por los aficionados a la aviaci\u00f3n y los visitantes de la Expo que acudieron al pabell\u00f3n.<br \/>\n\u201cCreando el futuro, conectando mentes&#8221;<br \/>\nEn los \u00faltimos seis meses, Emirates ha recibido en el Pabell\u00f3n de Emirates a un gran n\u00famero de l\u00edderes empresariales mundiales y estimados funcionarios estatales, entre ellos Su Alteza el Jeque Mohammed bin Rashid Al Maktoum, vicepresidente y primer ministro de los EAU y Gobernante de Dub\u00e1i.<br \/>\nLa aerol\u00ednea tambi\u00e9n recibi\u00f3 a renombradas figuras del deporte y a delegaciones del AC Mil\u00e1n, el Arsenal, el Real Madrid, el Lancashire Cricket, el UAE Team Emirates y el F1 Grand Prix.<br \/>\nEmirates tambi\u00e9n organiz\u00f3 una sesi\u00f3n sat\u00e9lite \u00edntima en su pabell\u00f3n durante el Festival de Literatura de Emirates Airlines, ofreciendo oportunidades \u00fanicas para que los amantes de la literatura se pongan en contacto con autores y empresarios de renombre.<br \/>\nComenz\u00f3 como una idea, se convirti\u00f3 en una realidad \u2013 Conoce m\u00e1s de estos espectaculares 6 meses que se vivieron en la Expo Dub\u00e1i 2020.<\/p>\n","protected":false},"excerpt":{"rendered":"<p>Emirates ha concluido seis exitosos meses en la Expo 2020 de Dub\u00e1i, asombrando a cientos de miles de visitantes en su pabell\u00f3n ultra futurista. Ahora que el mayor espect\u00e1culo del mundo baja el tel\u00f3n, la aerol\u00ednea mira hacia atr\u00e1s a 180 d\u00edas de experiencias \u00fanicas en su pabell\u00f3n, teletransportando a los visitantes al futuro de [&hellip;]<\/p>\n","protected":false},"author":1,"featured_media":306380,"comment_status":"open","ping_status":"closed","sticky":false,"template":"","format":"standard","meta":{"om_disable_all_campaigns":false,"jnews-multi-image_gallery":[],"jnews_single_post":{"source_name":"","source_url":"","via_name":"","via_url":"","override_template":"0","override":[{"template":"1","single_blog_custom":"","parallax":"1","fullscreen":"1","layout":"right-sidebar","sidebar":"default-sidebar","second_sidebar":"default-sidebar","sticky_sidebar":"1","share_position":"top","share_float_style":"share-monocrhome","show_share_counter":"1","show_view_counter":"1","show_featured":"1","show_post_meta":"1","show_post_author":"1","show_post_author_image":"1","show_post_date":"1","post_date_format":"default","post_date_format_custom":"Y\/m\/d","show_post_category":"1","show_post_reading_time":"0","post_reading_time_wpm":"300","show_zoom_button":"0","zoom_button_out_step":"2","zoom_button_in_step":"3","show_post_tag":"1","show_prev_next_post":"1","show_popup_post":"1","number_popup_post":"1","show_author_box":"0","show_post_related":"0","show_inline_post_related":"0"}],"override_image_size":"0","image_override":[{"single_post_thumbnail_size":"crop-500","single_post_gallery_size":"crop-500"}],"trending_post":"0","trending_post_position":"meta","trending_post_label":"Trending","sponsored_post":"0","sponsored_post_label":"Sponsored by","sponsored_post_name":"","sponsored_post_url":"","sponsored_post_logo_enable":"0","sponsored_post_logo":"","sponsored_post_desc":"","disable_ad":"0"},"jnews_primary_category":{"id":""},"jnews_social_meta":{"fb_title":"","fb_description":"","fb_image":"","twitter_title":"","twitter_description":"","twitter_image":""},"footnotes":""},"categories":[39],"tags":[],"class_list":["post-306266","post","type-post","status-publish","format-standard","has-post-thumbnail","hentry","category-viajes"],"_links":{"self":[{"href":"https:\/\/dimensionturistica.com\/es\/wp-json\/wp\/v2\/posts\/306266","targetHints":{"allow":["GET"]}}],"collection":[{"href":"https:\/\/dimensionturistica.com\/es\/wp-json\/wp\/v2\/posts"}],"about":[{"href":"https:\/\/dimensionturistica.com\/es\/wp-json\/wp\/v2\/types\/post"}],"author":[{"embeddable":true,"href":"https:\/\/dimensionturistica.com\/es\/wp-json\/wp\/v2\/users\/1"}],"replies":[{"embeddable":true,"href":"https:\/\/dimensionturistica.com\/es\/wp-json\/wp\/v2\/comments?post=306266"}],"version-history":[{"count":0,"href":"https:\/\/dimensionturistica.com\/es\/wp-json\/wp\/v2\/posts\/306266\/revisions"}],"wp:featuredmedia":[{"embeddable":true,"href":"https:\/\/dimensionturistica.com\/es\/wp-json\/wp\/v2\/media\/306380"}],"wp:attachment":[{"href":"https:\/\/dimensionturistica.com\/es\/wp-json\/wp\/v2\/media?parent=306266"}],"wp:term":[{"taxonomy":"category","embeddable":true,"href":"https:\/\/dimensionturistica.com\/es\/wp-json\/wp\/v2\/categories?post=306266"},{"taxonomy":"post_tag","embeddable":true,"href":"https:\/\/dimensionturistica.com\/es\/wp-json\/wp\/v2\/tags?post=306266"}],"curies":[{"name":"wp","href":"https:\/\/api.w.org\/{rel}","templated":true}]}}