{"id":306180,"date":"2022-04-22T13:15:01","date_gmt":"2022-04-22T13:15:01","guid":{"rendered":"https:\/\/dimensionturistica.com\/es\/?p=306180"},"modified":"2022-04-22T13:15:01","modified_gmt":"2022-04-22T13:15:01","slug":"miguel-torruco-y-claudia-pavlovich-acompanados-de-secretarios-de-turismo-presentan-el-1-er-tianguis-internacional-de-pueblos-magicos-en-barcelona","status":"publish","type":"post","link":"https:\/\/dimensionturistica.com\/es\/miguel-torruco-y-claudia-pavlovich-acompanados-de-secretarios-de-turismo-presentan-el-1-er-tianguis-internacional-de-pueblos-magicos-en-barcelona\/","title":{"rendered":"Miguel Torruco y Claudia Pavlovich, acompa\u00f1ados de secretarios de Turismo, presentan el 1.er Tianguis Internacional de Pueblos M\u00e1gicos en Barcelona"},"content":{"rendered":"<p><img decoding=\"async\" class=\"size-medium wp-image-306190 alignleft\" src=\"https:\/\/dimensionturistica.com\/es\/wp-content\/uploads\/2022\/04\/Presentacion-TIPM-4-300x169.jpeg\" alt=\"\" width=\"300\" height=\"169\" srcset=\"https:\/\/dimensionturistica.com\/es\/wp-content\/uploads\/2022\/04\/Presentacion-TIPM-4-300x169.jpeg 300w, https:\/\/dimensionturistica.com\/es\/wp-content\/uploads\/2022\/04\/Presentacion-TIPM-4-768x432.jpeg 768w, https:\/\/dimensionturistica.com\/es\/wp-content\/uploads\/2022\/04\/Presentacion-TIPM-4-750x422.jpeg 750w, https:\/\/dimensionturistica.com\/es\/wp-content\/uploads\/2022\/04\/Presentacion-TIPM-4.jpeg 1024w\" sizes=\"(max-width: 300px) 100vw, 300px\" \/>El secretario de Turismo del Gobierno de M\u00e9xico, Miguel Torruco Marqu\u00e9s, y la c\u00f3nsul de M\u00e9xico en Barcelona, Claudia Pavlovich, acompa\u00f1ados de secretarios de Turismo estatales, presentaron el Primer Tianguis Internacional de Pueblos M\u00e1gicos que se realizar\u00e1 en esta ciudad del 22 al 24 de abril.<br \/>\nEl titular de la Secretar\u00eda de Turismo (Sectur) dio a conocer los pormenores de este evento que tiene como objetivo promover los 132 Pueblos M\u00e1gicos como el nuevo rostro tur\u00edstico de M\u00e9xico.<br \/>\nSe\u00f1al\u00f3 que este evento se llevar\u00e1 a cabo en el Centro de Convenciones Internacional Barcelona (CCIB), recinto inaugurado en el a\u00f1o 2004, que hoy es un referente europeo de eventos de gran magnitud, y que tiene una ubicaci\u00f3n privilegiada en el distrito tecnol\u00f3gico y de negocios de esta<img decoding=\"async\" class=\"size-medium wp-image-306188 alignright\" src=\"https:\/\/dimensionturistica.com\/es\/wp-content\/uploads\/2022\/04\/Presentacion-TIPM-6-300x169.jpeg\" alt=\"\" width=\"300\" height=\"169\" srcset=\"https:\/\/dimensionturistica.com\/es\/wp-content\/uploads\/2022\/04\/Presentacion-TIPM-6-300x169.jpeg 300w, https:\/\/dimensionturistica.com\/es\/wp-content\/uploads\/2022\/04\/Presentacion-TIPM-6-1024x576.jpeg 1024w, https:\/\/dimensionturistica.com\/es\/wp-content\/uploads\/2022\/04\/Presentacion-TIPM-6-768x432.jpeg 768w, https:\/\/dimensionturistica.com\/es\/wp-content\/uploads\/2022\/04\/Presentacion-TIPM-6-1536x864.jpeg 1536w, https:\/\/dimensionturistica.com\/es\/wp-content\/uploads\/2022\/04\/Presentacion-TIPM-6-750x422.jpeg 750w, https:\/\/dimensionturistica.com\/es\/wp-content\/uploads\/2022\/04\/Presentacion-TIPM-6-1140x641.jpeg 1140w, https:\/\/dimensionturistica.com\/es\/wp-content\/uploads\/2022\/04\/Presentacion-TIPM-6.jpeg 1599w\" sizes=\"(max-width: 300px) 100vw, 300px\" \/> metr\u00f3poli.<br \/>\nEl Primer Tianguis Internacional de Pueblos M\u00e1gicos ser\u00e1 un evento abierto al p\u00fablico de forma gratuita, adem\u00e1s, participar\u00e1n autoridades, cuerpos diplom\u00e1ticos, invitados especiales, as\u00ed como tour operadores y profesionales del turismo quienes tendr\u00e1n citas de negocios con los expositores.<br \/>\nTorruco Marqu\u00e9s detall\u00f3 que habr\u00e1 cuatro pabellones, de los cuales uno ser\u00e1 el gastron\u00f3mico, con la presencia de la chef mexicana Rita S\u00e1nchez, pionera y reconocida por su cocina mexicana en Espa\u00f1a.<br \/>\n<img decoding=\"async\" class=\"size-medium wp-image-306194 alignright\" src=\"https:\/\/dimensionturistica.com\/es\/wp-content\/uploads\/2022\/04\/Presentacion-TIPM-3-300x169.jpeg\" alt=\"\" width=\"300\" height=\"169\" srcset=\"https:\/\/dimensionturistica.com\/es\/wp-content\/uploads\/2022\/04\/Presentacion-TIPM-3-300x169.jpeg 300w, https:\/\/dimensionturistica.com\/es\/wp-content\/uploads\/2022\/04\/Presentacion-TIPM-3-1024x576.jpeg 1024w, https:\/\/dimensionturistica.com\/es\/wp-content\/uploads\/2022\/04\/Presentacion-TIPM-3-768x432.jpeg 768w, https:\/\/dimensionturistica.com\/es\/wp-content\/uploads\/2022\/04\/Presentacion-TIPM-3-1536x864.jpeg 1536w, https:\/\/dimensionturistica.com\/es\/wp-content\/uploads\/2022\/04\/Presentacion-TIPM-3-750x422.jpeg 750w, https:\/\/dimensionturistica.com\/es\/wp-content\/uploads\/2022\/04\/Presentacion-TIPM-3-1140x641.jpeg 1140w, https:\/\/dimensionturistica.com\/es\/wp-content\/uploads\/2022\/04\/Presentacion-TIPM-3.jpeg 1599w\" sizes=\"(max-width: 300px) 100vw, 300px\" \/>Tambi\u00e9n se contar\u00e1 con la presencia del chef David Quevedo, originario de Guanajuato que gan\u00f3 el Concurso Mundial de Tapas Espa\u00f1olas en 2021.<br \/>\nEl titular de Sectur explic\u00f3 que el pabell\u00f3n de negocios tendr\u00e1 cabinas equipadas con tablets para ingresar a las diferentes plataformas digitales, espacios para empresas y sala de juntas con pantalla de proyecci\u00f3n.<br \/>\nPuntualiz\u00f3 que asistir\u00e1n compradores de 15 pa\u00edses: Espa\u00f1a, Estados Unidos, Reino Unido, Pakist\u00e1n, Italia, Rusia, Turqu\u00eda, Polonia, Alemania, Letonia, Israel, Hungr\u00eda, Panam\u00e1, Pa\u00edses Bajos y M\u00e9xico.<br \/>\nEn el Primer Tianguis Internacional de Pueblos M\u00e1gicos est\u00e1n registrados 261 expositores, y hasta el momento est\u00e1n confirmadas 469 citas presenciales de negocio, adem\u00e1s habr\u00e1 nueve ponencias magistrales, subray\u00f3 Torruco Marqu\u00e9s.<br \/>\nPor su parte, Claudia Pavlovich destac\u00f3 la importancia de que M\u00e9xico est\u00e9 presente en Barcelona al ser la puerta de entrada a Espa\u00f1a y Europa.<br \/>\n<img decoding=\"async\" class=\"size-medium wp-image-306189 alignleft\" src=\"https:\/\/dimensionturistica.com\/es\/wp-content\/uploads\/2022\/04\/Presentacion-TIPM-300x169.jpeg\" alt=\"\" width=\"300\" height=\"169\" srcset=\"https:\/\/dimensionturistica.com\/es\/wp-content\/uploads\/2022\/04\/Presentacion-TIPM-300x169.jpeg 300w, https:\/\/dimensionturistica.com\/es\/wp-content\/uploads\/2022\/04\/Presentacion-TIPM-1024x576.jpeg 1024w, https:\/\/dimensionturistica.com\/es\/wp-content\/uploads\/2022\/04\/Presentacion-TIPM-768x432.jpeg 768w, https:\/\/dimensionturistica.com\/es\/wp-content\/uploads\/2022\/04\/Presentacion-TIPM-1536x864.jpeg 1536w, https:\/\/dimensionturistica.com\/es\/wp-content\/uploads\/2022\/04\/Presentacion-TIPM-750x422.jpeg 750w, https:\/\/dimensionturistica.com\/es\/wp-content\/uploads\/2022\/04\/Presentacion-TIPM-1140x641.jpeg 1140w, https:\/\/dimensionturistica.com\/es\/wp-content\/uploads\/2022\/04\/Presentacion-TIPM.jpeg 1599w\" sizes=\"(max-width: 300px) 100vw, 300px\" \/>Reconoci\u00f3 la buena y estrecha relaci\u00f3n que existe entre M\u00e9xico y Espa\u00f1a, pa\u00edses unidos por su cultura, historia e idioma, y se\u00f1al\u00f3 que el Primer Tianguis Internacional de Pueblos M\u00e1gicos ser\u00e1 un \u00e9xito porque permitir\u00e1 mostrar la riqueza de estos destinos que tienen mucho que ofrecer.<br \/>\nEn el evento tambi\u00e9n estuvieron presentes el subsecretario de Turismo, Humberto Hern\u00e1ndez-Haddad; y el presidente de la Asociaci\u00f3n de Secretarios de Turismo (Asetur) y secretario de Turismo de Oaxaca, Juan Carlos Rivera Castellanos, quien destac\u00f3 los seis Pueblos M\u00e1gicos de su entidad: Capul\u00e1lpam, Huautla de Jim\u00e9nez, Juquila, Mazunte, San Pablo Villa de Mitla y San Pedro y San Pablo Teposcolula.<br \/>\nTambi\u00e9n, Eduardo Javier Ba\u00f1os G\u00f3mez, secretario de Turismo de Hidalgo, present\u00f3 Huasca de Ocampo, Huichapan, Mineral del Chico, Real del Monte, Tecozautla, Zempoala y Zimap\u00e1n; mientras que el secretario de Turismo de Zacatecas, Le Roy Barrag\u00e1n Ocampo, habl\u00f3 de Jerez, Guadalupe, Nochistl\u00e1n, Pinos, Sombrerete y Te\u00fal.<br \/>\nEn su oportunidad la secretaria de Turismo de Nuevo Le\u00f3n, Maricarmen Mart\u00ednez Villarreal, destac\u00f3 los Pueblos M\u00e1gicos de Bustamante, Linares y Santiago; Bernardo Cueto Riestra, secretario de Turismo de Quintana Roo, expuso los atractivos de Bacalar, Isla Mujeres y Tulum; y Mauricio Arceo Pi\u00f1a, secretario de Turismo de Campeche, habl\u00f3 de Isla Aguada y Palizada.<\/p>\n","protected":false},"excerpt":{"rendered":"<p>El secretario de Turismo del Gobierno de M\u00e9xico, Miguel Torruco Marqu\u00e9s, y la c\u00f3nsul de M\u00e9xico en Barcelona, Claudia Pavlovich, acompa\u00f1ados de secretarios de Turismo estatales, presentaron el Primer Tianguis Internacional de Pueblos M\u00e1gicos que se realizar\u00e1 en esta ciudad del 22 al 24 de abril. El titular de la Secretar\u00eda de Turismo (Sectur) dio [&hellip;]<\/p>\n","protected":false},"author":1,"featured_media":306195,"comment_status":"open","ping_status":"closed","sticky":false,"template":"","format":"standard","meta":{"om_disable_all_campaigns":false,"jnews-multi-image_gallery":[],"jnews_single_post":{"source_name":"","source_url":"","via_name":"","via_url":"","override_template":"0","override":[{"template":"1","single_blog_custom":"","parallax":"1","fullscreen":"1","layout":"right-sidebar","sidebar":"default-sidebar","second_sidebar":"default-sidebar","sticky_sidebar":"1","share_position":"top","share_float_style":"share-monocrhome","show_share_counter":"1","show_view_counter":"1","show_featured":"1","show_post_meta":"1","show_post_author":"1","show_post_author_image":"1","show_post_date":"1","post_date_format":"default","post_date_format_custom":"Y\/m\/d","show_post_category":"1","show_post_reading_time":"0","post_reading_time_wpm":"300","show_zoom_button":"0","zoom_button_out_step":"2","zoom_button_in_step":"3","show_post_tag":"1","show_prev_next_post":"1","show_popup_post":"1","number_popup_post":"1","show_author_box":"0","show_post_related":"0","show_inline_post_related":"0"}],"override_image_size":"0","image_override":[{"single_post_thumbnail_size":"crop-500","single_post_gallery_size":"crop-500"}],"trending_post":"0","trending_post_position":"meta","trending_post_label":"Trending","sponsored_post":"0","sponsored_post_label":"Sponsored by","sponsored_post_name":"","sponsored_post_url":"","sponsored_post_logo_enable":"0","sponsored_post_logo":"","sponsored_post_desc":"","disable_ad":"0"},"jnews_primary_category":{"id":""},"jnews_social_meta":{"fb_title":"","fb_description":"","fb_image":"","twitter_title":"","twitter_description":"","twitter_image":""},"footnotes":""},"categories":[39],"tags":[],"class_list":["post-306180","post","type-post","status-publish","format-standard","has-post-thumbnail","hentry","category-viajes"],"_links":{"self":[{"href":"https:\/\/dimensionturistica.com\/es\/wp-json\/wp\/v2\/posts\/306180","targetHints":{"allow":["GET"]}}],"collection":[{"href":"https:\/\/dimensionturistica.com\/es\/wp-json\/wp\/v2\/posts"}],"about":[{"href":"https:\/\/dimensionturistica.com\/es\/wp-json\/wp\/v2\/types\/post"}],"author":[{"embeddable":true,"href":"https:\/\/dimensionturistica.com\/es\/wp-json\/wp\/v2\/users\/1"}],"replies":[{"embeddable":true,"href":"https:\/\/dimensionturistica.com\/es\/wp-json\/wp\/v2\/comments?post=306180"}],"version-history":[{"count":0,"href":"https:\/\/dimensionturistica.com\/es\/wp-json\/wp\/v2\/posts\/306180\/revisions"}],"wp:featuredmedia":[{"embeddable":true,"href":"https:\/\/dimensionturistica.com\/es\/wp-json\/wp\/v2\/media\/306195"}],"wp:attachment":[{"href":"https:\/\/dimensionturistica.com\/es\/wp-json\/wp\/v2\/media?parent=306180"}],"wp:term":[{"taxonomy":"category","embeddable":true,"href":"https:\/\/dimensionturistica.com\/es\/wp-json\/wp\/v2\/categories?post=306180"},{"taxonomy":"post_tag","embeddable":true,"href":"https:\/\/dimensionturistica.com\/es\/wp-json\/wp\/v2\/tags?post=306180"}],"curies":[{"name":"wp","href":"https:\/\/api.w.org\/{rel}","templated":true}]}}