{"id":305811,"date":"2022-04-21T21:12:22","date_gmt":"2022-04-21T21:12:22","guid":{"rendered":"https:\/\/dimensionturistica.com\/es\/?p=305811"},"modified":"2022-04-21T21:12:23","modified_gmt":"2022-04-21T21:12:23","slug":"espana-busca-reforzar-su-liderazgo-turistico-en-colombia-tras-la-pandemia-viajar-vida","status":"publish","type":"post","link":"https:\/\/dimensionturistica.com\/es\/espana-busca-reforzar-su-liderazgo-turistico-en-colombia-tras-la-pandemia-viajar-vida\/","title":{"rendered":"Espa\u00f1a busca reforzar su liderazgo tur\u00edstico en Colombia tras la pandemia &#8211; Viajar &#8211; Vida"},"content":{"rendered":"<p> <br \/>\n<\/p>\n<div itemprop=\"articleBody\">\n<!-- inread - article_add_mudules.html.twig --><\/p>\n<p class=\"contenido\" id=\"p666755-m1052-1051-1053\">Espa\u00f1a quiere reforzar su posici\u00f3n de principal destino para los turistas colombianos en Europa una vez superada la pandemia, y con ese fin una delegaci\u00f3n de Turespa\u00f1a, la ciudad de Madrid y la comunidad de Andaluc\u00eda visita esta semana el pa\u00eds. <\/p>\n<p><b>&#8220;Para nosotros, Colombia es un mercado muy importante; en los \u00faltimos a\u00f1os ha crecido mucho y en 2019, antes de la pandemia, se convirti\u00f3 en el cuarto mercado iberoamericano emisor de turismo<\/b>&#8220;, dijo a Efe la consejera de Turismo de Espa\u00f1a para Colombia, Elvira Marcos Salazar. <\/p>\n<p>(Le puede interesar:\u00a0<a rel=\"nofollow noopener\" target=\"_blank\" href=\"https:\/\/www.eltiempo.com\/vida\/viajar\/la-aerolinea-de-ultra-bajo-costo-volaris-costa-rica-llega-a-bogota-666688\">La aerol\u00ednea de ultra bajo costo Volaris Costa Rica llega a Bogot\u00e1)<\/a><\/p>\n<p class=\"contenido\" id=\"p666755-m1096-2-1097\">Marcos, que lleva desde Miami (EE.UU.) los asuntos de turismo para varios pa\u00edses latinoamericanos, entre ellos Colombia, destac\u00f3 que<b> hasta 2019 Espa\u00f1a period el primer destino europeo para los viajeros colombianos y &#8220;el segundo destino a nivel mundial despu\u00e9s de Estados Unidos&#8221;,<\/b> y tras la pandemia hay que mantener esa posici\u00f3n.<\/p>\n<p>&#8220;<b>El objetivo de esta misi\u00f3n es recuperar todo ese trabajo que se hab\u00eda hecho y reforzar de nuevo ese liderazgo de Espa\u00f1a como primer destino no solo europeo sino recuperar esa segunda posici\u00f3n a nivel global <\/b>que l\u00f3gicamente, con la pandemia, ha sido muy dif\u00edcil mantener&#8221;, manifest\u00f3. <\/p>\n<p>La diplom\u00e1tica subray\u00f3 que tras la paralizaci\u00f3n del turismo mundial en 2020, en Espa\u00f1a empezaron a verse en 2021 se\u00f1ales de recuperaci\u00f3n del sector que continuaron en el primer bimestre de este a\u00f1o. &#8220;Espa\u00f1a cerr\u00f3 el a\u00f1o 2021 con 31 millones y medio de turistas de todo el mundo, lo cual est\u00e1 en torno al 40 % de lo que hab\u00edamos recibido antes de la pandemia&#8221;, y de ese complete, 1,3 millones fueron turistas latinoamericanos, indic\u00f3.<\/p>\n<p class=\"contenido\" id=\"p666755-m1102-3-1103\">(Le puede interesar<a rel=\"nofollow noopener\" target=\"_blank\" href=\"https:\/\/www.eltiempo.com\/vida\/viajar\/crecimiento-del-turismo-global-superara-al-de-la-economia-mundial-wttc-666595\">: Crecimiento del turismo global superar\u00e1 al de la econom\u00eda mundial: WTTC)<\/a><\/p>\n<div class=\"fotografia vertical\" id=\"p666755-m1108-4-1109\">\n<div class=\"imagen-cuerpo-bk\">\n<figure itemscope=\"\" itemtype=\"https:\/\/schema.org\/ImageObject\" itemprop=\"image\" id=\"m1113-1112-1114\" class=\"foto-galeria-articulo\"><img decoding=\"async\" alt=\"Turismo en Espa\u00f1a\" src=\"https:\/\/www.eltiempo.com\/images\/1x1.png\" style=\" display: inline;\" width=\"312px\" height=\"470px\" data-original=\"\/files\/article_vertical_content_new\/uploads\/2017\/04\/06\/58e6e613bd11b.jpeg\"\/><meta itemprop=\"width\" content=\"312\"\/><meta itemprop=\"height\" content=\"470\"\/><meta itemprop=\"url\" content=\"https:\/\/www.eltiempo.com\/files\/article_vertical_content_new\/uploads\/2017\/04\/06\/58e6e613bd11b.jpeg\"\/><\/figure>\n<\/div>\n<div class=\"figcaption-cuerpo-bk credito-image-bk\"><figcaption class=\"foto-info\">\n<div class=\"titulo-foto-bk\">\n<p id=\"m1120-1-1121\" class=\"titulo\">De Colombia fueron 130.000 colombianos a Espa\u00f1a en 2021.<\/p>\n<\/div>\n<div class=\"credito-apertura-strong-bk credito-image-bk\">\n<strong>Foto:<\/strong><\/p>\n<p id=\"m1126-2-1127\" class=\"autor\">Jos\u00e9 Mojica \/ EL TIEMPO<\/p>\n<\/div>\n<\/figcaption><\/div>\n<\/div>\n<p class=\"contenido\" id=\"p666755-m1134-5-1135\">Marcos se\u00f1al\u00f3 que &#8220;<b>de Colombia fueron 130.000 colombianos a Espa\u00f1a en 2021&#8243;<\/b>, un dato que consider\u00f3 &#8220;muy bueno teniendo en cuenta que el mercado colombiano no se abri\u00f3 hasta agosto de 2021, cuando se permiti\u00f3 la entrada de poblaci\u00f3n vacunada a Espa\u00f1a&#8221;. <\/p>\n<p>&#8220;Siendo un destino lejano a efectos geogr\u00e1ficos, refleja la fidelidad y el lazo cultural tan importante y el v\u00ednculo tan fuerte que hay entre Colombia y Espa\u00f1a&#8221;, manifest\u00f3.<\/p>\n<p class=\"contenido\" id=\"p666755-m1140-6-1141\">Lea tambi\u00e9n: <a rel=\"nofollow noopener\" target=\"_blank\" href=\"https:\/\/www.eltiempo.com\/vida\/viajar\/agencias-de-viajes-alcanzaron-en-semana-santa-reactivacion-del-70-666519\">Agencias de viajes alcanzaron en Semana Santa reactivaci\u00f3n del 70 %<\/a><\/p>\n<p><span class=\"articulo-titulo\" id=\"p666755-m1146-7-1147\">Propuestas de Madrid y Andaluc\u00eda<\/span><\/p>\n<div class=\"fotografia\" id=\"p666755-m1152-8-1153\">\n<div class=\"imagen-cuerpo-bk\">\n<figure itemscope=\"\" itemtype=\"https:\/\/schema.org\/ImageObject\" itemprop=\"image\" id=\"m1157-1156-1158\" class=\"foto-galeria-articulo\"><img decoding=\"async\" alt=\"Andaluc\u00eda, Espa\u00f1a\" src=\"https:\/\/www.eltiempo.com\/images\/1x1.png\" style=\" display: inline;\" width=\"652px\" height=\"366px\" data-original=\"\/files\/article_content_new\/uploads\/2020\/01\/13\/5e1cfe114a25c.jpeg\"\/><meta itemprop=\"width\" content=\"652\"\/><meta itemprop=\"height\" content=\"366\"\/><meta itemprop=\"url\" content=\"https:\/\/www.eltiempo.com\/files\/article_content_new\/uploads\/2020\/01\/13\/5e1cfe114a25c.jpeg\"\/><\/figure>\n<\/div>\n<div class=\"figcaption-cuerpo-bk credito-image-bk\"><figcaption class=\"foto-info\">\n<div class=\"titulo-foto-bk\">\n<p id=\"m1164-1-1165\" class=\"titulo\">8.\tAndaluc\u00eda, Espa\u00f1a<br \/>\nAl estar ubicada en la costa sur de Espa\u00f1a, Andaluc\u00eda es una regi\u00f3n que suele tener temperaturas templadas durante invierno, por ello es ideally suited para visitar en esta \u00e9poca.<\/p>\n<\/div>\n<\/figcaption><\/div>\n<\/div>\n<p class=\"contenido\" id=\"p666755-m1178-9-1179\"><a rel=\"nofollow noopener\" target=\"_blank\" href=\"https:\/\/www.eltiempo.com\/vida\/viajar\/expo-dubai-2020-una-vitrina-para-mirar-hacia-el-futuro-662143\">Vea:\u00a0Expo Dub\u00e1i 2020, una vitrina para mirar hacia el futuro<\/a><\/p>\n<p class=\"contenido\" id=\"p666755-m1184-10-1185\">En su opini\u00f3n, el turismo cambi\u00f3 con la pandemia y las prioridades ahora son otras, por ejemplo, mucha demanda &#8220;por viajes donde se priorizan los espacios al aire libre, los espacios naturales&#8221;, m\u00e1s que las ciudades grandes, y en eso Espa\u00f1a tambi\u00e9n mucho que ofrecer.<\/p>\n<p>Por eso esta visita a Colombia incluye sendas delegaciones de Madrid capital y de Andaluc\u00eda. &#8220;Hemos querido estar presente en un mercado que sin lugar a dudas es importante para la ciudad de Madrid, un mercado que creemos que tiene un gran potencial&#8221;, dijo por su parte a Efe Mercedes S\u00e1nchez, responsable de turismo de lujo del Ayuntamiento de Madrid. <\/p>\n<p>S\u00e1nchez explic\u00f3 que la capital espa\u00f1ola &#8220;se est\u00e1 posicionando de una manera firme y consistente en el segmento de turismo de lujo&#8221;, a tal punto que se le considera &#8220;la nueva capital europea del lujo&#8221; con la llegada en los \u00faltimos tiempos de cadenas hoteleras como 4 Seasons, Mandar\u00edn Oriental y Rosewood. <\/p>\n<p>&#8220;Solamente hace unos d\u00edas se ha inaugurado el Madrid Edition y pr\u00f3ximamente el JW Marriott, y en el ic\u00f3nico edificio Metr\u00f3polis de la Gran V\u00eda en los pr\u00f3ximos meses se abrir\u00e1 un hotel boutique de cinco estrellas&#8221;, indic\u00f3. A\u00f1adi\u00f3 que en el segundo semestre del a\u00f1o se espera la inauguraci\u00f3n de Galer\u00eda Canalejas, &#8220;posiblemente una de las galer\u00edas de lujo m\u00e1s exclusivas de Europa, que va a contar adem\u00e1s con una parte gastron\u00f3mica, un &#8216;food hall&#8217; que ya est\u00e1 abierto con 14 restaurantes&#8221;.<\/p>\n<p class=\"contenido\" id=\"p666755-m1190-11-1191\">(<a rel=\"nofollow noopener\" target=\"_blank\" href=\"https:\/\/www.eltiempo.com\/vida\/viajar\/peru-redescubriendo-los-encantos-de-cusco-665176\">Adem\u00e1s:\u00a0Redescubriendo los encantos de Cusco)<\/a><\/p>\n<div class=\"fotografia\" id=\"p666755-m1196-12-1197\">\n<div class=\"imagen-cuerpo-bk\">\n<figure itemscope=\"\" itemtype=\"https:\/\/schema.org\/ImageObject\" itemprop=\"image\" id=\"m1201-1200-1202\" class=\"foto-galeria-articulo\"><img decoding=\"async\" alt=\"Cuenca (Espa\u00f1a)\" src=\"https:\/\/www.eltiempo.com\/images\/1x1.png\" style=\" display: inline;\" width=\"652px\" height=\"366px\" data-original=\"\/files\/article_content_new\/uploads\/2021\/01\/07\/5ff719fd15ed4.jpeg\"\/><meta itemprop=\"width\" content=\"652\"\/><meta itemprop=\"height\" content=\"366\"\/><meta itemprop=\"url\" content=\"https:\/\/www.eltiempo.com\/files\/article_content_new\/uploads\/2021\/01\/07\/5ff719fd15ed4.jpeg\"\/><\/figure>\n<\/div>\n<div class=\"figcaption-cuerpo-bk credito-image-bk\"><figcaption class=\"foto-info\">\n<div class=\"titulo-foto-bk\">\n<p id=\"m1208-1-1209\" class=\"titulo\">Destinos que se recorren f\u00e1cilmente a pie, como Cuenca (Espa\u00f1a) y sus casa colgantes, ser\u00e1n preferidos sobre los lugares masificados.<\/p>\n<\/div>\n<\/figcaption><\/div>\n<\/div>\n<p><span class=\"articulo-titulo\" id=\"p666755-m1222-13-1223\">Se recupera la conectividad a\u00e9rea<\/span><\/p>\n<p class=\"contenido\" id=\"p666755-m1228-14-1229\"><b>Colombia y Espa\u00f1a ya recuperaron la excelente conectividad a\u00e9rea que ten\u00edan antes de la pandemia, con varios vuelos diarios de Iberia, Avianca y Air Europa, a los que se sumar\u00e1 a partir de junio uno de la aerol\u00ednea Plus Extremely que conectar\u00e1 a Madrid con la caribe\u00f1a Cartagena de Indias.<\/b> Otra regi\u00f3n a la que Turespa\u00f1a busca atraer a m\u00e1s turistas colombianos es Andaluc\u00eda, &#8220;un destino que, sin tener tanto volumen (de viajeros) es muy querido una vez que es conocido&#8221;, explic\u00f3 la consejera Marcos. <\/p>\n<p>Seg\u00fan la funcionaria, un objetivo de esta visita es &#8220;diversificar el turismo del colombiano&#8221; de quienes dijo que el que ha viajado varias veces a Espa\u00f1a &#8220;generalmente se queda en Madrid, y a lo mejor Madrid y Barcelona&#8221;, pero Espa\u00f1a &#8220;tiene much\u00edsimos destinos, una riqueza cultural y patrimonial que sabemos que el colombiano aprecia y que todav\u00eda est\u00e1 por descubrir&#8221;. <\/p>\n<p><b>&#8220;Madrid y Barcelona son los lugares de entrada, pero el colombiano se siente muy atra\u00eddo por Andaluc\u00eda, una comunidad que representa los valores espa\u00f1oles, <\/b>y quiere conocer no solo Sevilla o Granada sino tambi\u00e9n C\u00f3rdoba, C\u00e1diz, Almer\u00eda o Huelva&#8221;, manifest\u00f3 por su parte el coordinador de Turismo de Andaluc\u00eda para Latinoam\u00e9rica, Antonio Mart\u00ed Boh\u00f3rquez. EFE<\/p>\n<p class=\"contenido\" id=\"p666755-m1234-15-1235\">Vea: <a rel=\"nofollow noopener\" target=\"_blank\" href=\"https:\/\/www.eltiempo.com\/vida\/viajar\/playas-cuales-son-las-mejores-de-colombia-para-visitar-545958\">\u00bfCu\u00e1les son las mejores playas para disfrutar en Colombia?<\/a><\/p>\n<\/div>\n\n<p><em> &#8221; Fuentes www.eltiempo.com &#8221; <\/em><\/p>\n","protected":false},"excerpt":{"rendered":"<p>Espa\u00f1a quiere reforzar su posici\u00f3n de principal destino para los turistas colombianos en Europa una vez superada la pandemia, y con ese fin una delegaci\u00f3n de Turespa\u00f1a, la ciudad de Madrid y la comunidad de Andaluc\u00eda visita esta semana el pa\u00eds. &#8220;Para nosotros, Colombia es un mercado muy importante; en los \u00faltimos a\u00f1os ha crecido [&hellip;]<\/p>\n","protected":false},"author":4,"featured_media":305812,"comment_status":"open","ping_status":"closed","sticky":false,"template":"","format":"standard","meta":{"om_disable_all_campaigns":false,"jnews-multi-image_gallery":[],"jnews_single_post":[],"jnews_primary_category":[],"jnews_social_meta":[],"footnotes":""},"categories":[39],"tags":[771,770,7173,544],"class_list":["post-305811","post","type-post","status-publish","format-standard","has-post-thumbnail","hentry","category-viajes","tag-colombia","tag-espana","tag-liderazgo","tag-turismo"],"_links":{"self":[{"href":"https:\/\/dimensionturistica.com\/es\/wp-json\/wp\/v2\/posts\/305811","targetHints":{"allow":["GET"]}}],"collection":[{"href":"https:\/\/dimensionturistica.com\/es\/wp-json\/wp\/v2\/posts"}],"about":[{"href":"https:\/\/dimensionturistica.com\/es\/wp-json\/wp\/v2\/types\/post"}],"author":[{"embeddable":true,"href":"https:\/\/dimensionturistica.com\/es\/wp-json\/wp\/v2\/users\/4"}],"replies":[{"embeddable":true,"href":"https:\/\/dimensionturistica.com\/es\/wp-json\/wp\/v2\/comments?post=305811"}],"version-history":[{"count":0,"href":"https:\/\/dimensionturistica.com\/es\/wp-json\/wp\/v2\/posts\/305811\/revisions"}],"wp:featuredmedia":[{"embeddable":true,"href":"https:\/\/dimensionturistica.com\/es\/wp-json\/wp\/v2\/media\/305812"}],"wp:attachment":[{"href":"https:\/\/dimensionturistica.com\/es\/wp-json\/wp\/v2\/media?parent=305811"}],"wp:term":[{"taxonomy":"category","embeddable":true,"href":"https:\/\/dimensionturistica.com\/es\/wp-json\/wp\/v2\/categories?post=305811"},{"taxonomy":"post_tag","embeddable":true,"href":"https:\/\/dimensionturistica.com\/es\/wp-json\/wp\/v2\/tags?post=305811"}],"curies":[{"name":"wp","href":"https:\/\/api.w.org\/{rel}","templated":true}]}}