{"id":305602,"date":"2022-04-21T14:38:59","date_gmt":"2022-04-21T14:38:59","guid":{"rendered":"https:\/\/dimensionturistica.com\/es\/?p=305602"},"modified":"2022-04-21T14:38:59","modified_gmt":"2022-04-21T14:38:59","slug":"nizuc-resort-spa-anuncia-a-markus-laahanen-como-nuevo-gerente-general-y-a-jaime-jaramillo-como-director-corporativo-de-operaciones-para-grupo-brisas","status":"publish","type":"post","link":"https:\/\/dimensionturistica.com\/es\/nizuc-resort-spa-anuncia-a-markus-laahanen-como-nuevo-gerente-general-y-a-jaime-jaramillo-como-director-corporativo-de-operaciones-para-grupo-brisas\/","title":{"rendered":"NIZUC Resort &#038; Spa anuncia a Markus Laahanen como nuevo Gerente General y a Jaime Jaramillo como Director Corporativo de Operaciones para Grupo Brisas"},"content":{"rendered":"<p><img decoding=\"async\" class=\"size-medium wp-image-305605 alignleft\" src=\"https:\/\/dimensionturistica.com\/es\/wp-content\/uploads\/2022\/04\/Jaime-Jaramillo-2022-3-200x300.jpg\" alt=\"\" width=\"200\" height=\"300\" srcset=\"https:\/\/dimensionturistica.com\/es\/wp-content\/uploads\/2022\/04\/Jaime-Jaramillo-2022-3-200x300.jpg 200w, https:\/\/dimensionturistica.com\/es\/wp-content\/uploads\/2022\/04\/Jaime-Jaramillo-2022-3-683x1024.jpg 683w, https:\/\/dimensionturistica.com\/es\/wp-content\/uploads\/2022\/04\/Jaime-Jaramillo-2022-3-768x1152.jpg 768w, https:\/\/dimensionturistica.com\/es\/wp-content\/uploads\/2022\/04\/Jaime-Jaramillo-2022-3-1024x1536.jpg 1024w, https:\/\/dimensionturistica.com\/es\/wp-content\/uploads\/2022\/04\/Jaime-Jaramillo-2022-3-1365x2048.jpg 1365w, https:\/\/dimensionturistica.com\/es\/wp-content\/uploads\/2022\/04\/Jaime-Jaramillo-2022-3-750x1125.jpg 750w, https:\/\/dimensionturistica.com\/es\/wp-content\/uploads\/2022\/04\/Jaime-Jaramillo-2022-3-1140x1710.jpg 1140w, https:\/\/dimensionturistica.com\/es\/wp-content\/uploads\/2022\/04\/Jaime-Jaramillo-2022-3.jpg 1653w\" sizes=\"(max-width: 200px) 100vw, 200px\" \/> Luego de liderar los esfuerzos para posicionar al exclusivo NIZUC Resort &amp; Spa como uno de los mejores resorts de lujo del mundo, Grupo Brisas ha ascendido a Jaime Jaramillo como Director Corporativo de Operaciones Hoteleras para Grupo Brisas, luego de seis a\u00f1os como Gerente General de NIZUC.<br \/>\nA partir del 1 de mayo de 2022, el movimiento estrat\u00e9gico de Jaime Jaramillo permitir\u00e1 a los hoteles y restaurantes de Grupo Brisas elevar el nivel de sus operaciones y trabajar de manera colaborativa.<br \/>\nCon m\u00e1s de 25 a\u00f1os de experiencia en la industria del turismo, que incluye su labor para varios hoteles de lujo de renombre internacional en California, Bermudas y M\u00e9xico, la vasta experiencia del Sr. Jaramillo y su capacidad para capturar experiencias excepcionales ayudar\u00e1n a descubrir la verdadera esencia de cada propiedad de Grupo Brisas, desde su gente hasta sus joyas ocultas.<br \/>\nLuego de la promoci\u00f3n de Jaime Jaramillo, NIZUC Resort &amp; Spa, el resort de lujo de Canc\u00fan, anuncia a Markus Laahanen como su nuevo Gerente General. Con una notable carrera que se ha extendido por todo el mundo, el Sr. Laahanen se une al equipo entusiasmado por embarcarse en un viaje que traer\u00e1 una gran cantidad de nuevas experiencias memorables a este para\u00edso en el Caribe Mexicano.<br \/>\nCon una visi\u00f3n impresionante para el futuro, el Sr. Laahanen est\u00e1 encantado con la oportunidad de<img decoding=\"async\" class=\"size-medium wp-image-305606 alignright\" src=\"https:\/\/dimensionturistica.com\/es\/wp-content\/uploads\/2022\/04\/Markus-200x300.jpg\" alt=\"\" width=\"200\" height=\"300\" srcset=\"https:\/\/dimensionturistica.com\/es\/wp-content\/uploads\/2022\/04\/Markus-200x300.jpg 200w, https:\/\/dimensionturistica.com\/es\/wp-content\/uploads\/2022\/04\/Markus.jpg 500w\" sizes=\"(max-width: 200px) 100vw, 200px\" \/> encabezar un liderazgo centrado en la atenci\u00f3n al detalle, flexible y adaptable a las necesidades del viajero de lujo de hoy, y continuar promoviendo el trabajo en equipo y la cultura de NIZUC. \u201cEl personal de NIZUC es el mejor activo para la empresa, y deben estar motivados y altamente capacitados para mantener la pasi\u00f3n por su trabajo\u201d, dijo Laahanen.<br \/>\nNacido en Finlandia, habla con fluidez los idiomas ingl\u00e9s, espa\u00f1ol, portugu\u00e9s, sueco, finland\u00e9s, alem\u00e1n, dan\u00e9s, noruego e italiano y se gradu\u00f3 con honores en Gesti\u00f3n Hotelera en Neuchatel, Suiza. Es un hotelero experimentado que hizo la transici\u00f3n desde gerente de servicio al hu\u00e9sped a gerente nocturno en Gotemburgo, Suecia hasta Gerente de Alimentos y Bebidas en The Setai Miami en 2004 y Gerente Residente en Soneva Gili by Six Senses en las Maldivas.<br \/>\nDurante su residencia en M\u00e9xico, el Sr. Laahanen se desempe\u00f1\u00f3 como Gerente General en Hotel Nomade y Be Hotels de 2018 a 2020, y recientemente para Hotel Palma\u00efa, The House of A\u00efa en Tulum.<br \/>\nGrupo Brisas y Jaime Jaramillo conf\u00edan en que el Sr. Laahanen continuar\u00e1 manteniendo el excelente liderazgo en NIZUC Resort &amp; Spa como uno de los mejores hoteles del mundo gracias a su conocimiento y experiencia profesional.<\/p>\n","protected":false},"excerpt":{"rendered":"<p>Luego de liderar los esfuerzos para posicionar al exclusivo NIZUC Resort &amp; Spa como uno de los mejores resorts de lujo del mundo, Grupo Brisas ha ascendido a Jaime Jaramillo como Director Corporativo de Operaciones Hoteleras para Grupo Brisas, luego de seis a\u00f1os como Gerente General de NIZUC. A partir del 1 de mayo de [&hellip;]<\/p>\n","protected":false},"author":1,"featured_media":305604,"comment_status":"open","ping_status":"closed","sticky":false,"template":"","format":"standard","meta":{"om_disable_all_campaigns":false,"jnews-multi-image_gallery":[],"jnews_single_post":{"source_name":"","source_url":"","via_name":"","via_url":"","override_template":"0","override":[{"template":"1","single_blog_custom":"","parallax":"1","fullscreen":"1","layout":"right-sidebar","sidebar":"default-sidebar","second_sidebar":"default-sidebar","sticky_sidebar":"1","share_position":"top","share_float_style":"share-monocrhome","show_share_counter":"1","show_view_counter":"1","show_featured":"1","show_post_meta":"1","show_post_author":"1","show_post_author_image":"1","show_post_date":"1","post_date_format":"default","post_date_format_custom":"Y\/m\/d","show_post_category":"1","show_post_reading_time":"0","post_reading_time_wpm":"300","show_zoom_button":"0","zoom_button_out_step":"2","zoom_button_in_step":"3","show_post_tag":"1","show_prev_next_post":"1","show_popup_post":"1","number_popup_post":"1","show_author_box":"0","show_post_related":"0","show_inline_post_related":"0"}],"override_image_size":"0","image_override":[{"single_post_thumbnail_size":"crop-500","single_post_gallery_size":"crop-500"}],"trending_post":"0","trending_post_position":"meta","trending_post_label":"Trending","sponsored_post":"0","sponsored_post_label":"Sponsored by","sponsored_post_name":"","sponsored_post_url":"","sponsored_post_logo_enable":"0","sponsored_post_logo":"","sponsored_post_desc":"","disable_ad":"0"},"jnews_primary_category":{"id":""},"jnews_social_meta":{"fb_title":"","fb_description":"","fb_image":"","twitter_title":"","twitter_description":"","twitter_image":""},"footnotes":""},"categories":[40],"tags":[],"class_list":["post-305602","post","type-post","status-publish","format-standard","has-post-thumbnail","hentry","category-industria"],"_links":{"self":[{"href":"https:\/\/dimensionturistica.com\/es\/wp-json\/wp\/v2\/posts\/305602","targetHints":{"allow":["GET"]}}],"collection":[{"href":"https:\/\/dimensionturistica.com\/es\/wp-json\/wp\/v2\/posts"}],"about":[{"href":"https:\/\/dimensionturistica.com\/es\/wp-json\/wp\/v2\/types\/post"}],"author":[{"embeddable":true,"href":"https:\/\/dimensionturistica.com\/es\/wp-json\/wp\/v2\/users\/1"}],"replies":[{"embeddable":true,"href":"https:\/\/dimensionturistica.com\/es\/wp-json\/wp\/v2\/comments?post=305602"}],"version-history":[{"count":0,"href":"https:\/\/dimensionturistica.com\/es\/wp-json\/wp\/v2\/posts\/305602\/revisions"}],"wp:featuredmedia":[{"embeddable":true,"href":"https:\/\/dimensionturistica.com\/es\/wp-json\/wp\/v2\/media\/305604"}],"wp:attachment":[{"href":"https:\/\/dimensionturistica.com\/es\/wp-json\/wp\/v2\/media?parent=305602"}],"wp:term":[{"taxonomy":"category","embeddable":true,"href":"https:\/\/dimensionturistica.com\/es\/wp-json\/wp\/v2\/categories?post=305602"},{"taxonomy":"post_tag","embeddable":true,"href":"https:\/\/dimensionturistica.com\/es\/wp-json\/wp\/v2\/tags?post=305602"}],"curies":[{"name":"wp","href":"https:\/\/api.w.org\/{rel}","templated":true}]}}