{"id":305319,"date":"2022-04-21T02:04:41","date_gmt":"2022-04-21T02:04:41","guid":{"rendered":"https:\/\/dimensionturistica.com\/es\/?p=305319"},"modified":"2022-04-21T02:04:42","modified_gmt":"2022-04-21T02:04:42","slug":"gobierno-de-eu-apelara-derogacion-del-uso-obligatorio-de-cubrebocas-en-viajes","status":"publish","type":"post","link":"https:\/\/dimensionturistica.com\/es\/gobierno-de-eu-apelara-derogacion-del-uso-obligatorio-de-cubrebocas-en-viajes\/","title":{"rendered":"Gobierno de EU apelar\u00e1 derogaci\u00f3n del uso obligatorio de cubrebocas en viajes"},"content":{"rendered":"<p> <br \/>\n<\/p>\n<div>\n<p><strong><a rel=\"nofollow noopener\" target=\"_blank\" href=\"https:\/\/www.eluniversal.com.mx\/mundo\"><span style=\"color:#005383;\">Washington<\/span><\/a><\/strong>.- El Departamento de Justicia de Estados Unidos apel\u00f3 para revocar la orden de una jueza que dej\u00f3 sin efecto el requisito federal de<strong> usar mascarillas <\/strong>en aviones y trenes y en las terminales de transporte, informaron las autoridades este mi\u00e9rcoles.<\/p>\n<p>La noticia fue dada a conocer minutos despu\u00e9s de que los <strong>Centros para el Management y la Prevenci\u00f3n de Enfermedades<\/strong> (<strong>CDC<\/strong>, por sus siglas en ingl\u00e9s) solicitaran al Departamento de Justicia que apelara la decisi\u00f3n emitida por una jueza federal de Florida esta semana.<\/p>\n<p>Se present\u00f3 un aviso de apelaci\u00f3n en la corte federal en Tampa.<\/p>\n<p>Los CDC dijeron este mi\u00e9rcoles en un comunicado que su \u201cevaluaci\u00f3n continua es que en este momento sigue siendo necesaria para la salud p\u00fablica una orden que requiera el uso de mascarilla en el corredor de transporte en interiores\u201d.<br \/>\u00a0<\/p>\n<p> Se desconoce si el gobierno del presidente <a rel=\"nofollow noopener\" target=\"_blank\" href=\"https:\/\/www.eluniversal.com.mx\/tag\/joe-biden\"><span style=\"color:#005383;\"><strong>Joe Biden<\/strong><\/span><\/a> le pedir\u00eda a la corte de apelaciones que conceda una suspensi\u00f3n de emergencia para volver a imponer de inmediato la obligaci\u00f3n de portar mascarilla en el <strong>transporte p\u00fablico<\/strong>.<\/p>\n<h2> Uber y taxis levantan uso de cubrebocas\u00a0<\/h2>\n<p>Una suspensi\u00f3n de emergencia del fallo de la corte de menor instancia supondr\u00eda una decepci\u00f3n para los viajeros y los trabajadores del transporte p\u00fablico. En las horas que siguieron a la sentencia del lunes, la mayor\u00eda de las aerol\u00edneas y aeropuertos, muchos sistemas de transporte p\u00fablico e incluso la empresa Uber de taxis levantaron sus requisitos de uso de mascarilla.<\/p>\n<p>Una jueza federal de Florida anul\u00f3 el lunes la obligaci\u00f3n de llevar mascarilla en el transporte p\u00fablico, ante lo cual las compa\u00f1\u00edas a\u00e9reas y los aeropuertos derogaron r\u00e1pidamente la obligaci\u00f3n de que los pasajeros lleven el rostro cubierto. Por su parte, la Administraci\u00f3n de Seguridad en el Transporte (TSA, por sus siglas en ingl\u00e9s) anunci\u00f3 ese mismo d\u00eda que tambi\u00e9n dejar\u00e1 de exigir el requisito de la mascarilla.<\/p>\n<p><strong>Lee tambi\u00e9n:\u00a0<a rel=\"nofollow noopener\" target=\"_blank\" href=\"https:\/\/www.eluniversal.com.mx\/mundo\/por-que-para-japon-la-ola-de-inflacion-que-recorre-el-mundo-es-una-buena-noticia\"><span style=\"color:#005383;\">Por qu\u00e9 para Jap\u00f3n la ola de inflaci\u00f3n que recorre el mundo es una buena noticia<\/span><\/a><\/strong><\/p>\n<p>vare<\/p>\n<\/div>\n<p><script async defer crossorigin=\"anonymous\" src=\"https:\/\/connect.facebook.net\/es_LA\/sdk.js#xfbml=1&#038;version=v10.0&#038;appId=163316950407128&#038;autoLogAppEvents=1\"><\/script><br \/>\n<br \/><\/p>\n<p><em> &#8221; Fuentes www.eluniversal.com.mx &#8221; <\/em><\/p>\n","protected":false},"excerpt":{"rendered":"<p>Washington.- El Departamento de Justicia de Estados Unidos apel\u00f3 para revocar la orden de una jueza que dej\u00f3 sin efecto el requisito federal de usar mascarillas en aviones y trenes y en las terminales de transporte, informaron las autoridades este mi\u00e9rcoles. La noticia fue dada a conocer minutos despu\u00e9s de que los Centros para el [&hellip;]<\/p>\n","protected":false},"author":4,"featured_media":305320,"comment_status":"open","ping_status":"closed","sticky":false,"template":"","format":"standard","meta":{"om_disable_all_campaigns":false,"jnews-multi-image_gallery":[],"jnews_single_post":[],"jnews_primary_category":[],"jnews_social_meta":[],"footnotes":""},"categories":[39],"tags":[739,1363,545],"class_list":["post-305319","post","type-post","status-publish","format-standard","has-post-thumbnail","hentry","category-viajes","tag-cubrebocas","tag-estados-unidos","tag-viajes"],"_links":{"self":[{"href":"https:\/\/dimensionturistica.com\/es\/wp-json\/wp\/v2\/posts\/305319","targetHints":{"allow":["GET"]}}],"collection":[{"href":"https:\/\/dimensionturistica.com\/es\/wp-json\/wp\/v2\/posts"}],"about":[{"href":"https:\/\/dimensionturistica.com\/es\/wp-json\/wp\/v2\/types\/post"}],"author":[{"embeddable":true,"href":"https:\/\/dimensionturistica.com\/es\/wp-json\/wp\/v2\/users\/4"}],"replies":[{"embeddable":true,"href":"https:\/\/dimensionturistica.com\/es\/wp-json\/wp\/v2\/comments?post=305319"}],"version-history":[{"count":0,"href":"https:\/\/dimensionturistica.com\/es\/wp-json\/wp\/v2\/posts\/305319\/revisions"}],"wp:featuredmedia":[{"embeddable":true,"href":"https:\/\/dimensionturistica.com\/es\/wp-json\/wp\/v2\/media\/305320"}],"wp:attachment":[{"href":"https:\/\/dimensionturistica.com\/es\/wp-json\/wp\/v2\/media?parent=305319"}],"wp:term":[{"taxonomy":"category","embeddable":true,"href":"https:\/\/dimensionturistica.com\/es\/wp-json\/wp\/v2\/categories?post=305319"},{"taxonomy":"post_tag","embeddable":true,"href":"https:\/\/dimensionturistica.com\/es\/wp-json\/wp\/v2\/tags?post=305319"}],"curies":[{"name":"wp","href":"https:\/\/api.w.org\/{rel}","templated":true}]}}