{"id":305283,"date":"2022-04-20T23:30:26","date_gmt":"2022-04-20T23:30:26","guid":{"rendered":"https:\/\/dimensionturistica.com\/es\/?p=305283"},"modified":"2022-04-20T23:30:27","modified_gmt":"2022-04-20T23:30:27","slug":"agencias-de-viajes-alcanzaron-en-semana-santa-reactivacion-del-70-viajar-vida","status":"publish","type":"post","link":"https:\/\/dimensionturistica.com\/es\/agencias-de-viajes-alcanzaron-en-semana-santa-reactivacion-del-70-viajar-vida\/","title":{"rendered":"Agencias de viajes alcanzaron en Semana Santa reactivaci\u00f3n del 70 % &#8211; Viajar &#8211; Vida"},"content":{"rendered":"<p> <br \/>\n<\/p>\n<div itemprop=\"articleBody\">\n<!-- inread - article_add_mudules.html.twig --><\/p>\n<p class=\"contenido\" id=\"pnull-m188-187-189\">De acuerdo con <b>cifras de la Asociaci\u00f3n Colombiana de Agencias de Viajes y Turismo (Anato) el steadiness de la Semana Santa de 2022 fue muy positivo<\/b> tanto para el turismo emisivo como dom\u00e9stico, lo que demuestra un acelerado avance hacia la normalizaci\u00f3n, y en algunos casos, un mejoramiento en las cifras que ven\u00eda reportando el sector antes de la pandemia.<\/p>\n<p class=\"contenido\" id=\"pnull-m200-2-201\">Seg\u00fan datos de la <b>Aeron\u00e1utica Civil, durante la temporada del presente a\u00f1o, se movilizaron 1.078.136 pasajeros en vuelos nacionales<\/b>, lo que Anato estimar\u00eda como un crecimiento del 40 %, al compararse con la misma temporada de 2019. Igualmente, la movilizaci\u00f3n en vuelos internacionales fue de 441.838 pasajeros, lo que, seg\u00fan c\u00e1lculos de la Asociaci\u00f3n, significar\u00edan un crecimiento del 3 %.\u00a0<\/p>\n<p class=\"contenido\" id=\"pnull-m326-3-327\">(Lea tambi\u00e9n:\u00a0<a rel=\"nofollow noopener\" target=\"_blank\" href=\"https:\/\/www.eltiempo.com\/vida\/viajar\/en-2023-cifras-del-turismo-mundial-volveran-a-las-del-2019-666332\">\u2018En 2023, cifras del turismo mundial volver\u00e1n a las del 2019\u2019<\/a>)<\/p>\n<p class=\"contenido\" id=\"pnull-m252-3-253\">\u201cDe manera constante el turismo sigue avanzando hacia su normalidad, demostrando as\u00ed ser uno de los pilares para la recuperaci\u00f3n econ\u00f3mica del pa\u00eds. Estamos convencidos de que 2022 ser\u00e1 un a\u00f1o de importantes cifras para la industria de los viajes. Por ello, seguiremos trabajando en la realizaci\u00f3n de eventos de formaci\u00f3n y comercializaci\u00f3n que fortalezcan las habilidades de los Agentes de Viajes y su oferta\u201d, explic\u00f3 Paula Cort\u00e9s Calle, presidente ejecutiva de Anato.\u00a0<\/p>\n<p class=\"contenido\" id=\"pnull-m259-4-260\">Seg\u00fan un sondeo de la Asociaci\u00f3n a las Agencias de Viajes las ventas durante la Semana Santa de 2022 alcanzaron una reactivaci\u00f3n cercana al 70 %, con respecto a 2019.<\/p>\n<p>Cabe destacar que, para esta oportunidad, los viajeros realizaron sus reservas entre uno y dos meses de anterioridad, siendo los segmentos m\u00e1s solicitados los de Sol y Playa (San Andr\u00e9s, Cartagena, Capurgan\u00e1 y Santa Marta); aventura y naturaleza (Santander, Amazonas y Eje cafetero); y cultural (Bogot\u00e1, La Guajira, Huila y Medell\u00edn).<\/p>\n<p>Con relaci\u00f3n a los destinos internacionales m\u00e1s vendidos, se destacaron Estados Unidos, Espa\u00f1a, M\u00e9xico, Turqu\u00eda y Emiratos \u00c1rabes Unidos.\u00a0<\/p>\n<p class=\"contenido\" id=\"pnull-m336-6-337\">(Le puede interesar:\u00a0<a rel=\"nofollow noopener\" target=\"_blank\" href=\"https:\/\/www.eltiempo.com\/vida\/viajar\/playas-cuales-son-las-mejores-de-colombia-para-visitar-545958\">\u00bfCu\u00e1les son las mejores playas para disfrutar en Colombia?<\/a>)<\/p>\n<p class=\"contenido\" id=\"pnull-m266-5-267\">\u201cEl trabajo articulado con el Ministerio de Comercio, Industria y Turismo, y dem\u00e1s actores del sector ha sido clave para garantizar la reactivaci\u00f3n econ\u00f3mica, por lo que esperamos que esta tendencia se mantenga para las pr\u00f3ximas temporadas vacacionales\u201d, afirm\u00f3 la dirigente gremial.\u00a0<\/p>\n<p class=\"contenido\" id=\"pnull-m274-6-275\">Con informaci\u00f3n de Anato*\u00a0<\/p>\n<\/div>\n\n<p><em> &#8221; Fuentes www.eltiempo.com &#8221; <\/em><\/p>\n","protected":false},"excerpt":{"rendered":"<p>De acuerdo con cifras de la Asociaci\u00f3n Colombiana de Agencias de Viajes y Turismo (Anato) el steadiness de la Semana Santa de 2022 fue muy positivo tanto para el turismo emisivo como dom\u00e9stico, lo que demuestra un acelerado avance hacia la normalizaci\u00f3n, y en algunos casos, un mejoramiento en las cifras que ven\u00eda reportando el [&hellip;]<\/p>\n","protected":false},"author":4,"featured_media":305284,"comment_status":"open","ping_status":"closed","sticky":false,"template":"","format":"standard","meta":{"om_disable_all_campaigns":false,"jnews-multi-image_gallery":[],"jnews_single_post":[],"jnews_primary_category":[],"jnews_social_meta":[],"footnotes":""},"categories":[39],"tags":[619,544,545],"class_list":["post-305283","post","type-post","status-publish","format-standard","has-post-thumbnail","hentry","category-viajes","tag-reactivacion","tag-turismo","tag-viajes"],"_links":{"self":[{"href":"https:\/\/dimensionturistica.com\/es\/wp-json\/wp\/v2\/posts\/305283","targetHints":{"allow":["GET"]}}],"collection":[{"href":"https:\/\/dimensionturistica.com\/es\/wp-json\/wp\/v2\/posts"}],"about":[{"href":"https:\/\/dimensionturistica.com\/es\/wp-json\/wp\/v2\/types\/post"}],"author":[{"embeddable":true,"href":"https:\/\/dimensionturistica.com\/es\/wp-json\/wp\/v2\/users\/4"}],"replies":[{"embeddable":true,"href":"https:\/\/dimensionturistica.com\/es\/wp-json\/wp\/v2\/comments?post=305283"}],"version-history":[{"count":0,"href":"https:\/\/dimensionturistica.com\/es\/wp-json\/wp\/v2\/posts\/305283\/revisions"}],"wp:featuredmedia":[{"embeddable":true,"href":"https:\/\/dimensionturistica.com\/es\/wp-json\/wp\/v2\/media\/305284"}],"wp:attachment":[{"href":"https:\/\/dimensionturistica.com\/es\/wp-json\/wp\/v2\/media?parent=305283"}],"wp:term":[{"taxonomy":"category","embeddable":true,"href":"https:\/\/dimensionturistica.com\/es\/wp-json\/wp\/v2\/categories?post=305283"},{"taxonomy":"post_tag","embeddable":true,"href":"https:\/\/dimensionturistica.com\/es\/wp-json\/wp\/v2\/tags?post=305283"}],"curies":[{"name":"wp","href":"https:\/\/api.w.org\/{rel}","templated":true}]}}