{"id":304753,"date":"2022-04-20T02:54:50","date_gmt":"2022-04-20T02:54:50","guid":{"rendered":"https:\/\/dimensionturistica.com\/es\/?p=304753"},"modified":"2022-04-20T02:54:51","modified_gmt":"2022-04-20T02:54:51","slug":"colombia-pareja-muere-asfixiada-en-un-glamping-por-aparente-fallo-en-sistema-de-aire-acondicionado-mundo","status":"publish","type":"post","link":"https:\/\/dimensionturistica.com\/es\/colombia-pareja-muere-asfixiada-en-un-glamping-por-aparente-fallo-en-sistema-de-aire-acondicionado-mundo\/","title":{"rendered":"Colombia: pareja muere asfixiada en un glamping por aparente fallo en sistema de aire acondicionado | Mundo"},"content":{"rendered":"<p> <br \/>\n<\/p>\n<div id=\"\">\n<p class=\"\">El \u00faltimo lunes se conoci\u00f3 el fallecimiento de una pareja, la cual se encontraba hospedada en un <b>glamping <\/b>localizado en el municipio de Manta, regi\u00f3n de Cundinamarca (<a rel=\"nofollow noopener\" target=\"_blank\" href=\"https:\/\/larepublica.pe\/mundo\/2022\/04\/19\/colombia-mujer-que-tuvo-aborto-involuntario-pago-4000-dolares-para-asesinar-a-una-embarazada-y-robarle-el-bebe\/\">Colombia<\/a>).<\/p>\n<aside class=\"ads_middle2-container ad-container\"\/>\n<p class=\"\">Aparentemente, <mark class=\"hl_yellow\">la causa del incidente habr\u00eda sido una falla en el sistema de aire acondicionado<\/mark>, lo que ocasion\u00f3 una emisi\u00f3n de gases t\u00f3xicos que termin\u00f3 por asfixiar a las personas que estaban durmiendo al inside de uno de los domos, inform\u00f3 el peri\u00f3dico El Espectador.<\/p>\n<p class=\"\"><b>Deisy Johana Ria\u00f1o<\/b>, hermana de la mujer fallecida en el hecho, cont\u00f3 que la pareja hab\u00eda realizado el viaje, dado que el novio ten\u00eda un compromiso para ejercer como \u00e1rbitro en un partido de f\u00fatbol.<\/p>\n<aside style=\"display:block;text-align:center;margin-bottom:10px\"\/>\n<blockquote><p><b>PUEDES VER: <\/b><a rel=\"nofollow noopener\" target=\"_blank\" class=\"interlinking-contenido-del-cuerpo\" href=\"https:\/\/larepublica.pe\/mundo\/2022\/04\/18\/colombia-ladron-iba-a-robar-un-celular-pero-cayo-de-moto-y-su-victima-distraida-huyo-despavorida-delincuencia\/\">Ladr\u00f3n iba a robar un celular, pero cay\u00f3 de la moto y su v\u00edctima distra\u00edda huy\u00f3 despavorida<\/a><\/p><\/blockquote>\n<p class=\"\">\u201cEl aire acondicionado estaba en mal estado. Ellos se durmieron y mi hermana qued\u00f3 dormida porque ese gas lo que hace es adormecer a la persona. Al otro d\u00eda, ellos ten\u00edan que salir muy temprano, eran las 8, las 9, las 10, las 11, las 12 y no sal\u00edan\u201d, relat\u00f3.<\/p>\n<p class=\"\">De acuerdo a la allegada de una de las v\u00edctimas, solo pudieron percatarse de lo que hab\u00eda pasado cuando fueron a revisar por qu\u00e9 la pareja no sal\u00eda del domo. \u201cFueron a mirar qu\u00e9 pas\u00f3, les toc\u00f3 romper el vidrio, encontraron a mi hermana muerta y a mi cu\u00f1ado lo encontraron agonizando\u201d, agreg\u00f3.<\/p>\n<aside class=\"ads_inline-container ad-container\"\/>\n<p class=\"\">El joven, al ser hallado con signos vitales, fue trasladado de emergencia a una cl\u00ednica en Bogot\u00e1, pero muri\u00f3 horas despu\u00e9s. De momento, las autoridades colombianas no se han pronunciado frente a lo sucedido, pues <mark class=\"hl_yellow\">se espera que se lleve a cabo una investigaci\u00f3n que permita esclarecer los decesos.<\/mark><\/p>\n<blockquote><p><b>PUEDES VER: <\/b><a rel=\"nofollow noopener\" target=\"_blank\" class=\"interlinking-contenido-del-cuerpo\" href=\"https:\/\/larepublica.pe\/mundo\/2022\/04\/14\/colombia-mujer-exige-la-clave-del-celular-de-su-novio-pese-a-que-este-sufrio-accidente\/\">Mujer exige la clave del celular de su novio pese a que este sufri\u00f3 un accidente<\/a><\/p><\/blockquote>\n<h2 class=\"\">\u00bfQu\u00e9 es el glamping?<\/h2>\n<p class=\"\">El <b>glamping <\/b>es un creciente fen\u00f3meno tur\u00edstico international que mezcla la experiencia de acampar al aire libre con el lujo y las condiciones propias de los mejores hoteles.<\/p>\n<aside class=\"ads_inlineTwo-container ad-container\"\/>\n<p class=\"\">Esta modalidad de hospedaje, que ha tomado fuerza en <b>Colombia <\/b>en los \u00faltimos a\u00f1os, es una tendencia que se outline como un tenting, pero con glamour y que atrae a los turistas que buscan tener una experiencia diferente en sus traves\u00edas.<\/p>\n<p class=\"\">En di\u00e1logo con la revista Semana, el presidente de la Asociaci\u00f3n Hotelera y Tur\u00edstica de Colombia (Cotelco), <b>Gustavo Toro<\/b>, expres\u00f3: \u201cHemos observado que el glamping es una tendencia de alto nivel que no compite con los hoteles y que s\u00ed diversifica la oferta tur\u00edstica del pa\u00eds, que cuenta con hermosos paisajes para visitar\u201d.<\/p>\n<aside class=\"ads_inlineThree-container ad-container\"\/>\n<p class=\"\">Aunque no se tienen datos de cu\u00e1ntos alojamientos tipo glamping hay en el pa\u00eds sudamericano, recientemente, el portal de noticias El Colombiano pudo determinar que en 11 departamentos de Colombia se brinda este tipo de servicio.<\/p>\n<\/div>\n\n<p><em> &#8221; Fuentes larepublica.pe &#8221; <\/em><\/p>\n","protected":false},"excerpt":{"rendered":"<p>El \u00faltimo lunes se conoci\u00f3 el fallecimiento de una pareja, la cual se encontraba hospedada en un glamping localizado en el municipio de Manta, regi\u00f3n de Cundinamarca (Colombia). Aparentemente, la causa del incidente habr\u00eda sido una falla en el sistema de aire acondicionado, lo que ocasion\u00f3 una emisi\u00f3n de gases t\u00f3xicos que termin\u00f3 por asfixiar [&hellip;]<\/p>\n","protected":false},"author":4,"featured_media":304754,"comment_status":"open","ping_status":"closed","sticky":false,"template":"","format":"standard","meta":{"om_disable_all_campaigns":false,"jnews-multi-image_gallery":[],"jnews_single_post":[],"jnews_primary_category":[],"jnews_social_meta":[],"footnotes":""},"categories":[39],"tags":[771,2249],"class_list":["post-304753","post","type-post","status-publish","format-standard","has-post-thumbnail","hentry","category-viajes","tag-colombia","tag-muerte"],"_links":{"self":[{"href":"https:\/\/dimensionturistica.com\/es\/wp-json\/wp\/v2\/posts\/304753","targetHints":{"allow":["GET"]}}],"collection":[{"href":"https:\/\/dimensionturistica.com\/es\/wp-json\/wp\/v2\/posts"}],"about":[{"href":"https:\/\/dimensionturistica.com\/es\/wp-json\/wp\/v2\/types\/post"}],"author":[{"embeddable":true,"href":"https:\/\/dimensionturistica.com\/es\/wp-json\/wp\/v2\/users\/4"}],"replies":[{"embeddable":true,"href":"https:\/\/dimensionturistica.com\/es\/wp-json\/wp\/v2\/comments?post=304753"}],"version-history":[{"count":0,"href":"https:\/\/dimensionturistica.com\/es\/wp-json\/wp\/v2\/posts\/304753\/revisions"}],"wp:featuredmedia":[{"embeddable":true,"href":"https:\/\/dimensionturistica.com\/es\/wp-json\/wp\/v2\/media\/304754"}],"wp:attachment":[{"href":"https:\/\/dimensionturistica.com\/es\/wp-json\/wp\/v2\/media?parent=304753"}],"wp:term":[{"taxonomy":"category","embeddable":true,"href":"https:\/\/dimensionturistica.com\/es\/wp-json\/wp\/v2\/categories?post=304753"},{"taxonomy":"post_tag","embeddable":true,"href":"https:\/\/dimensionturistica.com\/es\/wp-json\/wp\/v2\/tags?post=304753"}],"curies":[{"name":"wp","href":"https:\/\/api.w.org\/{rel}","templated":true}]}}