{"id":304708,"date":"2022-04-20T00:56:58","date_gmt":"2022-04-20T00:56:58","guid":{"rendered":"https:\/\/dimensionturistica.com\/es\/?p=304708"},"modified":"2022-04-20T00:56:58","modified_gmt":"2022-04-20T00:56:58","slug":"planta-de-pan-northeast-foods-dice-que-colabora-para-investigar-la-muerte-de-la-trabajadora-hispana-bibiana-arellano-delabra-univision-40-raleigh-wuvc","status":"publish","type":"post","link":"https:\/\/dimensionturistica.com\/es\/planta-de-pan-northeast-foods-dice-que-colabora-para-investigar-la-muerte-de-la-trabajadora-hispana-bibiana-arellano-delabra-univision-40-raleigh-wuvc\/","title":{"rendered":"Planta de pan Northeast Foods dice que colabora para investigar la muerte de la trabajadora hispana Bibiana Arellano Delabra | Univision 40 Raleigh WUVC"},"content":{"rendered":"<p> <br \/>\n<\/p>\n<div>\n<p>&#8220;Todos los que la conocimos hoy sufrimos su tan pronta e injusta despedida, no merec\u00eda esto. Como amiga exijo se investigue qu\u00e9 fue lo que sucedi\u00f3. Mi ni\u00f1a ten\u00eda toda una vida por disfrutar, amaba vivir, amaba trabajar, no he conocido una persona tan trabajadora como ella&#8221;, comparti\u00f3 en <a target=\"_blank\" href=\"https:\/\/www.facebook.com\/Univision40NC\/posts\/4298043400298717\" rel=\"noopener\">Facebook.<\/a><\/p>\n<\/div>\n\n<p><em> \u2018 The preceding article may include information circulated by third parties \u2019 <\/em><\/p>\n<p><em> \u2018 Some details of this article were extracted from the following source www.univision.com \u2019 <\/em><\/p>\n","protected":false},"excerpt":{"rendered":"<p>&#8220;Todos los que la conocimos hoy sufrimos su tan pronta e injusta despedida, no merec\u00eda esto. Como amiga exijo se investigue qu\u00e9 fue lo que sucedi\u00f3. Mi ni\u00f1a ten\u00eda toda una vida por disfrutar, amaba vivir, amaba trabajar, no he conocido una persona tan trabajadora como ella&#8221;, comparti\u00f3 en Facebook. \u2018 The preceding article may [&hellip;]<\/p>\n","protected":false},"author":2,"featured_media":304709,"comment_status":"open","ping_status":"closed","sticky":false,"template":"","format":"standard","meta":{"om_disable_all_campaigns":false,"jnews-multi-image_gallery":[],"jnews_single_post":[],"jnews_primary_category":[],"jnews_social_meta":[],"footnotes":""},"categories":[43],"tags":[],"class_list":["post-304708","post","type-post","status-publish","format-standard","has-post-thumbnail","hentry","category-gourmet"],"_links":{"self":[{"href":"https:\/\/dimensionturistica.com\/es\/wp-json\/wp\/v2\/posts\/304708","targetHints":{"allow":["GET"]}}],"collection":[{"href":"https:\/\/dimensionturistica.com\/es\/wp-json\/wp\/v2\/posts"}],"about":[{"href":"https:\/\/dimensionturistica.com\/es\/wp-json\/wp\/v2\/types\/post"}],"author":[{"embeddable":true,"href":"https:\/\/dimensionturistica.com\/es\/wp-json\/wp\/v2\/users\/2"}],"replies":[{"embeddable":true,"href":"https:\/\/dimensionturistica.com\/es\/wp-json\/wp\/v2\/comments?post=304708"}],"version-history":[{"count":0,"href":"https:\/\/dimensionturistica.com\/es\/wp-json\/wp\/v2\/posts\/304708\/revisions"}],"wp:featuredmedia":[{"embeddable":true,"href":"https:\/\/dimensionturistica.com\/es\/wp-json\/wp\/v2\/media\/304709"}],"wp:attachment":[{"href":"https:\/\/dimensionturistica.com\/es\/wp-json\/wp\/v2\/media?parent=304708"}],"wp:term":[{"taxonomy":"category","embeddable":true,"href":"https:\/\/dimensionturistica.com\/es\/wp-json\/wp\/v2\/categories?post=304708"},{"taxonomy":"post_tag","embeddable":true,"href":"https:\/\/dimensionturistica.com\/es\/wp-json\/wp\/v2\/tags?post=304708"}],"curies":[{"name":"wp","href":"https:\/\/api.w.org\/{rel}","templated":true}]}}