{"id":304639,"date":"2022-04-19T23:25:11","date_gmt":"2022-04-19T23:25:11","guid":{"rendered":"https:\/\/dimensionturistica.com\/es\/?p=304639"},"modified":"2022-04-19T23:25:11","modified_gmt":"2022-04-19T23:25:11","slug":"dia-internacional-de-los-monumentos-y-sitios-el-patrimonio-tapatio","status":"publish","type":"post","link":"https:\/\/dimensionturistica.com\/es\/dia-internacional-de-los-monumentos-y-sitios-el-patrimonio-tapatio\/","title":{"rendered":"D\u00eda Internacional de Los Monumentos y Sitios: El Patrimonio Tapat\u00edo"},"content":{"rendered":"<p><img decoding=\"async\" class=\"size-medium wp-image-304644\" src=\"https:\/\/dimensionturistica.com\/es\/wp-content\/uploads\/2022\/04\/Instituto-Cultural-Cabaas-59-1-300x225.jpg\" alt=\"\" width=\"300\" height=\"225\" srcset=\"https:\/\/dimensionturistica.com\/es\/wp-content\/uploads\/2022\/04\/Instituto-Cultural-Cabaas-59-1-300x225.jpg 300w, https:\/\/dimensionturistica.com\/es\/wp-content\/uploads\/2022\/04\/Instituto-Cultural-Cabaas-59-1-1024x768.jpg 1024w, https:\/\/dimensionturistica.com\/es\/wp-content\/uploads\/2022\/04\/Instituto-Cultural-Cabaas-59-1-768x576.jpg 768w, https:\/\/dimensionturistica.com\/es\/wp-content\/uploads\/2022\/04\/Instituto-Cultural-Cabaas-59-1-750x562.jpg 750w, https:\/\/dimensionturistica.com\/es\/wp-content\/uploads\/2022\/04\/Instituto-Cultural-Cabaas-59-1-1140x855.jpg 1140w, https:\/\/dimensionturistica.com\/es\/wp-content\/uploads\/2022\/04\/Instituto-Cultural-Cabaas-59-1.jpg 1451w\" sizes=\"(max-width: 300px) 100vw, 300px\" \/><\/p>\n<p>El D\u00eda Internacional de los Monumentos y Sitios se celebra el 18 de abril desde 1983, una fecha conmemorativa impulsada por el Consejo Internacional de Monumentos y Sitios (ICOMOS) y la UNESCO para reflexionar sobre estos bienes culturales y su importancia identitaria.<br \/>\nCon motivo de esta fecha, la Oficina de Visitantes y Convenciones de Guadalajara reconoce la riqueza arquitect\u00f3nica, hist\u00f3rica y cultural de Guadalajara e invita a conocer los sitios y manifestaciones culturales que han posicionado a Jalisco como estandarte de la identidad mexicana dentro y fuera del pa\u00eds.<br \/>\nCatedral Metropolitana<br \/>\nLa Catedral Metropolitana de Guadalajara es uno de los \u00edconos arquitect\u00f3nicos y religiosos m\u00e1s<img decoding=\"async\" class=\"size-medium wp-image-304646 alignright\" src=\"https:\/\/dimensionturistica.com\/es\/wp-content\/uploads\/2022\/04\/Teatro-Degollado-300x200.jpeg\" alt=\"\" width=\"300\" height=\"200\" srcset=\"https:\/\/dimensionturistica.com\/es\/wp-content\/uploads\/2022\/04\/Teatro-Degollado-300x200.jpeg 300w, https:\/\/dimensionturistica.com\/es\/wp-content\/uploads\/2022\/04\/Teatro-Degollado-768x512.jpeg 768w, https:\/\/dimensionturistica.com\/es\/wp-content\/uploads\/2022\/04\/Teatro-Degollado-750x500.jpeg 750w, https:\/\/dimensionturistica.com\/es\/wp-content\/uploads\/2022\/04\/Teatro-Degollado.jpeg 1002w\" sizes=\"(max-width: 300px) 100vw, 300px\" \/> representativos del occidente mexicano. Su construcci\u00f3n inici\u00f3 en 1561, por mandato del Rey Felipe II de Espa\u00f1a y, desde la finalizaci\u00f3n de su construcci\u00f3n en 1618, se ha convertido en el coraz\u00f3n del Centro Hist\u00f3rico de la perla tapat\u00eda.<br \/>\nEs la \u00fanica construcci\u00f3n de su tipo en el pa\u00eds que cuenta con un interior completamente g\u00f3tico. Sus impresionantes torres con agujas neog\u00f3ticas miden 65 metros y tuvieron que ser reconstruidas en dos ocasiones. Este lugar resguarda una escultura de la Virgen de la Rosa, regalo del emperador Carlos V y el segundo \u00f3rgano m\u00e1s grande de M\u00e9xico.<br \/>\nRotonda de los Jaliscienses Ilustres<br \/>\nEste monumento fue dise\u00f1ado por el arquitecto Vicente Mendiola, y, desde 1952, ha homenajeado<img decoding=\"async\" class=\"size-medium wp-image-304650 alignright\" src=\"https:\/\/dimensionturistica.com\/es\/wp-content\/uploads\/2022\/04\/Rotonda-de-los-Jaliscienses-300x200.jpg\" alt=\"\" width=\"300\" height=\"200\" srcset=\"https:\/\/dimensionturistica.com\/es\/wp-content\/uploads\/2022\/04\/Rotonda-de-los-Jaliscienses-300x200.jpg 300w, https:\/\/dimensionturistica.com\/es\/wp-content\/uploads\/2022\/04\/Rotonda-de-los-Jaliscienses.jpg 600w\" sizes=\"(max-width: 300px) 100vw, 300px\" \/> a los jaliscienses m\u00e1s destacados que han hecho importantes aportaciones para el desarrollo de la ciudad en distintas ramas como literatura, artes, ciencia, educaci\u00f3n y filantrop\u00eda.<br \/>\nEst\u00e1 conformado por 17 columnas estriadas coronadas por un anillo de cantera con un total de 98 nichos. Bajo el lema \u201cJalisco a sus hijos esclarecidos\u201d, descansan los restos de 31 personajes, de quienes existen tambi\u00e9n estatuas talladas en bronce que rodean el lugar. Entre los homenajeados se encuentran Jos\u00e9 Clemente Orozco, Consuelo Vel\u00e1zquez, Luis Barrag\u00e1n, Agust\u00edn Y\u00e1\u00f1ez, Juan Jos\u00e9 Arreola, Irene Robledo, Mar\u00eda Izquierdo, Jorge Matute Remus, entre otros.<br \/>\nZona Arqueol\u00f3gica de Guachimontones<br \/>\nSe trata del centro religioso construido por una antigua civilizaci\u00f3n en el periodo de 350 a. C. hasta el 350 d. C. Fue descubierto por el arque\u00f3logo Phil C. Weigand y la historiadora de arte Arcelia Garc\u00eda en la d\u00e9cada de 1970. Su hallazgo sorprendi\u00f3 al mundo gracias a que su arquitectura era<img decoding=\"async\" class=\"size-medium wp-image-304651 alignright\" src=\"https:\/\/dimensionturistica.com\/es\/wp-content\/uploads\/2022\/04\/Puente-Matut-229x300.jpg\" alt=\"\" width=\"229\" height=\"300\" srcset=\"https:\/\/dimensionturistica.com\/es\/wp-content\/uploads\/2022\/04\/Puente-Matut-229x300.jpg 229w, https:\/\/dimensionturistica.com\/es\/wp-content\/uploads\/2022\/04\/Puente-Matut.jpg 600w\" sizes=\"(max-width: 229px) 100vw, 229px\" \/> diferente al resto de construcciones de Mesoam\u00e9rica, y signific\u00f3 una aportaci\u00f3n al patrimonio arquitect\u00f3nico mundial.<br \/>\nLas pir\u00e1mides principales, el Gran Guachi y La Iguana, constan de bases c\u00f3nicas escalonadas rodeadas de plataformas rectangulares, que a su vez forman patios circulares. Esta simbolog\u00eda fue planeada por la civilizaci\u00f3n \u201cTradici\u00f3n Teuchitl\u00e1n\u201d para poder comunicarse con sus dioses y representa un antecedente del Rito de los Voladores.<br \/>\nMinerva<br \/>\nLa Minerva es uno de los m\u00e1s grandes s\u00edmbolos tapat\u00edos, que a trav\u00e9s de los a\u00f1os se ha convertido en un testigo mudo de la transformaci\u00f3n de Guadalajara en una de las metr\u00f3polis m\u00e1s importantes y vanguardistas de M\u00e9xico. La estatua de bronce mide ocho metros de altura y representa a la diosa romana de la sabidur\u00eda, las artes y la guerra con la que comparte el nombre.<br \/>\nBajo el lema: \u201cJusticia, Sabidur\u00eda y Fortaleza, custodian a esta leal Ciudad\u201d, la Minerva se erige desde 1957 como la gran guardiana de la perla de occidente. Tambi\u00e9n, este monumento hist\u00f3rico simboliza los valores, la identidad y la uni\u00f3n del pueblo tapat\u00edo, que ha encontrado en ella un punto de reuni\u00f3n para celebrar los grandes acontecimientos.<br \/>\nInstituto Cultural Caba\u00f1as<br \/>\nConsiderado un s\u00edmbolo cultural de Guadalajara, el Instituto Cultural Caba\u00f1as fue reconocido en 1997 por la UNESCO como Patrimonio Cultural de la Humanidad gracias a su belleza arquitect\u00f3nica y a su valor hist\u00f3rico y cultural. Aunque el edificio, construido en 1810, originalmente funcion\u00f3 como hospicio, hoy se conoce por resguardar en los muros y techos de la antigua capilla las obras m\u00e1s emblem\u00e1ticas del gran maestro muralista Jos\u00e9 Clemente Orozco.<br \/>\nEn sus salas, se exhibe la obra Mathias Goeritz, pinturas y esculturas de artistas jaliscienses, y se han realizado exposiciones de Diego Rivera, David Alfaro Siqueiros, Jos\u00e9 Luis Cuevas, George Baselitz,<img decoding=\"async\" class=\"size-medium wp-image-304645 alignright\" src=\"https:\/\/dimensionturistica.com\/es\/wp-content\/uploads\/2022\/04\/La-Minerva-300x221.png\" alt=\"\" width=\"300\" height=\"221\" srcset=\"https:\/\/dimensionturistica.com\/es\/wp-content\/uploads\/2022\/04\/La-Minerva-300x221.png 300w, https:\/\/dimensionturistica.com\/es\/wp-content\/uploads\/2022\/04\/La-Minerva-768x565.png 768w, https:\/\/dimensionturistica.com\/es\/wp-content\/uploads\/2022\/04\/La-Minerva-750x552.png 750w, https:\/\/dimensionturistica.com\/es\/wp-content\/uploads\/2022\/04\/La-Minerva.png 810w\" sizes=\"(max-width: 300px) 100vw, 300px\" \/> Marcel Duchamp, Joseph Beuys o Yoko Ono.<br \/>\nTeatro Degollado<br \/>\nEste recinto es uno de los m\u00e1s importantes de Jalisco. Su construcci\u00f3n se remonta a 1856, aunque se inaugur\u00f3 el 13 de septiembre de 1866, con la \u00f3pera \u201cLuc\u00eda di Lammermoor\u201d de Gaetano Donizzetti, adem\u00e1s de la actuaci\u00f3n de la soprano \u00c1ngela Peralta.<br \/>\nEste emblem\u00e1tico recinto es considerado uno de los mejores conservados de Hispanoam\u00e9rica de estilo neocl\u00e1sico. La fachada cuenta con mural en alto relieve dedicado a \u201cApolo y las Musas\u201d en m\u00e1rmol travertino, obra del escultor Benito Casta\u00f1eda.<\/p>\n<p>Hoy en d\u00eda, el Teatro Degollado representa el centro art\u00edstico de la ciudad donde se re\u00fanen las actividades y artistas tanto de m\u00fasica, \u00f3pera, teatro, danza, adem\u00e1s de ser sede de la Orquesta Filarm\u00f3nica de Jalisco.<br \/>\nPuente Matute Remus<br \/>\nIdeado por los arquitectos Miguel Echauri y \u00c1lvaro Morales, este puente representa la Guadalajara vanguardista, cuyo nombre reconoce al c\u00e9lebre ingeniero que, en 1950, logr\u00f3 desplazar 12 metros el edificio de la Compa\u00f1\u00eda Telef\u00f3nica sin que se interrumpiera el servicio ni las actividades laborales dentro de \u00e9l.<br \/>\nA pesar de ser una construcci\u00f3n joven en la ciudad, este puente elevado se ha convertido en un importante para los locales, gracias a sus \u00e1reas para peatones y las luminarias que por la noche lo convierten en un imponente monumento lum\u00ednico.<br \/>\nArcos del Tercer Milenio<br \/>\nLa escultura llamada Arcos del Tercer Milenio es un proyecto monumental del artista mexicano Enrique Carbajal, mejor conocido como Sebasti\u00e1n. Aunque el proyecto original constaba de un total de seis arcos, la pieza consta de cuatro arcos monumentales de color amarillo intenso, que se entrelazan y van aumentando de tama\u00f1o hasta abarcar la glorieta del Mercado de Abastos, emplaz\u00e1ndose en las avenidas Mariano Otero y L\u00e1zaro C\u00e1rdenas.<br \/>\nAs\u00ed como las piezas del escultor Sebasti\u00e1n en otras ciudades de M\u00e9xico y el mundo, los Arcos del Milenio se han insertado en el imaginario colectivo y han transformado la manera en que los tapat\u00edos se relacionan con el espacio p\u00fablico.<\/p>\n","protected":false},"excerpt":{"rendered":"<p>El D\u00eda Internacional de los Monumentos y Sitios se celebra el 18 de abril desde 1983, una fecha conmemorativa impulsada por el Consejo Internacional de Monumentos y Sitios (ICOMOS) y la UNESCO para reflexionar sobre estos bienes culturales y su importancia identitaria. Con motivo de esta fecha, la Oficina de Visitantes y Convenciones de Guadalajara [&hellip;]<\/p>\n","protected":false},"author":1,"featured_media":304652,"comment_status":"open","ping_status":"closed","sticky":false,"template":"","format":"standard","meta":{"om_disable_all_campaigns":false,"jnews-multi-image_gallery":[],"jnews_single_post":{"source_name":"","source_url":"","via_name":"","via_url":"","override_template":"0","override":[{"template":"1","single_blog_custom":"","parallax":"1","fullscreen":"1","layout":"right-sidebar","sidebar":"default-sidebar","second_sidebar":"default-sidebar","sticky_sidebar":"1","share_position":"top","share_float_style":"share-monocrhome","show_share_counter":"1","show_view_counter":"1","show_featured":"1","show_post_meta":"1","show_post_author":"1","show_post_author_image":"1","show_post_date":"1","post_date_format":"default","post_date_format_custom":"Y\/m\/d","show_post_category":"1","show_post_reading_time":"0","post_reading_time_wpm":"300","show_zoom_button":"0","zoom_button_out_step":"2","zoom_button_in_step":"3","show_post_tag":"1","show_prev_next_post":"1","show_popup_post":"1","number_popup_post":"1","show_author_box":"0","show_post_related":"0","show_inline_post_related":"0"}],"override_image_size":"0","image_override":[{"single_post_thumbnail_size":"crop-500","single_post_gallery_size":"crop-500"}],"trending_post":"0","trending_post_position":"meta","trending_post_label":"Trending","sponsored_post":"0","sponsored_post_label":"Sponsored by","sponsored_post_name":"","sponsored_post_url":"","sponsored_post_logo_enable":"0","sponsored_post_logo":"","sponsored_post_desc":"","disable_ad":"0"},"jnews_primary_category":{"id":""},"jnews_social_meta":{"fb_title":"","fb_description":"","fb_image":"","twitter_title":"","twitter_description":"","twitter_image":""},"footnotes":""},"categories":[39],"tags":[],"class_list":["post-304639","post","type-post","status-publish","format-standard","has-post-thumbnail","hentry","category-viajes"],"_links":{"self":[{"href":"https:\/\/dimensionturistica.com\/es\/wp-json\/wp\/v2\/posts\/304639","targetHints":{"allow":["GET"]}}],"collection":[{"href":"https:\/\/dimensionturistica.com\/es\/wp-json\/wp\/v2\/posts"}],"about":[{"href":"https:\/\/dimensionturistica.com\/es\/wp-json\/wp\/v2\/types\/post"}],"author":[{"embeddable":true,"href":"https:\/\/dimensionturistica.com\/es\/wp-json\/wp\/v2\/users\/1"}],"replies":[{"embeddable":true,"href":"https:\/\/dimensionturistica.com\/es\/wp-json\/wp\/v2\/comments?post=304639"}],"version-history":[{"count":0,"href":"https:\/\/dimensionturistica.com\/es\/wp-json\/wp\/v2\/posts\/304639\/revisions"}],"wp:featuredmedia":[{"embeddable":true,"href":"https:\/\/dimensionturistica.com\/es\/wp-json\/wp\/v2\/media\/304652"}],"wp:attachment":[{"href":"https:\/\/dimensionturistica.com\/es\/wp-json\/wp\/v2\/media?parent=304639"}],"wp:term":[{"taxonomy":"category","embeddable":true,"href":"https:\/\/dimensionturistica.com\/es\/wp-json\/wp\/v2\/categories?post=304639"},{"taxonomy":"post_tag","embeddable":true,"href":"https:\/\/dimensionturistica.com\/es\/wp-json\/wp\/v2\/tags?post=304639"}],"curies":[{"name":"wp","href":"https:\/\/api.w.org\/{rel}","templated":true}]}}