{"id":304596,"date":"2022-04-19T22:43:50","date_gmt":"2022-04-19T22:43:50","guid":{"rendered":"https:\/\/dimensionturistica.com\/es\/?p=304596"},"modified":"2022-04-19T22:43:51","modified_gmt":"2022-04-19T22:43:51","slug":"el-observatorio-fiturnext-lanza-el-reto-2023-dedicado-a-como-el-turismo-puede-contribuir-a-regenerar-espacios-naturales","status":"publish","type":"post","link":"https:\/\/dimensionturistica.com\/es\/el-observatorio-fiturnext-lanza-el-reto-2023-dedicado-a-como-el-turismo-puede-contribuir-a-regenerar-espacios-naturales\/","title":{"rendered":"El Observatorio FiturNext lanza el Reto 2023 dedicado a c\u00f3mo el turismo puede contribuir a regenerar espacios naturales"},"content":{"rendered":"<p><img decoding=\"async\" class=\"size-medium wp-image-304606 alignleft\" src=\"https:\/\/dimensionturistica.com\/es\/wp-content\/uploads\/2022\/04\/1540494999384-300x200.jpg\" alt=\"\" width=\"300\" height=\"200\" srcset=\"https:\/\/dimensionturistica.com\/es\/wp-content\/uploads\/2022\/04\/1540494999384-300x200.jpg 300w, https:\/\/dimensionturistica.com\/es\/wp-content\/uploads\/2022\/04\/1540494999384.jpg 696w\" sizes=\"(max-width: 300px) 100vw, 300px\" \/>FITUR abre la convocatoria a buenas pr\u00e1cticas de la cuarta edici\u00f3n del Observatorio FiturNext, una iniciativa para promover buenas pr\u00e1cticas tur\u00edsticas en clave de sostenibilidad. El reto de este a\u00f1o es c\u00f3mo el turismo puede contribuir a la regeneraci\u00f3n de espacios naturales, un compromiso alineado con diversos Objetivos de Desarrollo Sostenible de las Naciones Unidas, que tienen el objetivo de mejorar la calidad de vida de las personas y el medio ambiente.<br \/>\nLas iniciativas que fomenten la conservaci\u00f3n del entorno natural a trav\u00e9s de sus actividades tur\u00edsticas ser\u00e1n premiadas durante la pr\u00f3xima edici\u00f3n de la Feria Internacional de Turismo, FITUR 2023, seg\u00fan su nivel de replicabilidad, las posibilidades de que las pr\u00e1cticas puedan ser adaptadas<img decoding=\"async\" class=\"size-medium wp-image-304607 alignright\" src=\"https:\/\/dimensionturistica.com\/es\/wp-content\/uploads\/2022\/04\/1540495417766-300x184.jpg\" alt=\"\" width=\"300\" height=\"184\" srcset=\"https:\/\/dimensionturistica.com\/es\/wp-content\/uploads\/2022\/04\/1540495417766-300x184.jpg 300w, https:\/\/dimensionturistica.com\/es\/wp-content\/uploads\/2022\/04\/1540495417766.jpg 689w\" sizes=\"(max-width: 300px) 100vw, 300px\" \/> por otros actores y contextos, y su nivel de impacto positivo en el sector. Todas las propuestas que quieran participar en el Reto 2023 tienen hasta el 1 de junio para apuntarse a trav\u00e9s de este formulario online.<br \/>\nTres categor\u00edas que resaltan la importancia del Reto 2023<br \/>\nLa convocatoria de esta edici\u00f3n viene acompa\u00f1ada de tres \u00e1reas de participaci\u00f3n en las que pueden aplicar los proyectos seg\u00fan sus servicios: iniciativas con impacto en el medio terrestre, en el medio acu\u00e1tico y organizaciones p\u00fablicas o privadas que trabajen para la regeneraci\u00f3n de los espacios naturales a trav\u00e9s de la gesti\u00f3n y promoci\u00f3n de este tipo de acciones.<br \/>\n<img decoding=\"async\" class=\"size-medium wp-image-304608 alignright\" src=\"https:\/\/dimensionturistica.com\/es\/wp-content\/uploads\/2022\/04\/1540496214815-300x168.jpg\" alt=\"\" width=\"300\" height=\"168\" srcset=\"https:\/\/dimensionturistica.com\/es\/wp-content\/uploads\/2022\/04\/1540496214815-300x168.jpg 300w, https:\/\/dimensionturistica.com\/es\/wp-content\/uploads\/2022\/04\/1540496214815.jpg 683w\" sizes=\"(max-width: 300px) 100vw, 300px\" \/>Las tres categor\u00edas ponen en valor la importancia de orientar la oferta tur\u00edstica a fomentar actividades y servicios que contribuyan a la conservaci\u00f3n del medio ambiente, en un momento clave. El objetivo es aumentar el grado de implicaci\u00f3n de los viajeros, que los visitantes dejen el destino, no igual, sino mejor de lo que estaba antes de su estancia, aumentando su potencial. A su vez, gracias a esta contribuci\u00f3n, la comunidad local recibir\u00e1 los beneficios generados que ayudar\u00e1n a mejorar su calidad de vida.<br \/>\nLa edici\u00f3n 2022 m\u00e1s all\u00e1 de FITUR<br \/>\nLa \u00faltima edici\u00f3n de FiturNext dedicada a c\u00f3mo impulsar una sociedad m\u00e1s accesible mediante el turismo, puso punto final durante la celebraci\u00f3n de FITUR el pasado mes de enero. Sin embargo, el Reto sigue activo en la comunidad FiturNext. Las iniciativas ganadoras de este a\u00f1o, TUR4all, Albastar y COCEMFE, participaron en un webinar para explorar y reflexionar sobre los retos y oportunidades de impulsar la accesibilidad en la industria.<br \/>\nAl mismo tiempo, se est\u00e1 promoviendo el informe FiturNext 2022, un an\u00e1lisis fruto de la investigaci\u00f3n realizada por el Observatorio, a trav\u00e9s de diversos medios y plataformas de comunicaci\u00f3n as\u00ed como en webinars.<br \/>\nM\u00e1s informaci\u00f3n: www.ifema.es\/fitur-next<\/p>\n","protected":false},"excerpt":{"rendered":"<p>FITUR abre la convocatoria a buenas pr\u00e1cticas de la cuarta edici\u00f3n del Observatorio FiturNext, una iniciativa para promover buenas pr\u00e1cticas tur\u00edsticas en clave de sostenibilidad. El reto de este a\u00f1o es c\u00f3mo el turismo puede contribuir a la regeneraci\u00f3n de espacios naturales, un compromiso alineado con diversos Objetivos de Desarrollo Sostenible de las Naciones Unidas, [&hellip;]<\/p>\n","protected":false},"author":1,"featured_media":304610,"comment_status":"open","ping_status":"closed","sticky":false,"template":"","format":"standard","meta":{"om_disable_all_campaigns":false,"jnews-multi-image_gallery":[],"jnews_single_post":{"source_name":"","source_url":"","via_name":"","via_url":"","override_template":"0","override":[{"template":"1","single_blog_custom":"","parallax":"1","fullscreen":"1","layout":"right-sidebar","sidebar":"default-sidebar","second_sidebar":"default-sidebar","sticky_sidebar":"1","share_position":"top","share_float_style":"share-monocrhome","show_share_counter":"1","show_view_counter":"1","show_featured":"1","show_post_meta":"1","show_post_author":"1","show_post_author_image":"1","show_post_date":"1","post_date_format":"default","post_date_format_custom":"Y\/m\/d","show_post_category":"1","show_post_reading_time":"0","post_reading_time_wpm":"300","show_zoom_button":"0","zoom_button_out_step":"2","zoom_button_in_step":"3","show_post_tag":"1","show_prev_next_post":"1","show_popup_post":"1","number_popup_post":"1","show_author_box":"0","show_post_related":"0","show_inline_post_related":"0"}],"override_image_size":"0","image_override":[{"single_post_thumbnail_size":"crop-500","single_post_gallery_size":"crop-500"}],"trending_post":"0","trending_post_position":"meta","trending_post_label":"Trending","sponsored_post":"0","sponsored_post_label":"Sponsored by","sponsored_post_name":"","sponsored_post_url":"","sponsored_post_logo_enable":"0","sponsored_post_logo":"","sponsored_post_desc":"","disable_ad":"0"},"jnews_primary_category":{"id":""},"jnews_social_meta":{"fb_title":"","fb_description":"","fb_image":"","twitter_title":"","twitter_description":"","twitter_image":""},"footnotes":""},"categories":[39],"tags":[],"class_list":["post-304596","post","type-post","status-publish","format-standard","has-post-thumbnail","hentry","category-viajes"],"_links":{"self":[{"href":"https:\/\/dimensionturistica.com\/es\/wp-json\/wp\/v2\/posts\/304596","targetHints":{"allow":["GET"]}}],"collection":[{"href":"https:\/\/dimensionturistica.com\/es\/wp-json\/wp\/v2\/posts"}],"about":[{"href":"https:\/\/dimensionturistica.com\/es\/wp-json\/wp\/v2\/types\/post"}],"author":[{"embeddable":true,"href":"https:\/\/dimensionturistica.com\/es\/wp-json\/wp\/v2\/users\/1"}],"replies":[{"embeddable":true,"href":"https:\/\/dimensionturistica.com\/es\/wp-json\/wp\/v2\/comments?post=304596"}],"version-history":[{"count":0,"href":"https:\/\/dimensionturistica.com\/es\/wp-json\/wp\/v2\/posts\/304596\/revisions"}],"wp:featuredmedia":[{"embeddable":true,"href":"https:\/\/dimensionturistica.com\/es\/wp-json\/wp\/v2\/media\/304610"}],"wp:attachment":[{"href":"https:\/\/dimensionturistica.com\/es\/wp-json\/wp\/v2\/media?parent=304596"}],"wp:term":[{"taxonomy":"category","embeddable":true,"href":"https:\/\/dimensionturistica.com\/es\/wp-json\/wp\/v2\/categories?post=304596"},{"taxonomy":"post_tag","embeddable":true,"href":"https:\/\/dimensionturistica.com\/es\/wp-json\/wp\/v2\/tags?post=304596"}],"curies":[{"name":"wp","href":"https:\/\/api.w.org\/{rel}","templated":true}]}}