{"id":304447,"date":"2022-04-19T17:47:14","date_gmt":"2022-04-19T17:47:14","guid":{"rendered":"https:\/\/dimensionturistica.com\/es\/?p=304447"},"modified":"2022-04-19T17:47:15","modified_gmt":"2022-04-19T17:47:15","slug":"abreupro-lanza-la-quincena-loca","status":"publish","type":"post","link":"https:\/\/dimensionturistica.com\/es\/abreupro-lanza-la-quincena-loca\/","title":{"rendered":"AbreuPRO lanza la \u201cQuincena Loca\u201d"},"content":{"rendered":"<p> <br \/>\n<\/p>\n<div>\n<div class=\"wysiwyg-photo\"><img decoding=\"async\" src=\"https:\/\/static.hosteltur.com\/app\/public\/uploads\/img\/releases\/2022\/04\/19\/L_185206_abreupro-quincenaloca-hosteltur.jpg\" alt=\"Imagen nota de prensa Hosteltur\" width=\"720\" height=\"405\"\/><\/div>\n<p>La \u201cQuincena Loca\u201d de AbreuPRO presenta descuentos de hasta el 30% a fin de promocionar las Reservas Anticipadas de Verano.<\/p>\n<p>Para esta campa\u00f1a, Ciudades como Dub\u00e1i, Nueva York y Miami, as\u00ed como las Playas de Mauricio, Maldivas o Zanzibar se unen a destinos m\u00e1s cercanos y en los que AbreuPRO es especialista: Madeira y Porto Santo, Azores, Algarve y Cabo Verde, con vuelos directos desde Madrid, Barcelona, Bilbao y Oporto.<\/p>\n<p>Con precios desde los \u20ac599, AbreuPRO tiene disponible hasta el remaining de abril, sugerencias de Solo Alojamiento, Vuelo + Resort y Paquetes, de Junio a Octubre, para destinos queridos del turista espa\u00f1ol, que se beneficiar\u00e1 de la garant\u00eda del servicio Abreu, adaptado a sus necesidades.\u201cQuincena Loca\u201d tambi\u00e9n a\u00f1ade Turqu\u00eda, con un Circuito muy especial, considerado producto estrella de Abreu, por su calidad de servicio, estancias, comidas y dem\u00e1s servicios terrestres.<\/p>\n<p>Para el director common de AbreuPRO, Carlos Villarreal, \u201cEsperamos y deseamos que este verano sea el de la recuperaci\u00f3n, motivo por el cual promocionamos las reservas anticipadas para destinos en los que somos especialistas. Queremos posicionarnos en el top of mind de las agencias de viajes en Espa\u00f1a, ofreciendo un producto diferenciador y de calidad con precios atractivos\u201d. <\/p>\n<p><strong>AbreuPRO: la marca y el servicio<\/strong><\/p>\n<p>AbreuPRO naci\u00f3 el a\u00f1o pasado y se presenta como un agregador del producto del Grupo Abreu, operando cerca de sus agentes de viajes asociados con equipos en Madrid, Barcelona, Pa\u00eds Vasco y Galicia. A trav\u00e9s del acceso profesional, el producto seleccionado est\u00e1 disponible en abreupro.com y galicia.abreupro.com, Comunidad que se beneficia de la proximidad con el aeropuerto de Oporto para conexiones a\u00e9reas directas con variados destinos.<\/p>\n<\/p><\/div>\n\n<p><em> &#8221; Fuentes www.hosteltur.com &#8221; <\/em><\/p>\n","protected":false},"excerpt":{"rendered":"<p>La \u201cQuincena Loca\u201d de AbreuPRO presenta descuentos de hasta el 30% a fin de promocionar las Reservas Anticipadas de Verano. Para esta campa\u00f1a, Ciudades como Dub\u00e1i, Nueva York y Miami, as\u00ed como las Playas de Mauricio, Maldivas o Zanzibar se unen a destinos m\u00e1s cercanos y en los que AbreuPRO es especialista: Madeira y Porto [&hellip;]<\/p>\n","protected":false},"author":4,"featured_media":304448,"comment_status":"open","ping_status":"closed","sticky":false,"template":"","format":"standard","meta":{"om_disable_all_campaigns":false,"jnews-multi-image_gallery":[],"jnews_single_post":[],"jnews_primary_category":[],"jnews_social_meta":[],"footnotes":""},"categories":[40],"tags":[572],"class_list":["post-304447","post","type-post","status-publish","format-standard","has-post-thumbnail","hentry","category-industria","tag-distribucion"],"_links":{"self":[{"href":"https:\/\/dimensionturistica.com\/es\/wp-json\/wp\/v2\/posts\/304447","targetHints":{"allow":["GET"]}}],"collection":[{"href":"https:\/\/dimensionturistica.com\/es\/wp-json\/wp\/v2\/posts"}],"about":[{"href":"https:\/\/dimensionturistica.com\/es\/wp-json\/wp\/v2\/types\/post"}],"author":[{"embeddable":true,"href":"https:\/\/dimensionturistica.com\/es\/wp-json\/wp\/v2\/users\/4"}],"replies":[{"embeddable":true,"href":"https:\/\/dimensionturistica.com\/es\/wp-json\/wp\/v2\/comments?post=304447"}],"version-history":[{"count":0,"href":"https:\/\/dimensionturistica.com\/es\/wp-json\/wp\/v2\/posts\/304447\/revisions"}],"wp:featuredmedia":[{"embeddable":true,"href":"https:\/\/dimensionturistica.com\/es\/wp-json\/wp\/v2\/media\/304448"}],"wp:attachment":[{"href":"https:\/\/dimensionturistica.com\/es\/wp-json\/wp\/v2\/media?parent=304447"}],"wp:term":[{"taxonomy":"category","embeddable":true,"href":"https:\/\/dimensionturistica.com\/es\/wp-json\/wp\/v2\/categories?post=304447"},{"taxonomy":"post_tag","embeddable":true,"href":"https:\/\/dimensionturistica.com\/es\/wp-json\/wp\/v2\/tags?post=304447"}],"curies":[{"name":"wp","href":"https:\/\/api.w.org\/{rel}","templated":true}]}}