{"id":304405,"date":"2022-04-19T21:18:46","date_gmt":"2022-04-19T21:18:46","guid":{"rendered":"https:\/\/dimensionturistica.com\/es\/?p=304405"},"modified":"2022-04-19T21:18:46","modified_gmt":"2022-04-19T21:18:46","slug":"sabias-que-los-condicionamientos-sabotean-tu-capacidad-de-manifestar","status":"publish","type":"post","link":"https:\/\/dimensionturistica.com\/es\/sabias-que-los-condicionamientos-sabotean-tu-capacidad-de-manifestar\/","title":{"rendered":"\u00bfSab\u00edas que los condicionamientos sabotean tu capacidad de manifestar?"},"content":{"rendered":"<p><img decoding=\"async\" class=\"size-medium wp-image-304554 alignright\" src=\"https:\/\/dimensionturistica.com\/es\/wp-content\/uploads\/2022\/04\/unnamed-1-13-300x225.jpg\" alt=\"\" width=\"300\" height=\"225\" srcset=\"https:\/\/dimensionturistica.com\/es\/wp-content\/uploads\/2022\/04\/unnamed-1-13-300x225.jpg 300w, https:\/\/dimensionturistica.com\/es\/wp-content\/uploads\/2022\/04\/unnamed-1-13.jpg 500w\" sizes=\"(max-width: 300px) 100vw, 300px\" \/>\u00bfQu\u00e9 significa manifestar algo en tu vida? La palabra \u201cmanifestar\u201d literalmente quiere decir mostrar o revelar. Manifestar algo es traer al mundo f\u00edsico lo que est\u00e1 en nuestro pensamiento y aquello que deseamos tener en nuestra vida.<br \/>\nAunque parece simple, no es tarea f\u00e1cil. Cuando las personas no logran manifestar lo que quieren en su vida es porque no tienen claridad de lo que buscan, se dejan llevar por los dem\u00e1s o s\u00f3lo creen que necesitan algo sin saber realmente por qu\u00e9.<br \/>\nAlcanzar nuestros objetivos individuales tiene que ver con nuestra salud interior. \u201cPara manifestar lo que quieres, es necesario sanar lo que te limita. No podemos exteriorizar algo cuando hay condicionamientos que nos sabotean\u201d, explica la terapeuta Camila Healing.<br \/>\nDe acuerdo con la creadora del m\u00e9todo de Hipnosis de Sanaci\u00f3n\u00ae, es posible alcanzar cada uno de nuestros objetivos a trav\u00e9s de la ruta para co-crear el futuro con aquello que quieres.<br \/>\nCamila Healing impartir\u00e1 el taller Sanar y Manifestar el pr\u00f3ximo 3 de mayo, donde explorar\u00e1 la consciencia, la capacidad infinita de sanar y los pasos del proceso de manifestaci\u00f3n; adem\u00e1s, mostrar\u00e1 la forma para reprogramar las creencias y, de esa manera, llegar a un estado de profunda coherencia, d\u00e1ndole fuerza al prop\u00f3sito del alma para establecer el proceso de manifestaci\u00f3n.<br \/>\n3 pasos para sanar tu interior<br \/>\n? Libera tus creencias<br \/>\nLo que aprendiste de tu familia, amigos, personas cercanas y de tu entorno te lleva a pensar que <img decoding=\"async\" class=\"size-medium wp-image-304556 alignright\" src=\"https:\/\/dimensionturistica.com\/es\/wp-content\/uploads\/2022\/04\/unnamed-15-300x245.jpg\" alt=\"\" width=\"300\" height=\"245\" srcset=\"https:\/\/dimensionturistica.com\/es\/wp-content\/uploads\/2022\/04\/unnamed-15-300x245.jpg 300w, https:\/\/dimensionturistica.com\/es\/wp-content\/uploads\/2022\/04\/unnamed-15-1024x835.jpg 1024w, https:\/\/dimensionturistica.com\/es\/wp-content\/uploads\/2022\/04\/unnamed-15-768x626.jpg 768w, https:\/\/dimensionturistica.com\/es\/wp-content\/uploads\/2022\/04\/unnamed-15-1536x1252.jpg 1536w, https:\/\/dimensionturistica.com\/es\/wp-content\/uploads\/2022\/04\/unnamed-15-750x611.jpg 750w, https:\/\/dimensionturistica.com\/es\/wp-content\/uploads\/2022\/04\/unnamed-15-1140x929.jpg 1140w, https:\/\/dimensionturistica.com\/es\/wp-content\/uploads\/2022\/04\/unnamed-15.jpg 1920w\" sizes=\"(max-width: 300px) 100vw, 300px\" \/>no hay otra manera para que tu realidad sea diferente. Las creencias te condicionan y no te permiten darle paso a nuevas ideas. Deja de lado estas creencias.<br \/>\n? Desbloquea tu energ\u00eda<br \/>\nAl dejar de lado tus creencias se desbloquea tu energ\u00eda, permitiendo que nuevas ideas hagan eco en tu presente y se generen los cambios.<br \/>\n? Crea nuevas posibilidades<br \/>\nLa hipnosis de sanaci\u00f3n te brinda la posibilidad de crear de nuevo a partir de lo que eres y tienes. Siempre puedes reprogramar lo que quieres y as\u00ed lograr tus metas.<br \/>\nCamila Healing brindar\u00e1 en este workshop las herramientas que te ayudar\u00e1n a modificar el patr\u00f3n que se repite constantemente en tu vida y no te permiten avanzar ni materializar aquello que quieres en tu vida.<br \/>\n\u201cDurante la pr\u00e1ctica de este taller, tus prop\u00f3sitos se alinear\u00e1n con tu misi\u00f3n en la vida y con el prop\u00f3sito de tu alma. No importa si no tienes claro alg\u00fan objetivo, porque tu subconsciente sabe qu\u00e9 es lo que tienes que sanar. A trav\u00e9s de la hipnosis de sanaci\u00f3n\u00ae se mostrar\u00e1 claramente lo que necesitas\u201d, finaliza la especialista.<br \/>\nM\u00e1s informaci\u00f3n sobre el workshop presencial Sanar y manifestar aqu\u00ed: https:\/\/camila-healing.mykajabi.com\/sanarymanifestar<\/p>\n<p>&nbsp;<\/p>\n","protected":false},"excerpt":{"rendered":"<p>\u00bfQu\u00e9 significa manifestar algo en tu vida? La palabra \u201cmanifestar\u201d literalmente quiere decir mostrar o revelar. Manifestar algo es traer al mundo f\u00edsico lo que est\u00e1 en nuestro pensamiento y aquello que deseamos tener en nuestra vida. Aunque parece simple, no es tarea f\u00e1cil. Cuando las personas no logran manifestar lo que quieren en su [&hellip;]<\/p>\n","protected":false},"author":1,"featured_media":304555,"comment_status":"open","ping_status":"closed","sticky":false,"template":"","format":"standard","meta":{"om_disable_all_campaigns":false,"jnews-multi-image_gallery":[],"jnews_single_post":{"source_name":"","source_url":"","via_name":"","via_url":"","override_template":"0","override":[{"template":"1","single_blog_custom":"","parallax":"1","fullscreen":"1","layout":"right-sidebar","sidebar":"default-sidebar","second_sidebar":"default-sidebar","sticky_sidebar":"1","share_position":"top","share_float_style":"share-monocrhome","show_share_counter":"1","show_view_counter":"1","show_featured":"1","show_post_meta":"1","show_post_author":"1","show_post_author_image":"1","show_post_date":"1","post_date_format":"default","post_date_format_custom":"Y\/m\/d","show_post_category":"1","show_post_reading_time":"0","post_reading_time_wpm":"300","show_zoom_button":"0","zoom_button_out_step":"2","zoom_button_in_step":"3","show_post_tag":"1","show_prev_next_post":"1","show_popup_post":"1","number_popup_post":"1","show_author_box":"0","show_post_related":"0","show_inline_post_related":"0"}],"override_image_size":"0","image_override":[{"single_post_thumbnail_size":"crop-500","single_post_gallery_size":"crop-500"}],"trending_post":"0","trending_post_position":"meta","trending_post_label":"Trending","sponsored_post":"0","sponsored_post_label":"Sponsored by","sponsored_post_name":"","sponsored_post_url":"","sponsored_post_logo_enable":"0","sponsored_post_logo":"","sponsored_post_desc":"","disable_ad":"0"},"jnews_primary_category":{"id":""},"jnews_social_meta":{"fb_title":"","fb_description":"","fb_image":"","twitter_title":"","twitter_description":"","twitter_image":""},"footnotes":""},"categories":[40],"tags":[],"class_list":["post-304405","post","type-post","status-publish","format-standard","has-post-thumbnail","hentry","category-industria"],"_links":{"self":[{"href":"https:\/\/dimensionturistica.com\/es\/wp-json\/wp\/v2\/posts\/304405","targetHints":{"allow":["GET"]}}],"collection":[{"href":"https:\/\/dimensionturistica.com\/es\/wp-json\/wp\/v2\/posts"}],"about":[{"href":"https:\/\/dimensionturistica.com\/es\/wp-json\/wp\/v2\/types\/post"}],"author":[{"embeddable":true,"href":"https:\/\/dimensionturistica.com\/es\/wp-json\/wp\/v2\/users\/1"}],"replies":[{"embeddable":true,"href":"https:\/\/dimensionturistica.com\/es\/wp-json\/wp\/v2\/comments?post=304405"}],"version-history":[{"count":0,"href":"https:\/\/dimensionturistica.com\/es\/wp-json\/wp\/v2\/posts\/304405\/revisions"}],"wp:featuredmedia":[{"embeddable":true,"href":"https:\/\/dimensionturistica.com\/es\/wp-json\/wp\/v2\/media\/304555"}],"wp:attachment":[{"href":"https:\/\/dimensionturistica.com\/es\/wp-json\/wp\/v2\/media?parent=304405"}],"wp:term":[{"taxonomy":"category","embeddable":true,"href":"https:\/\/dimensionturistica.com\/es\/wp-json\/wp\/v2\/categories?post=304405"},{"taxonomy":"post_tag","embeddable":true,"href":"https:\/\/dimensionturistica.com\/es\/wp-json\/wp\/v2\/tags?post=304405"}],"curies":[{"name":"wp","href":"https:\/\/api.w.org\/{rel}","templated":true}]}}