{"id":304319,"date":"2022-04-19T15:49:52","date_gmt":"2022-04-19T15:49:52","guid":{"rendered":"https:\/\/dimensionturistica.com\/es\/?p=304319"},"modified":"2022-04-19T15:49:52","modified_gmt":"2022-04-19T15:49:52","slug":"todo-listo-para-el-1-er-tianguis-internacional-de-pueblos-magicos-en-barcelona","status":"publish","type":"post","link":"https:\/\/dimensionturistica.com\/es\/todo-listo-para-el-1-er-tianguis-internacional-de-pueblos-magicos-en-barcelona\/","title":{"rendered":"Todo listo para el 1.er Tianguis Internacional de Pueblos M\u00e1gicos en Barcelona"},"content":{"rendered":"<p><img decoding=\"async\" class=\"size-medium wp-image-304323 alignleft\" src=\"https:\/\/dimensionturistica.com\/es\/wp-content\/uploads\/2022\/04\/MOCORITO-300x236.jpeg\" alt=\"\" width=\"300\" height=\"236\" srcset=\"https:\/\/dimensionturistica.com\/es\/wp-content\/uploads\/2022\/04\/MOCORITO-300x236.jpeg 300w, https:\/\/dimensionturistica.com\/es\/wp-content\/uploads\/2022\/04\/MOCORITO-1024x804.jpeg 1024w, https:\/\/dimensionturistica.com\/es\/wp-content\/uploads\/2022\/04\/MOCORITO-768x603.jpeg 768w, https:\/\/dimensionturistica.com\/es\/wp-content\/uploads\/2022\/04\/MOCORITO-750x589.jpeg 750w, https:\/\/dimensionturistica.com\/es\/wp-content\/uploads\/2022\/04\/MOCORITO-1140x895.jpeg 1140w, https:\/\/dimensionturistica.com\/es\/wp-content\/uploads\/2022\/04\/MOCORITO.jpeg 1280w\" sizes=\"(max-width: 300px) 100vw, 300px\" \/>El secretario de Turismo del Gobierno de M\u00e9xico, Miguel Torruco Marqu\u00e9s, dio a conocer que todo est\u00e1 listo para el arranque del Primer Tianguis Internacional de Pueblos M\u00e1gicos, que se realizar\u00e1 del 22 al 24 de abril en el Centro de Convenciones Internacional de Barcelona, Espa\u00f1a.<br \/>\nEl titular de la Secretar\u00eda de Turismo (Sectur) inform\u00f3 que la delegaci\u00f3n mexicana la integrar\u00e1n m\u00e1s de 200 prestadores de servicios, secretarios de Turismo estatales, presidentes municipales y tour operadores, quienes participan en este evento que tiene como objetivo principal, mostrar al mundo el patrimonio m\u00e1s \u00edntimo de M\u00e9xico, a trav\u00e9s de la belleza de sus 132 Pueblos M\u00e1gicos.<br \/>\nIndic\u00f3 que esta iniciativa dar\u00e1 un renovado impulso a estos destinos que forman parte de una oferta tur\u00edstica centrada en la singularidad, autenticidad y el patrimonio; as\u00ed como consolidar a los Pueblos M\u00e1gicos como el nuevo rostro tur\u00edstico de M\u00e9xico, en un evento de calidad mundial.<br \/>\nDurante los 3 d\u00edas del evento, los asistentes conocer\u00e1n un poco de este patrimonio, podr\u00e1n deleitarse con sabores originales, descubrir artesan\u00edas nacidas de manos m\u00e1gicas, participar en conferencias magistrales sobre turismo, comunidad y territorio; integrarse a las muestras culturales, as\u00ed como aprovechar los espacios de comercializaci\u00f3n con tour operadores y emprendedores tur\u00edsticos, coment\u00f3 Torruco Marqu\u00e9s.<br \/>\nEl Primer Tianguis Internacional de Pueblos M\u00e1gicos expondr\u00e1 presencialmente a los visitantes la oferta tur\u00edstica de Campeche, Chihuahua, Guerrero, Hidalgo, Michoac\u00e1n, Morelos, Nayarit, Oaxaca, Sinaloa, Chiapas, Zacatecas, Durango, Nuevo Le\u00f3n y Estado de M\u00e9xico, que representan la presencia de 61 destinos que tienen este nombramiento.<br \/>\nAdem\u00e1s, representantes de los Pueblos M\u00e1gicos de Tlatlauquitepec, Atlixco, Chignahuapan, Cuetzalan del Progreso, Xicotepec, Zacatl\u00e1n, Tulum, Isla Mujeres, Bacalar, San Andr\u00e9s Cholula y Orizaba, quienes acuden a Barcelona para mostrar la riqueza de sus culturas y tradiciones; con lo que un total de 72 Pueblos M\u00e1gicos mostrar\u00e1n su esplendor al mercado europeo y de otras regiones del mundo.<br \/>\nTorruco Marqu\u00e9s precis\u00f3 que a trav\u00e9s de la plataforma digital y las alianzas estrat\u00e9gicas con la iniciativa privada, como es el caso de M\u00e9xico Desconocido, los otros 60 Pueblos M\u00e1gicos tambi\u00e9n estar\u00e1n presentes en el tianguis, de tal forma que los 132 nos acompa\u00f1ar\u00e1n en Barcelona.<br \/>\nEl Tianguis Internacional de Pueblos M\u00e1gicos contar\u00e1 con un pabell\u00f3n gastron\u00f3mico que deleitar\u00e1<img decoding=\"async\" class=\"size-medium wp-image-304324 alignleft\" src=\"https:\/\/dimensionturistica.com\/es\/wp-content\/uploads\/2022\/04\/DOLORES-HIDALGO-300x200.jpeg\" alt=\"\" width=\"300\" height=\"200\" srcset=\"https:\/\/dimensionturistica.com\/es\/wp-content\/uploads\/2022\/04\/DOLORES-HIDALGO-300x200.jpeg 300w, https:\/\/dimensionturistica.com\/es\/wp-content\/uploads\/2022\/04\/DOLORES-HIDALGO-1024x682.jpeg 1024w, https:\/\/dimensionturistica.com\/es\/wp-content\/uploads\/2022\/04\/DOLORES-HIDALGO-768x512.jpeg 768w, https:\/\/dimensionturistica.com\/es\/wp-content\/uploads\/2022\/04\/DOLORES-HIDALGO-750x500.jpeg 750w, https:\/\/dimensionturistica.com\/es\/wp-content\/uploads\/2022\/04\/DOLORES-HIDALGO-1140x760.jpeg 1140w, https:\/\/dimensionturistica.com\/es\/wp-content\/uploads\/2022\/04\/DOLORES-HIDALGO.jpeg 1280w\" sizes=\"(max-width: 300px) 100vw, 300px\" \/> los paladares espa\u00f1oles con los sabores prehisp\u00e1nicos que se preservan hasta nuestros d\u00edas, as\u00ed como la cocina mexicana, resultado de la fusi\u00f3n de dos mundos.<br \/>\nTambi\u00e9n habr\u00e1 una robusta muestra artesanal, con piezas que podr\u00e1n ser adquiridas directamente en el evento; y se impulsar\u00e1 su comercializaci\u00f3n internacional mediante una tienda en l\u00ednea, que permitir\u00e1 su env\u00edo a cualquier parte del mundo, se\u00f1al\u00f3 el titular de Sectur.<br \/>\nAgreg\u00f3 que el pabell\u00f3n digital y de negocios facilitar\u00e1 la comercializaci\u00f3n de los productos tur\u00edsticos de los Pueblos M\u00e1gicos, a trav\u00e9s de citas de negocios que se realizar\u00e1n en formato h\u00edbrido; entre los expositores y compradores de 15 pa\u00edses.<br \/>\nA la par de la exposici\u00f3n, se desarrollar\u00e1n conferencias de primer nivel con ponentes nacionales e internacionales especializados en el sector tur\u00edstico.<br \/>\nComo parte de las muestras culturales, se realizar\u00e1 un magno concierto de \u00f3rgano en la Cripta de la monumental Iglesia de la Sagrada Familia de Barcelona, a cargo del Festival Internacional de \u00d3rgano de Morelia \u201cAlfonso Vega N\u00fa\u00f1ez\u201d.<br \/>\nEste 2022, el Festival celebra su 56 aniversario, tiempo en el cual ha sido presenciado por m\u00e1s de <img decoding=\"async\" class=\"size-medium wp-image-304326 alignleft\" src=\"https:\/\/dimensionturistica.com\/es\/wp-content\/uploads\/2022\/04\/COSCOMATEPEC-300x232.jpeg\" alt=\"\" width=\"300\" height=\"232\" srcset=\"https:\/\/dimensionturistica.com\/es\/wp-content\/uploads\/2022\/04\/COSCOMATEPEC-300x232.jpeg 300w, https:\/\/dimensionturistica.com\/es\/wp-content\/uploads\/2022\/04\/COSCOMATEPEC-1024x791.jpeg 1024w, https:\/\/dimensionturistica.com\/es\/wp-content\/uploads\/2022\/04\/COSCOMATEPEC-768x593.jpeg 768w, https:\/\/dimensionturistica.com\/es\/wp-content\/uploads\/2022\/04\/COSCOMATEPEC-750x579.jpeg 750w, https:\/\/dimensionturistica.com\/es\/wp-content\/uploads\/2022\/04\/COSCOMATEPEC-1140x881.jpeg 1140w, https:\/\/dimensionturistica.com\/es\/wp-content\/uploads\/2022\/04\/COSCOMATEPEC.jpeg 1280w\" sizes=\"(max-width: 300px) 100vw, 300px\" \/>1.6 millones de asistentes, siendo una ventana cultural de M\u00e9xico ante el mundo al haberse presentado en Espa\u00f1a, El Vaticano, Roma, Argentina, Guatemala, Colombia y Puerto Rico.<br \/>\nBarcelona es una ciudad culturalmente ic\u00f3nica y fue seleccionada para recibir el Primer Tianguis Internacional de los Pueblos M\u00e1gicos debido a las coincidencias que existen entre estos destinos, pues en ellos se preserva la cultura, se define la identidad y se valora la lengua originaria; adem\u00e1s son equilibrio entre tradici\u00f3n y modernidad, armon\u00eda entre cultura y naturaleza, puntualiz\u00f3 el secretario de Turismo.<\/p>\n","protected":false},"excerpt":{"rendered":"<p>El secretario de Turismo del Gobierno de M\u00e9xico, Miguel Torruco Marqu\u00e9s, dio a conocer que todo est\u00e1 listo para el arranque del Primer Tianguis Internacional de Pueblos M\u00e1gicos, que se realizar\u00e1 del 22 al 24 de abril en el Centro de Convenciones Internacional de Barcelona, Espa\u00f1a. El titular de la Secretar\u00eda de Turismo (Sectur) inform\u00f3 [&hellip;]<\/p>\n","protected":false},"author":1,"featured_media":304325,"comment_status":"open","ping_status":"closed","sticky":false,"template":"","format":"standard","meta":{"om_disable_all_campaigns":false,"jnews-multi-image_gallery":[],"jnews_single_post":{"source_name":"","source_url":"","via_name":"","via_url":"","override_template":"0","override":[{"template":"1","single_blog_custom":"","parallax":"1","fullscreen":"1","layout":"right-sidebar","sidebar":"default-sidebar","second_sidebar":"default-sidebar","sticky_sidebar":"1","share_position":"top","share_float_style":"share-monocrhome","show_share_counter":"1","show_view_counter":"1","show_featured":"1","show_post_meta":"1","show_post_author":"1","show_post_author_image":"1","show_post_date":"1","post_date_format":"default","post_date_format_custom":"Y\/m\/d","show_post_category":"1","show_post_reading_time":"0","post_reading_time_wpm":"300","show_zoom_button":"0","zoom_button_out_step":"2","zoom_button_in_step":"3","show_post_tag":"1","show_prev_next_post":"1","show_popup_post":"1","number_popup_post":"1","show_author_box":"0","show_post_related":"0","show_inline_post_related":"0"}],"override_image_size":"0","image_override":[{"single_post_thumbnail_size":"crop-500","single_post_gallery_size":"crop-500"}],"trending_post":"0","trending_post_position":"meta","trending_post_label":"Trending","sponsored_post":"0","sponsored_post_label":"Sponsored by","sponsored_post_name":"","sponsored_post_url":"","sponsored_post_logo_enable":"0","sponsored_post_logo":"","sponsored_post_desc":"","disable_ad":"0"},"jnews_primary_category":{"id":""},"jnews_social_meta":{"fb_title":"","fb_description":"","fb_image":"","twitter_title":"","twitter_description":"","twitter_image":""},"footnotes":""},"categories":[40],"tags":[],"class_list":["post-304319","post","type-post","status-publish","format-standard","has-post-thumbnail","hentry","category-industria"],"_links":{"self":[{"href":"https:\/\/dimensionturistica.com\/es\/wp-json\/wp\/v2\/posts\/304319","targetHints":{"allow":["GET"]}}],"collection":[{"href":"https:\/\/dimensionturistica.com\/es\/wp-json\/wp\/v2\/posts"}],"about":[{"href":"https:\/\/dimensionturistica.com\/es\/wp-json\/wp\/v2\/types\/post"}],"author":[{"embeddable":true,"href":"https:\/\/dimensionturistica.com\/es\/wp-json\/wp\/v2\/users\/1"}],"replies":[{"embeddable":true,"href":"https:\/\/dimensionturistica.com\/es\/wp-json\/wp\/v2\/comments?post=304319"}],"version-history":[{"count":0,"href":"https:\/\/dimensionturistica.com\/es\/wp-json\/wp\/v2\/posts\/304319\/revisions"}],"wp:featuredmedia":[{"embeddable":true,"href":"https:\/\/dimensionturistica.com\/es\/wp-json\/wp\/v2\/media\/304325"}],"wp:attachment":[{"href":"https:\/\/dimensionturistica.com\/es\/wp-json\/wp\/v2\/media?parent=304319"}],"wp:term":[{"taxonomy":"category","embeddable":true,"href":"https:\/\/dimensionturistica.com\/es\/wp-json\/wp\/v2\/categories?post=304319"},{"taxonomy":"post_tag","embeddable":true,"href":"https:\/\/dimensionturistica.com\/es\/wp-json\/wp\/v2\/tags?post=304319"}],"curies":[{"name":"wp","href":"https:\/\/api.w.org\/{rel}","templated":true}]}}