{"id":304286,"date":"2022-04-19T15:09:44","date_gmt":"2022-04-19T15:09:44","guid":{"rendered":"https:\/\/dimensionturistica.com\/es\/?p=304286"},"modified":"2022-04-19T15:09:45","modified_gmt":"2022-04-19T15:09:45","slug":"viajes-culturales-del-museo-de-arte-sacro-diario-de-queretaro","status":"publish","type":"post","link":"https:\/\/dimensionturistica.com\/es\/viajes-culturales-del-museo-de-arte-sacro-diario-de-queretaro\/","title":{"rendered":"Viajes culturales del Museo de Arte Sacro &#8211; Diario de Quer\u00e9taro"},"content":{"rendered":"<p> <br \/>\n<\/p>\n<div id=\"content-body-5851641-8158258\">\n<p>Con los programas que llevan por nombre \u201cviajes culturales\u201d y \u201crutas con encanto\u201d, el Museo de Arte Sacro ha conquistado el mercado native con crecimiento intelectual y derrama econ\u00f3mica, con entusiasmo informaron que los n\u00fameros pese a la pandemia son favorables, todo esto gracias a su iniciativa, tenacidad y buen manejo de la variedad de productos de orden tur\u00edstico que impulsa.<\/p>\n<p>Desde que iniciaron con estos proyectos, se han realizado m\u00e1s de 100 recorridos culturales a diferentes destinos de M\u00e9xico y 40 rutas con encanto, que demandan desde medio hasta un d\u00eda de actividad completa con visitas y creaci\u00f3n de producto vinculado a lo religioso, lo espiritual pero recogen amplia inclusi\u00f3n de la tradici\u00f3n queretana. <\/p>\n<p>\u201cEstos productos han logrado movilizar a m\u00e1s de 1700 personas y sin lugar a dudas una derrama que puede superar los 5 mdp al menos. Integrar templos, capillas, conventos, plazas, edificios coloniales en general y posibilidades extremas como la huasteca o las faldas de los volcanes de M\u00e9xico hace que el museo sea posiblemente el \u00fanico del pa\u00eds en tener una oferta tan variada e incluyente de servicios m\u00e1s all\u00e1 de una sala museogr\u00e1fica, sino que impulse el turismo cultural, los seminarios , bazares artesanales entre otros\u201d, comparti\u00f3 Jos\u00e9 Niembro, director ejecutivo del Museo de Arte Sacro. <\/p>\n<\/div>\n<p><script>(function(d, s, id) {\nvar js, fjs = d.getElementsByTagName(s)[0];\nif (d.getElementById(id)) return;\njs = d.createElement(s); js.id = id;\njs.src=\"https:\/\/connect.facebook.net\/es_LA\/sdk.js#xfbml=1&version=v3.2&appId=193330489502691&autoLogAppEvents=1\";\nfjs.parentNode.insertBefore(js, fjs);\n}(document, 'script', 'facebook-jssdk'));\n<\/script><br \/>\n<br \/><\/p>\n<p><em> &#8221; Fuentes www.diariodequeretaro.com.mx &#8221; <\/em><\/p>\n","protected":false},"excerpt":{"rendered":"<p>Con los programas que llevan por nombre \u201cviajes culturales\u201d y \u201crutas con encanto\u201d, el Museo de Arte Sacro ha conquistado el mercado native con crecimiento intelectual y derrama econ\u00f3mica, con entusiasmo informaron que los n\u00fameros pese a la pandemia son favorables, todo esto gracias a su iniciativa, tenacidad y buen manejo de la variedad de [&hellip;]<\/p>\n","protected":false},"author":4,"featured_media":304287,"comment_status":"open","ping_status":"closed","sticky":false,"template":"","format":"standard","meta":{"om_disable_all_campaigns":false,"jnews-multi-image_gallery":[],"jnews_single_post":[],"jnews_primary_category":[],"jnews_social_meta":[],"footnotes":""},"categories":[39],"tags":[662,544],"class_list":["post-304286","post","type-post","status-publish","format-standard","has-post-thumbnail","hentry","category-viajes","tag-cultura","tag-turismo"],"_links":{"self":[{"href":"https:\/\/dimensionturistica.com\/es\/wp-json\/wp\/v2\/posts\/304286","targetHints":{"allow":["GET"]}}],"collection":[{"href":"https:\/\/dimensionturistica.com\/es\/wp-json\/wp\/v2\/posts"}],"about":[{"href":"https:\/\/dimensionturistica.com\/es\/wp-json\/wp\/v2\/types\/post"}],"author":[{"embeddable":true,"href":"https:\/\/dimensionturistica.com\/es\/wp-json\/wp\/v2\/users\/4"}],"replies":[{"embeddable":true,"href":"https:\/\/dimensionturistica.com\/es\/wp-json\/wp\/v2\/comments?post=304286"}],"version-history":[{"count":0,"href":"https:\/\/dimensionturistica.com\/es\/wp-json\/wp\/v2\/posts\/304286\/revisions"}],"wp:featuredmedia":[{"embeddable":true,"href":"https:\/\/dimensionturistica.com\/es\/wp-json\/wp\/v2\/media\/304287"}],"wp:attachment":[{"href":"https:\/\/dimensionturistica.com\/es\/wp-json\/wp\/v2\/media?parent=304286"}],"wp:term":[{"taxonomy":"category","embeddable":true,"href":"https:\/\/dimensionturistica.com\/es\/wp-json\/wp\/v2\/categories?post=304286"},{"taxonomy":"post_tag","embeddable":true,"href":"https:\/\/dimensionturistica.com\/es\/wp-json\/wp\/v2\/tags?post=304286"}],"curies":[{"name":"wp","href":"https:\/\/api.w.org\/{rel}","templated":true}]}}