{"id":304024,"date":"2022-04-19T02:25:38","date_gmt":"2022-04-19T02:25:38","guid":{"rendered":"https:\/\/dimensionturistica.com\/es\/?p=304024"},"modified":"2022-04-19T02:25:39","modified_gmt":"2022-04-19T02:25:39","slug":"jueza-de-eu-cancela-viajes-con-mascarilla-aerolineas-dejaran-de-exigirla","status":"publish","type":"post","link":"https:\/\/dimensionturistica.com\/es\/jueza-de-eu-cancela-viajes-con-mascarilla-aerolineas-dejaran-de-exigirla\/","title":{"rendered":"Jueza de EU cancela viajes con mascarilla; aerol\u00edneas dejar\u00e1n de exigirla"},"content":{"rendered":"<p> <br \/>\n<\/p>\n<div>\n<p>Una jueza declar\u00f3 este lunes ilegal la <strong>obligaci\u00f3n federal <\/strong>de llevar <strong>tapabocas <\/strong>en el <strong>transporte p\u00fablico<\/strong> en <a rel=\"nofollow noopener\" target=\"_blank\" href=\"https:\/\/www.eluniversal.com.mx\/mundo\"><span style=\"color:#005383;\"><strong>Estados Unidos<\/strong><\/span><\/a>, lo que hizo que las aerol\u00edneas actualizaran inmediatamente sus reglas, tras varias semanas de batallas judiciales.\u00a0<\/p>\n<p>La magistrada <strong>Kathryn Kimball Mizelle<\/strong>, de Tampa (<strong>Florida<\/strong>), dictamin\u00f3 que los Centros para el Management y la Prevenci\u00f3n de Enfermedades (CDC) -la principal agencia sanitaria federal- se hab\u00edan excedido en su autoridad al imponer el requisito, que se aplica en aviones, trenes, metros y autobuses, entre otros.\u00a0<\/p>\n<p>Varias aerol\u00edneas estadounidenses anunciaron enseguida que la mascarilla ya no ser\u00eda obligatoria, al menos en sus vuelos internos.<\/p>\n<p><strong>Lee tambi\u00e9n:<\/strong>\u00a0<a rel=\"nofollow noopener\" target=\"_blank\" href=\"https:\/\/www.eluniversal.com.mx\/mundo\/es-como-una-cosa-de-psicopatas-de-la-tv-investigan-muerte-de-mujer-encontrada-en-una-bolsa-en-queens\">&#8220;Es como una cosa de psic\u00f3patas de la TV&#8221;; investigan muerte de una mujer encontrada en bolsa de lona en Queens<\/a><\/p>\n<p><strong>United Airways<\/strong> precis\u00f3 que el cambio se har\u00eda efectivo &#8220;inmediatamente&#8221; en sus vuelos internos en Estados Unidos y algunos vuelos internacionales, seg\u00fan las reglas vigentes en los pa\u00edses de llegada.<\/p>\n<p>&#8220;Eso significa que nuestros empleados no deber\u00e1n llevar m\u00e1s mascarillas &#8211; ni impon\u00e9rselo a los pasajeros, en la mayor\u00eda de los casos. Podr\u00e1n decidir llevar uno, ya que los <strong>CDC <\/strong>siguen recomendando fuertemente usar tapabocas en el transporte p\u00fablico&#8221;, precis\u00f3 un vocero del grupo estadounidense, que estuvo entre los primeros en imponer la vacuna anticovid a sus empleados.<\/p>\n<p>American Airways y Delta hicieron anuncios similares. Los tapabocas &#8220;bien ajustados protegen a la persona que lo lleva, aunque las personas alrededor no usen&#8221;, asegur\u00f3 <strong>Delta<\/strong>.<\/p>\n<p>&#8220;Las mascarillas fueron como los pases de abordar durante casi dos a\u00f1os, &#8211; (era) imposible volar sin ellas&#8221;, anot\u00f3 Alaska Airways, antes de indicar que son ahora opcionales, salvo en los vuelos en direcci\u00f3n o en proveniencia de <strong>Canad\u00e1<\/strong>.<\/p>\n<p><strong>Lee tambi\u00e9n:<\/strong>\u00a0<a rel=\"nofollow noopener\" target=\"_blank\" href=\"https:\/\/www.eluniversal.com.mx\/estados\/matan-tiros-2-jovenes-afromexicanos-de-oaxaca-en-california-eu-suman-6-oaxaquenos-asesinados\">Matan a tiros a 2 j\u00f3venes afromexicanos de Oaxaca en California, EU; suman 6 oaxaque\u00f1os asesinados<\/a><\/p>\n<p>Esta compa\u00f1\u00eda tambi\u00e9n evoc\u00f3 en un comunicado el caso de los pasajeros vetados porque se rehusaron a llevar mascarilla.<\/p>\n<p>&#8220;Seg\u00fan nuestros informes, algunos clientes cuyo comportamiento fue particularmente ofensivo seguir\u00e1n vetados, incluso despu\u00e9s de que se anule la regla sobre mascarillas&#8221;.<\/p>\n<p>La administraci\u00f3n de <strong>Joe Biden<\/strong> ha estado recientemente bajo la presi\u00f3n de quienes piden flexibilizar o anular la obligaci\u00f3n de llevar tapabocas. Unos 20 estados dirigidos por republicanos y varias aerol\u00edneas pidieron el fin de este medida en aviones y otros transporte p\u00fablicos.<\/p>\n<p>Pero la semana pasada, las autoridades federales decidieron prorrogar el requisito del tapabocas hasta al menos el 3 de mayo debido a un aumento de los casos.<\/p>\n<p><strong>Lee tambi\u00e9n:\u00a0<\/strong><a rel=\"nofollow noopener\" target=\"_blank\" href=\"https:\/\/www.eluniversal.com.mx\/mundo\/video-dan-conocer-imagenes-que-muestran-policia-de-michigan-matando-un-hombre-negro\">Dan a conocer video que muestra a polic\u00eda de Michigan matando a un hombre negro<\/a><\/p>\n<p>La<strong> Casa Blanca<\/strong> considera &#8220;decepcionante&#8221; la sentencia de la jueza, dijo la portavoz Jen Psaki, anotando que &#8220;los CDC siguen recomendando utilizar mascarilla en el tr\u00e1nsito p\u00fablico&#8221;.<\/p>\n<p>Seg\u00fan un alto funcionario de la presidencia, esta decisi\u00f3n &#8220;significa que la orden de los CDC de llevar puesto el tapaboca en los transportes p\u00fablicos no es vigente en este momento&#8221;.<\/p>\n<p>La Administraci\u00f3n de Seguridad en el Transporte (TSA) no har\u00e1 por lo tanto respetar la obligaci\u00f3n, precis\u00f3 bajo anonimato.<\/p>\n<p>aosr\/rmlgv<\/p>\n<\/div>\n<p><script async defer crossorigin=\"anonymous\" src=\"https:\/\/connect.facebook.net\/es_LA\/sdk.js#xfbml=1&#038;version=v10.0&#038;appId=163316950407128&#038;autoLogAppEvents=1\"><\/script><br \/>\n<br \/><\/p>\n<p><em> &#8221; Fuentes www.eluniversal.com.mx &#8221; <\/em><\/p>\n","protected":false},"excerpt":{"rendered":"<p>Una jueza declar\u00f3 este lunes ilegal la obligaci\u00f3n federal de llevar tapabocas en el transporte p\u00fablico en Estados Unidos, lo que hizo que las aerol\u00edneas actualizaran inmediatamente sus reglas, tras varias semanas de batallas judiciales.\u00a0 La magistrada Kathryn Kimball Mizelle, de Tampa (Florida), dictamin\u00f3 que los Centros para el Management y la Prevenci\u00f3n de Enfermedades [&hellip;]<\/p>\n","protected":false},"author":4,"featured_media":304025,"comment_status":"open","ping_status":"closed","sticky":false,"template":"","format":"standard","meta":{"om_disable_all_campaigns":false,"jnews-multi-image_gallery":[],"jnews_single_post":[],"jnews_primary_category":[],"jnews_social_meta":[],"footnotes":""},"categories":[39],"tags":[739,9217,44276],"class_list":["post-304024","post","type-post","status-publish","format-standard","has-post-thumbnail","hentry","category-viajes","tag-cubrebocas","tag-eu","tag-kathryn-kimball-mizelle"],"_links":{"self":[{"href":"https:\/\/dimensionturistica.com\/es\/wp-json\/wp\/v2\/posts\/304024","targetHints":{"allow":["GET"]}}],"collection":[{"href":"https:\/\/dimensionturistica.com\/es\/wp-json\/wp\/v2\/posts"}],"about":[{"href":"https:\/\/dimensionturistica.com\/es\/wp-json\/wp\/v2\/types\/post"}],"author":[{"embeddable":true,"href":"https:\/\/dimensionturistica.com\/es\/wp-json\/wp\/v2\/users\/4"}],"replies":[{"embeddable":true,"href":"https:\/\/dimensionturistica.com\/es\/wp-json\/wp\/v2\/comments?post=304024"}],"version-history":[{"count":0,"href":"https:\/\/dimensionturistica.com\/es\/wp-json\/wp\/v2\/posts\/304024\/revisions"}],"wp:featuredmedia":[{"embeddable":true,"href":"https:\/\/dimensionturistica.com\/es\/wp-json\/wp\/v2\/media\/304025"}],"wp:attachment":[{"href":"https:\/\/dimensionturistica.com\/es\/wp-json\/wp\/v2\/media?parent=304024"}],"wp:term":[{"taxonomy":"category","embeddable":true,"href":"https:\/\/dimensionturistica.com\/es\/wp-json\/wp\/v2\/categories?post=304024"},{"taxonomy":"post_tag","embeddable":true,"href":"https:\/\/dimensionturistica.com\/es\/wp-json\/wp\/v2\/tags?post=304024"}],"curies":[{"name":"wp","href":"https:\/\/api.w.org\/{rel}","templated":true}]}}