{"id":303432,"date":"2022-04-17T18:50:44","date_gmt":"2022-04-17T18:50:44","guid":{"rendered":"https:\/\/dimensionturistica.com\/es\/?p=303432"},"modified":"2022-04-17T18:50:44","modified_gmt":"2022-04-17T18:50:44","slug":"califican-de-exitoso-primer-vuelo-charter-bogota-santa-clara-cuba","status":"publish","type":"post","link":"https:\/\/dimensionturistica.com\/es\/califican-de-exitoso-primer-vuelo-charter-bogota-santa-clara-cuba\/","title":{"rendered":"Califican de exitoso primer vuelo ch\u00e1rter Bogot\u00e1-Santa Clara (Cuba)"},"content":{"rendered":"<p> <br \/>\n<\/p>\n<div>\n<p>   El avi\u00f3n lleg\u00f3 esta madrugada a Bogot\u00e1, tras una maniobra perfecta, comparable a la realizada el pasado domingo cuando viaj\u00f3 a la Isla caribe\u00f1a con toda su capacidad para pasajeros, ocupada.<\/p>\n<p>   Durante seis d\u00edas, los representantes de agencias mayoristas y medios de prensa realizaron un Fam Journey o viaje de familiarizaci\u00f3n, cada grupo con un plan distinto.<\/p>\n<p>   Esto les permiti\u00f3 conocer in situ las bondades que ofrecen al turista la geograf\u00eda cubana, en explicit la cayer\u00eda del norte de Villa Clara, lugares aleda\u00f1os y otros destinos, as\u00ed como la planta hotelera.<\/p>\n<p>   Los medios comunicacionales, entre los que estuvo incluido Prensa Latina, recorrieron el resort Grand Aston Cayo Las Brujas, de la cadena Archipelago Worldwide, el primer punto de hospedaje de los clientes del ch\u00e1rter.<\/p>\n<p>   Los periodistas hicieron un recorrido en catamar\u00e1n, un safari por varias zonas rurales en Sancti Sp\u00edritus, donde tuvieron la oportunidad de ver al tocororo, ave nacional de Cuba.<\/p>\n<p>   Tambi\u00e9n estuvieron en el centro hist\u00f3rico de la ciudad de Remedios, conocieron c\u00f3mo fue el decursar en la historia de la producci\u00f3n de az\u00facar en Cuba tras visitar el Museo de la Industria Azucarera, localizado en Caibari\u00e9n.<\/p>\n<p>   Adem\u00e1s, vieron de cerca el torcido del mejor tabaco del mundo, en la f\u00e1brica de Camajuan\u00ed y conocieron el conjunto escult\u00f3rico del Mausoleo al Comandante Ernesto Che Guevara.<\/p>\n<p>   Como un valor a\u00f1adido, disfrutaron el paisaje \u00fanico que ofrece el Pedrapl\u00e9n Caibari\u00e9n-Cayo Santa Mar\u00eda, con 48 kil\u00f3metros de longitud y 42 puentes en su recorrido, considerado el mayor viaducto de piedras sobre el mar en el mundo.<\/p>\n<p>   En la segunda parte de este periplo viajaron a la capital cubana donde se hospedaron en el Grand Aston La Habana, de la misma cadena.<\/p>\n<p>   La instalaci\u00f3n, reci\u00e9n inaugurada, se erige como el resort m\u00e1s moderno de esa ciudad, caracterizado, adem\u00e1s, por la pulcritud de sus \u00e1reas, la sencillez y elegancia de su decoraci\u00f3n.<\/p>\n<p>  En ambos hoteles, adem\u00e1s de la calidad de la gastronom\u00eda, sobresalieron otras ofertas como la m\u00fasica, piscinas, tardes de puesta de sol, espect\u00e1culos, entre much\u00edsimas otras, entre much\u00edsimas propuestas que de forma common motivaron a los turoperadores para impulsar la venta del destino Cuba, en explicit este ch\u00e1rter que lo tiene todo para unas vacaciones completas.<\/p>\n<p>   En La Habana, los periodistas y tambi\u00e9n los agentes de viajes recorrieron su vasto centro hist\u00f3rico, Patrimonio Cultural de la Humanidad, apreciaron parte del sistema de fortalezas construido por los colonialistas espa\u00f1oles para defender la ciudad de los ataques de corsarios y piratas, e hicieron una parada en la Plaza de la Revoluci\u00f3n.<\/p>\n<p>   Como colof\u00f3n, disfrutaron la belleza, el colorido y la grandeza del espect\u00e1culo que ofrece el reconocido Cabaret Tropicana, dos horas de presentaciones ininterrumpidas.<\/p>\n<p>   Pero uno de los elementos que m\u00e1s atrajo a todos fue la hospitalidad, humildad y afabilidad de los cubanos en parques, pueblos y plazas que visitaron.  <\/p>\n<p>   Los programas de familiarizaci\u00f3n de los dos grupos tuvieron muchos puntos en com\u00fan de igual forma las apreciaciones tanto de agentes y periodistas que coincidieron en que Cuba tiene un potencial enorme para ofrecer a los turistas y una calidez humana y profesional que garantizan un servicio de alto est\u00e1ndar.<\/p>\n<p>    Este ch\u00e1rter es ya una realidad, un sue\u00f1o cumplido de muchas personas, entre ellas del representante del Ministerio de Turismo de Cuba en Colombia, Mariano Fern\u00e1ndez, el operador de este paquete tur\u00edstico, el dominicano \u00c1lex Armstrong, presidente de Vacaciones WAO y de Mait\u00e9 Medina directora de Ventas y Advertising and marketing, de la cadena hotelera Grand Aston.<\/p>\n<p>    Las agencias Tu Reserva.Com, Do It Viajes, Turismo Sol y Brisas Journey &amp; Resting Membership, A&amp;D Representaciones, y Js Representaciones Tur\u00edsticas decidieron apostar a esta nueva salida y se comprometieron con continuar las planificadas para los meses venideros.<\/p>\n<p>rgh\/otf<\/p>\n<\/p><\/div>\n\n<p><em> &#8221; Fuentes www.prensa-latina.cu &#8221; <\/em><\/p>\n","protected":false},"excerpt":{"rendered":"<p>El avi\u00f3n lleg\u00f3 esta madrugada a Bogot\u00e1, tras una maniobra perfecta, comparable a la realizada el pasado domingo cuando viaj\u00f3 a la Isla caribe\u00f1a con toda su capacidad para pasajeros, ocupada. Durante seis d\u00edas, los representantes de agencias mayoristas y medios de prensa realizaron un Fam Journey o viaje de familiarizaci\u00f3n, cada grupo con un [&hellip;]<\/p>\n","protected":false},"author":4,"featured_media":221258,"comment_status":"open","ping_status":"closed","sticky":false,"template":"","format":"standard","meta":{"om_disable_all_campaigns":false,"jnews-multi-image_gallery":[],"jnews_single_post":[],"jnews_primary_category":[],"jnews_social_meta":[],"footnotes":""},"categories":[40],"tags":[771,956,35201],"class_list":["post-303432","post","type-post","status-publish","format-standard","has-post-thumbnail","hentry","category-industria","tag-colombia","tag-cuba","tag-nota-informativa"],"_links":{"self":[{"href":"https:\/\/dimensionturistica.com\/es\/wp-json\/wp\/v2\/posts\/303432","targetHints":{"allow":["GET"]}}],"collection":[{"href":"https:\/\/dimensionturistica.com\/es\/wp-json\/wp\/v2\/posts"}],"about":[{"href":"https:\/\/dimensionturistica.com\/es\/wp-json\/wp\/v2\/types\/post"}],"author":[{"embeddable":true,"href":"https:\/\/dimensionturistica.com\/es\/wp-json\/wp\/v2\/users\/4"}],"replies":[{"embeddable":true,"href":"https:\/\/dimensionturistica.com\/es\/wp-json\/wp\/v2\/comments?post=303432"}],"version-history":[{"count":0,"href":"https:\/\/dimensionturistica.com\/es\/wp-json\/wp\/v2\/posts\/303432\/revisions"}],"wp:featuredmedia":[{"embeddable":true,"href":"https:\/\/dimensionturistica.com\/es\/wp-json\/wp\/v2\/media\/221258"}],"wp:attachment":[{"href":"https:\/\/dimensionturistica.com\/es\/wp-json\/wp\/v2\/media?parent=303432"}],"wp:term":[{"taxonomy":"category","embeddable":true,"href":"https:\/\/dimensionturistica.com\/es\/wp-json\/wp\/v2\/categories?post=303432"},{"taxonomy":"post_tag","embeddable":true,"href":"https:\/\/dimensionturistica.com\/es\/wp-json\/wp\/v2\/tags?post=303432"}],"curies":[{"name":"wp","href":"https:\/\/api.w.org\/{rel}","templated":true}]}}