{"id":303370,"date":"2022-04-17T16:36:54","date_gmt":"2022-04-17T16:36:54","guid":{"rendered":"https:\/\/dimensionturistica.com\/es\/?p=303370"},"modified":"2022-04-17T16:36:54","modified_gmt":"2022-04-17T16:36:54","slug":"todo-listo-en-la-uaeh-para-el-festival-internacional-de-la-imagen","status":"publish","type":"post","link":"https:\/\/dimensionturistica.com\/es\/todo-listo-en-la-uaeh-para-el-festival-internacional-de-la-imagen\/","title":{"rendered":"Todo listo en la UAEH para el \u00abFestival Internacional de la Imagen\u00bb"},"content":{"rendered":"<p>La Universidad Aut\u00f3noma del Estado de Hidalgo organiza la onceava edici\u00f3n del Festival Internacional de la (FINI) 2022, evento que se desarrollar\u00e1 del 22 al 29 de abril bajo la tem\u00e1tica de \u00abCambio Clim\u00e1tico\u00bb y tendr\u00e1 como pa\u00eds invitado de honor a Alemania.<br \/>\nLa m\u00e1xima casa de estudios de Hidalgo ha preparado diversas actividades, entre conferencias, charlas, talleres, presentaciones editoriales, ciclo de cine, conciertos, exposiciones, proyecciones<img decoding=\"async\" class=\"size-medium wp-image-303383 alignright\" src=\"https:\/\/dimensionturistica.com\/es\/wp-content\/uploads\/2022\/04\/UAEH3426_1-300x185.jpg\" alt=\"\" width=\"300\" height=\"185\" srcset=\"https:\/\/dimensionturistica.com\/es\/wp-content\/uploads\/2022\/04\/UAEH3426_1-300x185.jpg 300w, https:\/\/dimensionturistica.com\/es\/wp-content\/uploads\/2022\/04\/UAEH3426_1.jpg 556w\" sizes=\"(max-width: 300px) 100vw, 300px\" \/>\u00a0documentales, coloquios y espect\u00e1culos art\u00edsticos, esto como parte de su compromiso para difundir y promover la cultura en la sociedad en general.<br \/>\nLas actividades comenzaran desde el d\u00eda 21 de abril, con la apertura de \u00abUna vida de dibujos\u00bb, realizada por el artista David Espinosa \u00abEl Dee\u00bb en la reja de la Ciudad del Conocimiento. Ese d\u00eda tambi\u00e9n se abrir\u00e1 \u00abB&amp;B: Di\u00e1logos Latinoamericanos en cartel\u00bb de F\u00e9lix Beltr\u00e1n y el colombiano Diego Giovanni Berm\u00fadez; \u00abStree Drishti: expo contemporary indian women print markers\u00bb de la Embajada de India en M\u00e9xico; la exposici\u00f3n de finalistas de Cartel en la Torre de Posgrados; adem\u00e1s de \u00abNacimiento de un Volc\u00e1n, realizado por el artista Rafael Garcia.<br \/>\nLa inauguraci\u00f3n del FINI ser\u00e1 el d\u00eda ciernes 22 de abril, en punto de las 12:00 horas en el Centro Cultural Universitario \u00abLa Garza\u00bb, localizado en el centro de Pachuca. Posteriormente, en el mismo complejo se inaugurara la obra \u00abPostales de hielo\u00bb de los artistas chilenos Alfredo Pourailly y Cristian Donoso quienes documentaron la transformaci\u00f3n de la Patagonia Austral; tambi\u00e9n se dar\u00e1 ociar apertura a \u00abApuntes de viaje\u00bb: Europa 1989-2003\u00bb, de Pedro Tzontemoc, y \u00abOjos de mujer volando\u00bb, de Patricia Aridjis.<br \/>\nEse mismo d\u00eda, pero a las 17:00 horas, el Museo Casa Grande, localizado en el Pueblo M\u00e1gico de Real del Monte, ser\u00e1 sede de la obra \u00abWalter Reuter. Viajero por la libertad\u00bb . Despu\u00e9s, la Orquesta Sinf\u00f3nica de la UAEH brindara el concierto \u00abIngenio Alem\u00e1n\u00bb, en punto de las 19:00 horas, en el Aula Magna \u00abAlfonso Cravioto Mejorada\u00bb.<br \/>\nEl s\u00e1bado 23 de abril , en el Centro Cultural \u00abLa Gaeza\u00bb, se efectuara la ceremonia de premiaci\u00f3n del Concurso Internacional de la Imagen a las 18:00 horas, para luego ser proyectado los documentales ganadores del Festival y en seguida realizar el corte de list\u00f3n de la exposici\u00f3n de los finalistas del concurso en las categor\u00edas de Fotograf\u00eda y T\u00e9cnicas Alternativas.<br \/>\n<img decoding=\"async\" class=\"size-medium wp-image-303382 alignleft\" src=\"https:\/\/dimensionturistica.com\/es\/wp-content\/uploads\/2022\/04\/UAEH6_113429-300x212.jpg\" alt=\"\" width=\"300\" height=\"212\" srcset=\"https:\/\/dimensionturistica.com\/es\/wp-content\/uploads\/2022\/04\/UAEH6_113429-300x212.jpg 300w, https:\/\/dimensionturistica.com\/es\/wp-content\/uploads\/2022\/04\/UAEH6_113429-768x542.jpg 768w, https:\/\/dimensionturistica.com\/es\/wp-content\/uploads\/2022\/04\/UAEH6_113429-120x86.jpg 120w, https:\/\/dimensionturistica.com\/es\/wp-content\/uploads\/2022\/04\/UAEH6_113429-750x529.jpg 750w, https:\/\/dimensionturistica.com\/es\/wp-content\/uploads\/2022\/04\/UAEH6_113429.jpg 850w\" sizes=\"(max-width: 300px) 100vw, 300px\" \/>Para los amantes del cine, el FINI 2022 alista un clico alem\u00e1n que se proyectara de forma gratuita en la sala \u00abDoctor J. Pilar Licona Olvera\u00bb del Centro Cultural #La Garza\u00bb. Esta actividad comenzara el s\u00e1bado 23 de abril y finalizara el 29 de abril; los horarios se pueden consultar en el programa de actividades.<br \/>\nEl FINI realizara por vez primera el concurso \u00abBachicon Garza\u00bb, concurso de fotograf\u00eda con dispositivos m\u00f3viles dirigidos a los estudiantes de bachillerato bajo el tema de \u00abCambio Clim\u00e1tico\u00bb. La premiaci\u00f3n se efectuara el d\u00eda 26 de abril y tambi\u00e9n se inaugurara una exposici\u00f3n de los mejores trabajos.<br \/>\nEl FINI 2022 tiene preparadas algunas actividades acad\u00e9micas, como es el Coloquio \u00abIm\u00e1genes e Ideas: Reflexiones acerca del cambio clim\u00e1tico\u00bb, en el participaran especialistas e investigadores quienes entablaran un debate acerca de este important\u00edsimo tema para la humanidad.<br \/>\nEn el marco de este Coloquio, el jueves 28 de abril el geoecologo alem\u00e1n Tillmann Buttschardt, de la Universidad Westphalian Wilhelms, se presentara la conferencia magistral \u00abImpacto y evaluaci\u00f3n de la contaminaci\u00f3n ambiental\u00bb, para enseguida ser investido como profesor honorario visitante internacional de la UAEH.<br \/>\nAs\u00ed mismo, el FINI realizara presentaciones editoriales, como M\u00e9xico la tierra del encanto, Revista Alquimia No 71 \u00abEl patrimonio perdido\u00bb, Luna Cornea y Cuarto Oscuro, este ultimo con la participaci\u00f3n del reconocido fot\u00f3grafo mexicano Pedro Valtierra.<br \/>\nPara cerrar con broche de oro, se har\u00e1 un merecido homenaje por sus 30 a\u00f1os de carrera fotogr\u00e1fica a Patricia Aridjis el viernes 29 de abril, acto en el que se clausuraran las actividades del onceavo Festival internacional de la Imagen y en el que tambi\u00e9n se dar\u00e1 a conocer el pais invitado de honor y la tem\u00e1tica a abordar en el 2023.<br \/>\nTodas las actividades se podr\u00e1n conocer en el programa en la siguiente pagina: https:\/\/www.uaeh.edu.mx\/fini\/index.html<\/p>\n","protected":false},"excerpt":{"rendered":"<p>La Universidad Aut\u00f3noma del Estado de Hidalgo organiza la onceava edici\u00f3n del Festival Internacional de la (FINI) 2022, evento que se desarrollar\u00e1 del 22 al 29 de abril bajo la tem\u00e1tica de \u00abCambio Clim\u00e1tico\u00bb y tendr\u00e1 como pa\u00eds invitado de honor a Alemania. La m\u00e1xima casa de estudios de Hidalgo ha preparado diversas actividades, entre [&hellip;]<\/p>\n","protected":false},"author":1,"featured_media":303384,"comment_status":"open","ping_status":"closed","sticky":false,"template":"","format":"standard","meta":{"om_disable_all_campaigns":false,"jnews-multi-image_gallery":[],"jnews_single_post":{"source_name":"","source_url":"","via_name":"","via_url":"","override_template":"0","override":[{"template":"1","single_blog_custom":"","parallax":"1","fullscreen":"1","layout":"right-sidebar","sidebar":"default-sidebar","second_sidebar":"default-sidebar","sticky_sidebar":"1","share_position":"top","share_float_style":"share-monocrhome","show_share_counter":"1","show_view_counter":"1","show_featured":"1","show_post_meta":"1","show_post_author":"1","show_post_author_image":"1","show_post_date":"1","post_date_format":"default","post_date_format_custom":"Y\/m\/d","show_post_category":"1","show_post_reading_time":"0","post_reading_time_wpm":"300","show_zoom_button":"0","zoom_button_out_step":"2","zoom_button_in_step":"3","show_post_tag":"1","show_prev_next_post":"1","show_popup_post":"1","number_popup_post":"1","show_author_box":"0","show_post_related":"0","show_inline_post_related":"0"}],"override_image_size":"0","image_override":[{"single_post_thumbnail_size":"crop-500","single_post_gallery_size":"crop-500"}],"trending_post":"0","trending_post_position":"meta","trending_post_label":"Trending","sponsored_post":"0","sponsored_post_label":"Sponsored by","sponsored_post_name":"","sponsored_post_url":"","sponsored_post_logo_enable":"0","sponsored_post_logo":"","sponsored_post_desc":"","disable_ad":"0"},"jnews_primary_category":{"id":""},"jnews_social_meta":{"fb_title":"","fb_description":"","fb_image":"","twitter_title":"","twitter_description":"","twitter_image":""},"footnotes":""},"categories":[40],"tags":[],"class_list":["post-303370","post","type-post","status-publish","format-standard","has-post-thumbnail","hentry","category-industria"],"_links":{"self":[{"href":"https:\/\/dimensionturistica.com\/es\/wp-json\/wp\/v2\/posts\/303370","targetHints":{"allow":["GET"]}}],"collection":[{"href":"https:\/\/dimensionturistica.com\/es\/wp-json\/wp\/v2\/posts"}],"about":[{"href":"https:\/\/dimensionturistica.com\/es\/wp-json\/wp\/v2\/types\/post"}],"author":[{"embeddable":true,"href":"https:\/\/dimensionturistica.com\/es\/wp-json\/wp\/v2\/users\/1"}],"replies":[{"embeddable":true,"href":"https:\/\/dimensionturistica.com\/es\/wp-json\/wp\/v2\/comments?post=303370"}],"version-history":[{"count":0,"href":"https:\/\/dimensionturistica.com\/es\/wp-json\/wp\/v2\/posts\/303370\/revisions"}],"wp:featuredmedia":[{"embeddable":true,"href":"https:\/\/dimensionturistica.com\/es\/wp-json\/wp\/v2\/media\/303384"}],"wp:attachment":[{"href":"https:\/\/dimensionturistica.com\/es\/wp-json\/wp\/v2\/media?parent=303370"}],"wp:term":[{"taxonomy":"category","embeddable":true,"href":"https:\/\/dimensionturistica.com\/es\/wp-json\/wp\/v2\/categories?post=303370"},{"taxonomy":"post_tag","embeddable":true,"href":"https:\/\/dimensionturistica.com\/es\/wp-json\/wp\/v2\/tags?post=303370"}],"curies":[{"name":"wp","href":"https:\/\/api.w.org\/{rel}","templated":true}]}}