{"id":303040,"date":"2022-04-16T19:07:13","date_gmt":"2022-04-16T19:07:13","guid":{"rendered":"https:\/\/dimensionturistica.com\/es\/?p=303040"},"modified":"2022-04-16T19:07:13","modified_gmt":"2022-04-16T19:07:13","slug":"baja-california-muestra-una-nueva-cara-para-el-turismo-con-su-nueva-campana-turistica","status":"publish","type":"post","link":"https:\/\/dimensionturistica.com\/es\/baja-california-muestra-una-nueva-cara-para-el-turismo-con-su-nueva-campana-turistica\/","title":{"rendered":"Baja California muestra una nueva cara para el turismo con su nueva campa\u00f1a tur\u00edstica"},"content":{"rendered":"<p><img decoding=\"async\" class=\"size-medium wp-image-303047 alignleft\" src=\"https:\/\/dimensionturistica.com\/es\/wp-content\/uploads\/2022\/04\/8a3a0ef5-da29-4745-a448-6ea81c40bf6a-300x189.jpg\" alt=\"\" width=\"300\" height=\"189\" srcset=\"https:\/\/dimensionturistica.com\/es\/wp-content\/uploads\/2022\/04\/8a3a0ef5-da29-4745-a448-6ea81c40bf6a-300x189.jpg 300w, https:\/\/dimensionturistica.com\/es\/wp-content\/uploads\/2022\/04\/8a3a0ef5-da29-4745-a448-6ea81c40bf6a-1024x645.jpg 1024w, https:\/\/dimensionturistica.com\/es\/wp-content\/uploads\/2022\/04\/8a3a0ef5-da29-4745-a448-6ea81c40bf6a-768x484.jpg 768w, https:\/\/dimensionturistica.com\/es\/wp-content\/uploads\/2022\/04\/8a3a0ef5-da29-4745-a448-6ea81c40bf6a-750x472.jpg 750w, https:\/\/dimensionturistica.com\/es\/wp-content\/uploads\/2022\/04\/8a3a0ef5-da29-4745-a448-6ea81c40bf6a.jpg 1080w\" sizes=\"(max-width: 300px) 100vw, 300px\" \/>Como parte de las estrategias de fomento al turismo, la tarde de hoy se dio a conocer \u201cWelcome to Baja California\u201d, una nueva campa\u00f1a tur\u00edstica\u00a0que buscamos difundir las actividades y atractivos de la regi\u00f3n a partir del mosaico multicultural que posee esta frontera.<br \/>\nM\u00e1s que una invitaci\u00f3n para miles de turistas se trata de una nueva etapa para el Estado, que busca mostrar folclor, gastronom\u00eda, tradici\u00f3n, paisajes, cultura vin\u00edcola y cervecera y los componentes que hacen de Baja California, uno de los destinos emergentes mexicanos m\u00e1s importantes para conectar con experiencias de calidad, escenarios \u00fanicos y oferta de nuevas rutas.<br \/>\nDe esta forma como parte de la presentaci\u00f3n se dieron cita, la gobernadora de Baja California,<img decoding=\"async\" class=\"size-medium wp-image-303048 alignright\" src=\"https:\/\/dimensionturistica.com\/es\/wp-content\/uploads\/2022\/04\/9c412dd9-1226-4ad8-96d6-6b4a967f0bbe-300x207.jpg\" alt=\"\" width=\"300\" height=\"207\" srcset=\"https:\/\/dimensionturistica.com\/es\/wp-content\/uploads\/2022\/04\/9c412dd9-1226-4ad8-96d6-6b4a967f0bbe-300x207.jpg 300w, https:\/\/dimensionturistica.com\/es\/wp-content\/uploads\/2022\/04\/9c412dd9-1226-4ad8-96d6-6b4a967f0bbe-768x531.jpg 768w, https:\/\/dimensionturistica.com\/es\/wp-content\/uploads\/2022\/04\/9c412dd9-1226-4ad8-96d6-6b4a967f0bbe-750x519.jpg 750w, https:\/\/dimensionturistica.com\/es\/wp-content\/uploads\/2022\/04\/9c412dd9-1226-4ad8-96d6-6b4a967f0bbe.jpg 956w\" sizes=\"(max-width: 300px) 100vw, 300px\" \/> Marina del Pilar Avila Olmeda; el Secretario de Turismo de Baja California, Miguel Agui\u00f1iga Rodr\u00edguez; y como invitado especial el Secretario de Turismo del Gobierno de M\u00e9xico, Miguel Torruco Marqu\u00e9s, en\u00a0las instalaciones de Baja California Center, ubicado frente a las bellas playas de Rosarito, sede del banderazo inicial de las vacaciones de Semana Santa.<br \/>\nDurante la presentaci\u00f3n se expusieron algunos de los iconos m\u00e1s representativos y \u00a0necesarios para conocer este destino, en donde destaca <img decoding=\"async\" class=\"size-medium wp-image-303049 alignleft\" src=\"https:\/\/dimensionturistica.com\/es\/wp-content\/uploads\/2022\/04\/12e5ce3d-9229-4f60-9073-aa6e319ab418-300x169.jpg\" alt=\"\" width=\"300\" height=\"169\" srcset=\"https:\/\/dimensionturistica.com\/es\/wp-content\/uploads\/2022\/04\/12e5ce3d-9229-4f60-9073-aa6e319ab418-300x169.jpg 300w, https:\/\/dimensionturistica.com\/es\/wp-content\/uploads\/2022\/04\/12e5ce3d-9229-4f60-9073-aa6e319ab418-1024x578.jpg 1024w, https:\/\/dimensionturistica.com\/es\/wp-content\/uploads\/2022\/04\/12e5ce3d-9229-4f60-9073-aa6e319ab418-768x434.jpg 768w, https:\/\/dimensionturistica.com\/es\/wp-content\/uploads\/2022\/04\/12e5ce3d-9229-4f60-9073-aa6e319ab418-750x424.jpg 750w, https:\/\/dimensionturistica.com\/es\/wp-content\/uploads\/2022\/04\/12e5ce3d-9229-4f60-9073-aa6e319ab418.jpg 1080w\" sizes=\"(max-width: 300px) 100vw, 300px\" \/>\u00a0Ensenada, como la Capital del Vino Mexicano y hogar de una fuerte revoluci\u00f3n culinaria; Mexicali, con espacios \u00fanicos como La Chinesca y sus bellezas naturales de desierto; Rosarito, hogar de la ic\u00f3nica langosta estilo Puerto Nuevo y punto con hermosas playas; San Felipe, spa natural en la puerta del Golfo californiano, adem\u00e1s de ser un verdadero tesoro des\u00e9rtico; San Quint\u00edn, una joya de naturaleza, poseedor de los m\u00e1s bellos humedales, bah\u00edas y valles; Tecate, punto obligado para todos los que buscan paz, relajaci\u00f3n en el \u00fanico Pueblo M\u00e1gico de la frontera; y por supuesto la emblem\u00e1tica Tijuana, escenario de excelente gastronom\u00eda, dinamismo cultural y hogar de la mejor cerveza artesanal de M\u00e9xico.<br \/>\nLa mandataria Avila Olmeda indic\u00f3 \u201cEsta campa\u00f1a de promoci\u00f3n tur\u00edstica, es una de las respuestas para consolidar a nuestro Estado como un destino tur\u00edstico seguro, enfocado a audiencias locales, nacionales y extranjeras\u201d.<br \/>\n\u201cEs una invitaci\u00f3n para los viajeros que quieran conocer un lugar diferente, lleno de sabor e innovaci\u00f3n que se siente;\u00a0porque nuestra Baja California es m\u00e1s que un Estado del Norte del pa\u00eds,<img decoding=\"async\" class=\"size-medium wp-image-303050 alignright\" src=\"https:\/\/dimensionturistica.com\/es\/wp-content\/uploads\/2022\/04\/be741a97-104c-4bee-bdb1-8158b6f9ce6e-300x195.jpg\" alt=\"\" width=\"300\" height=\"195\" srcset=\"https:\/\/dimensionturistica.com\/es\/wp-content\/uploads\/2022\/04\/be741a97-104c-4bee-bdb1-8158b6f9ce6e-300x195.jpg 300w, https:\/\/dimensionturistica.com\/es\/wp-content\/uploads\/2022\/04\/be741a97-104c-4bee-bdb1-8158b6f9ce6e-1024x667.jpg 1024w, https:\/\/dimensionturistica.com\/es\/wp-content\/uploads\/2022\/04\/be741a97-104c-4bee-bdb1-8158b6f9ce6e-768x500.jpg 768w, https:\/\/dimensionturistica.com\/es\/wp-content\/uploads\/2022\/04\/be741a97-104c-4bee-bdb1-8158b6f9ce6e-750x488.jpg 750w, https:\/\/dimensionturistica.com\/es\/wp-content\/uploads\/2022\/04\/be741a97-104c-4bee-bdb1-8158b6f9ce6e.jpg 1080w\" sizes=\"(max-width: 300px) 100vw, 300px\" \/> es la fusi\u00f3n de siete municipios que ofrecen productos de la m\u00e1s alta calidad y experiencias inolvidables que les dejar\u00e1n una marca indeleble en su vida\u201d, expuso.<br \/>\nEn el evento, se destac\u00f3 a su vez, el rol fundamental que tiene el turismo y la cadena de valor que cada d\u00eda construyen al destino como un lugar preparado para ofrecer calidez, belleza, lujo,\u00a0nuevas tendencias. As\u00ed\u00a0se\u00f1al\u00f3 \u201cHoy, con mucho gusto y con el coraz\u00f3n lleno de alegr\u00eda puedo decirles que la industria tur\u00edstica de Baja California est\u00e1 m\u00e1s fuerte que nunca,\u00a0estamos listos para reactivar la actividad tur\u00edstica al 100%\u201d.<br \/>\nAs\u00ed mismo en el evento se realiz\u00f3 una ceremonia de reconocimiento a\u00a0Secretario de Turismo del Gobierno de M\u00e9xico, Miguel Torruco Marqu\u00e9s\u00a0por sus 51 a\u00f1os de trayectoria difundiendo el turismo de M\u00e9xico.<\/p>\n","protected":false},"excerpt":{"rendered":"<p>Como parte de las estrategias de fomento al turismo, la tarde de hoy se dio a conocer \u201cWelcome to Baja California\u201d, una nueva campa\u00f1a tur\u00edstica\u00a0que buscamos difundir las actividades y atractivos de la regi\u00f3n a partir del mosaico multicultural que posee esta frontera. M\u00e1s que una invitaci\u00f3n para miles de turistas se trata de una [&hellip;]<\/p>\n","protected":false},"author":1,"featured_media":303051,"comment_status":"open","ping_status":"closed","sticky":false,"template":"","format":"standard","meta":{"om_disable_all_campaigns":false,"jnews-multi-image_gallery":[],"jnews_single_post":{"source_name":"","source_url":"","via_name":"","via_url":"","override_template":"0","override":[{"template":"1","single_blog_custom":"","parallax":"1","fullscreen":"1","layout":"right-sidebar","sidebar":"default-sidebar","second_sidebar":"default-sidebar","sticky_sidebar":"1","share_position":"top","share_float_style":"share-monocrhome","show_share_counter":"1","show_view_counter":"1","show_featured":"1","show_post_meta":"1","show_post_author":"1","show_post_author_image":"1","show_post_date":"1","post_date_format":"default","post_date_format_custom":"Y\/m\/d","show_post_category":"1","show_post_reading_time":"0","post_reading_time_wpm":"300","show_zoom_button":"0","zoom_button_out_step":"2","zoom_button_in_step":"3","show_post_tag":"1","show_prev_next_post":"1","show_popup_post":"1","number_popup_post":"1","show_author_box":"0","show_post_related":"0","show_inline_post_related":"0"}],"override_image_size":"0","image_override":[{"single_post_thumbnail_size":"crop-500","single_post_gallery_size":"crop-500"}],"trending_post":"0","trending_post_position":"meta","trending_post_label":"Trending","sponsored_post":"0","sponsored_post_label":"Sponsored by","sponsored_post_name":"","sponsored_post_url":"","sponsored_post_logo_enable":"0","sponsored_post_logo":"","sponsored_post_desc":"","disable_ad":"0"},"jnews_primary_category":{"id":""},"jnews_social_meta":{"fb_title":"","fb_description":"","fb_image":"","twitter_title":"","twitter_description":"","twitter_image":""},"footnotes":""},"categories":[39],"tags":[],"class_list":["post-303040","post","type-post","status-publish","format-standard","has-post-thumbnail","hentry","category-viajes"],"_links":{"self":[{"href":"https:\/\/dimensionturistica.com\/es\/wp-json\/wp\/v2\/posts\/303040","targetHints":{"allow":["GET"]}}],"collection":[{"href":"https:\/\/dimensionturistica.com\/es\/wp-json\/wp\/v2\/posts"}],"about":[{"href":"https:\/\/dimensionturistica.com\/es\/wp-json\/wp\/v2\/types\/post"}],"author":[{"embeddable":true,"href":"https:\/\/dimensionturistica.com\/es\/wp-json\/wp\/v2\/users\/1"}],"replies":[{"embeddable":true,"href":"https:\/\/dimensionturistica.com\/es\/wp-json\/wp\/v2\/comments?post=303040"}],"version-history":[{"count":0,"href":"https:\/\/dimensionturistica.com\/es\/wp-json\/wp\/v2\/posts\/303040\/revisions"}],"wp:featuredmedia":[{"embeddable":true,"href":"https:\/\/dimensionturistica.com\/es\/wp-json\/wp\/v2\/media\/303051"}],"wp:attachment":[{"href":"https:\/\/dimensionturistica.com\/es\/wp-json\/wp\/v2\/media?parent=303040"}],"wp:term":[{"taxonomy":"category","embeddable":true,"href":"https:\/\/dimensionturistica.com\/es\/wp-json\/wp\/v2\/categories?post=303040"},{"taxonomy":"post_tag","embeddable":true,"href":"https:\/\/dimensionturistica.com\/es\/wp-json\/wp\/v2\/tags?post=303040"}],"curies":[{"name":"wp","href":"https:\/\/api.w.org\/{rel}","templated":true}]}}