{"id":303031,"date":"2022-04-16T18:53:35","date_gmt":"2022-04-16T18:53:35","guid":{"rendered":"https:\/\/dimensionturistica.com\/es\/?p=303031"},"modified":"2022-04-16T18:53:35","modified_gmt":"2022-04-16T18:53:35","slug":"grupo-iberostar-recibe-dos-premios-en-la-wtm-latin-america-2022-por-su-modelo-de-turismo-responsable","status":"publish","type":"post","link":"https:\/\/dimensionturistica.com\/es\/grupo-iberostar-recibe-dos-premios-en-la-wtm-latin-america-2022-por-su-modelo-de-turismo-responsable\/","title":{"rendered":"Grupo Iberostar recibe dos premios en la WTM Latin America 2022 por su modelo de turismo responsable"},"content":{"rendered":"<p>Grupo Iberostar obtuvo los galardones de oro y plata en dos categor\u00edas de Turismo Responsable, durante la ceremonia de los premios WTM Latin America 2022 celebrada en S\u00e3o Paulo (Brasil), por sus proyectos relacionados con la \u201cDescarbonizaci\u00f3n en viajes y turismo\u201d y la \u201cReducci\u00f3n de residuos de pl\u00e1stico en el medio ambiente\u201d. Estos premios reconocen a la hotelera por su contribuci\u00f3n a la descarbonizaci\u00f3n del sector y sus iniciativas pioneras para la reducci\u00f3n de residuos.<br \/>\nTras recibir estos los premios, el Director de Sostenibilidad de Grupo Iberostar para Latinoam\u00e9rica, Gabriel Martorell, afirm\u00f3 que \u201cla sostenibilidad es el motor de Iberostar que est\u00e1 transformando la forma en la que se<img decoding=\"async\" class=\" wp-image-303032 alignleft\" src=\"https:\/\/dimensionturistica.com\/es\/wp-content\/uploads\/2022\/04\/IBEROSYAR-300x225.jpg\" alt=\"\" width=\"420\" height=\"315\" srcset=\"https:\/\/dimensionturistica.com\/es\/wp-content\/uploads\/2022\/04\/IBEROSYAR-300x225.jpg 300w, https:\/\/dimensionturistica.com\/es\/wp-content\/uploads\/2022\/04\/IBEROSYAR.jpg 500w\" sizes=\"(max-width: 420px) 100vw, 420px\" \/> perciben los viajes\u201d. Agradeci\u00f3 tambi\u00e9n a la organizaci\u00f3n por \u201creconocer los proyectos que tienen en el centro de su estrategia la econom\u00eda circular como clave para la protecci\u00f3n del medio ambiente y que Grupo Iberostar ha consolidado en su propia Agenda 2030\u201d.<br \/>\nLa m\u00e1xima distinci\u00f3n de oro en la categor\u00eda \u201cDescarbonizaci\u00f3n en viajes y turismo\u201d reconoce los esfuerzos de Grupo Iberostar por adelantar en 20 a\u00f1os el objetivo mundial de descarbonizaci\u00f3n y fijar para 2030 la neutralidad en emisiones de carbono.<br \/>\nPor su parte, el premio de plata en la categor\u00eda \u201cReducci\u00f3n de residuos de pl\u00e1stico en el medio ambiente\u201d distingue la iniciativa que Grupo Iberostar puso en marcha en 2020 para eliminar la totalidad de los pl\u00e1sticos de un solo uso de todas sus operaciones en sus m\u00e1s de cien hoteles en todo el mundo.<br \/>\nA trav\u00e9s de su movimiento pionero por la sostenibilidad Wave of Change, Grupo Iberostar ha llevado a cabo en los \u00faltimos a\u00f1os grandes acciones para la conservaci\u00f3n del medio ambiente y la lucha contra el cambio clim\u00e1tico.<br \/>\nLa compa\u00f1\u00eda se centra ahora en los siguientes pilares marcados en su Agenda 2030: operar bajo los par\u00e1metros de<img decoding=\"async\" class=\" wp-image-303034 alignright\" src=\"https:\/\/dimensionturistica.com\/es\/wp-content\/uploads\/2022\/04\/TVAMS-300x62.jpg\" alt=\"\" width=\"390\" height=\"82\" \/> la econom\u00eda circular, la descarbonizaci\u00f3n de la empresa prevista para 2030, eliminaci\u00f3n de residuos en 2025, el consumo responsable de pescado y marisco y la mejora de la salud costera en todos los ecosistemas que rodean sus hoteles.<br \/>\n&#8220;Nuestros objetivos marcados para esta d\u00e9cada son fundamentales para seguir avanzando en el liderazgo del turismo responsable. Nuestro deseo es inspirar a m\u00e1s y m\u00e1s personas a seguir la experiencia con Iberostar, y por eso agradecemos estos reconocimientos que no hacen m\u00e1s que impulsarnos a conseguir objetivos m\u00e1s ambiciosos para proteger y conservar la salud del medio ambiente y de las personas&#8221;, concluye Martorell.<\/p>\n","protected":false},"excerpt":{"rendered":"<p>Grupo Iberostar obtuvo los galardones de oro y plata en dos categor\u00edas de Turismo Responsable, durante la ceremonia de los premios WTM Latin America 2022 celebrada en S\u00e3o Paulo (Brasil), por sus proyectos relacionados con la \u201cDescarbonizaci\u00f3n en viajes y turismo\u201d y la \u201cReducci\u00f3n de residuos de pl\u00e1stico en el medio ambiente\u201d. Estos premios reconocen [&hellip;]<\/p>\n","protected":false},"author":1,"featured_media":303033,"comment_status":"open","ping_status":"closed","sticky":false,"template":"","format":"standard","meta":{"om_disable_all_campaigns":false,"jnews-multi-image_gallery":[],"jnews_single_post":{"source_name":"","source_url":"","via_name":"","via_url":"","override_template":"0","override":[{"template":"1","single_blog_custom":"","parallax":"1","fullscreen":"1","layout":"right-sidebar","sidebar":"default-sidebar","second_sidebar":"default-sidebar","sticky_sidebar":"1","share_position":"top","share_float_style":"share-monocrhome","show_share_counter":"1","show_view_counter":"1","show_featured":"1","show_post_meta":"1","show_post_author":"1","show_post_author_image":"1","show_post_date":"1","post_date_format":"default","post_date_format_custom":"Y\/m\/d","show_post_category":"1","show_post_reading_time":"0","post_reading_time_wpm":"300","show_zoom_button":"0","zoom_button_out_step":"2","zoom_button_in_step":"3","show_post_tag":"1","show_prev_next_post":"1","show_popup_post":"1","number_popup_post":"1","show_author_box":"0","show_post_related":"0","show_inline_post_related":"0"}],"override_image_size":"0","image_override":[{"single_post_thumbnail_size":"crop-500","single_post_gallery_size":"crop-500"}],"trending_post":"0","trending_post_position":"meta","trending_post_label":"Trending","sponsored_post":"0","sponsored_post_label":"Sponsored by","sponsored_post_name":"","sponsored_post_url":"","sponsored_post_logo_enable":"0","sponsored_post_logo":"","sponsored_post_desc":"","disable_ad":"0"},"jnews_primary_category":{"id":""},"jnews_social_meta":{"fb_title":"","fb_description":"","fb_image":"","twitter_title":"","twitter_description":"","twitter_image":""},"footnotes":""},"categories":[40],"tags":[],"class_list":["post-303031","post","type-post","status-publish","format-standard","has-post-thumbnail","hentry","category-industria"],"_links":{"self":[{"href":"https:\/\/dimensionturistica.com\/es\/wp-json\/wp\/v2\/posts\/303031","targetHints":{"allow":["GET"]}}],"collection":[{"href":"https:\/\/dimensionturistica.com\/es\/wp-json\/wp\/v2\/posts"}],"about":[{"href":"https:\/\/dimensionturistica.com\/es\/wp-json\/wp\/v2\/types\/post"}],"author":[{"embeddable":true,"href":"https:\/\/dimensionturistica.com\/es\/wp-json\/wp\/v2\/users\/1"}],"replies":[{"embeddable":true,"href":"https:\/\/dimensionturistica.com\/es\/wp-json\/wp\/v2\/comments?post=303031"}],"version-history":[{"count":0,"href":"https:\/\/dimensionturistica.com\/es\/wp-json\/wp\/v2\/posts\/303031\/revisions"}],"wp:featuredmedia":[{"embeddable":true,"href":"https:\/\/dimensionturistica.com\/es\/wp-json\/wp\/v2\/media\/303033"}],"wp:attachment":[{"href":"https:\/\/dimensionturistica.com\/es\/wp-json\/wp\/v2\/media?parent=303031"}],"wp:term":[{"taxonomy":"category","embeddable":true,"href":"https:\/\/dimensionturistica.com\/es\/wp-json\/wp\/v2\/categories?post=303031"},{"taxonomy":"post_tag","embeddable":true,"href":"https:\/\/dimensionturistica.com\/es\/wp-json\/wp\/v2\/tags?post=303031"}],"curies":[{"name":"wp","href":"https:\/\/api.w.org\/{rel}","templated":true}]}}