{"id":302644,"date":"2022-04-15T19:41:56","date_gmt":"2022-04-15T19:41:56","guid":{"rendered":"https:\/\/dimensionturistica.com\/es\/?p=302644"},"modified":"2022-04-15T19:41:57","modified_gmt":"2022-04-15T19:41:57","slug":"la-reduccion-del-iva-en-feriados-es-imperceptible-dice-el-gremio-turistico","status":"publish","type":"post","link":"https:\/\/dimensionturistica.com\/es\/la-reduccion-del-iva-en-feriados-es-imperceptible-dice-el-gremio-turistico\/","title":{"rendered":"La reducci\u00f3n del IVA en feriados es &#8216;imperceptible\u00b4, dice el gremio tur\u00edstico"},"content":{"rendered":"<p> <br \/>\n<\/p>\n<div>\n<div class=\"paragraph\">\n<p>En Ecuador comienza este viernes 15 de abril su primer feriado completamente sin restricciones de aforo o movilidad tras dos a\u00f1os y un mes de pandemia.<\/p>\n<p>Adem\u00e1s, ser\u00e1 el segundo feriado en el que se cut back la tasa del Impuesto al Valor Agregado (<b>IVA<\/b>) en establecimientos vinculados al sector tur\u00edstico.<\/p>\n<p>Desde el<b> Ministerio de Turismo <\/b>se espera que existan m\u00e1s de un mill\u00f3n de viajes durante estos tres d\u00edas de asueto. El <b>Comit\u00e9 de Operaciones de Emergencia<\/b> (COE) Nacional prev\u00e9 que unas 800.000 personas acudir\u00e1n a las diferentes procesiones cat\u00f3licas.<\/p>\n<p>En Carnaval, las autoridades a\u00fan recomendaban limitar los aforos en eventos masivos y estadios. Pese a ello, <b><a rel=\"nofollow noopener\" target=\"_blank\" href=\"https:\/\/www.ecuavisa.com\/noticias\/ecuador\/casi-dos-millones-de-personas-se-movilizaron-durante-el-carnaval-en-ecuador-XN1395110\">cerca de dos millones de personas se movilizaron por el pa\u00eds<\/a><\/b>.<\/p>\n<p>En ese feriado se aplic\u00f3 por primera vez la reducci\u00f3n de la tarifa del IVA. Pas\u00f3 del 12 % al 8 % durante cuatro d\u00edas.<\/p>\n<p>De acuerdo al Gobierno Nacional, el movimiento econ\u00f3mico que gener\u00f3 Carnaval fue de 66,8 millones de d\u00f3lares por gasto tur\u00edstico.<\/p>\n<p>Este viernes 15, s\u00e1bado 16 y domingo 17 de abril se aplicar\u00e1 la misma disposici\u00f3n. M\u00e1s de 21.500 establecimientos pertenecientes al sector tur\u00edstico: hoteles, cafeter\u00edas, discotecas, bares, restaurantes, agencias de viaje, entre otros, que consten en el Catastro Nacional de Establecimientos Tur\u00edsticos deber\u00e1n cobrar menos IVA.<\/p>\n<\/p><\/div>\n<p><h2> &#8220;Es imperceptible&#8221; <\/h2>\n<h2\/>\n<div class=\"paragraph\">\n<p>Seg\u00fan Holbach Mu\u00f1et\u00f3n, presidente de la <b>Federaci\u00f3n Nacional de C\u00e1maras Provinciales de Turismo del Ecuador<\/b>, la reducci\u00f3n del IVA, no es una raz\u00f3n que realmente motive al viajero.<\/p>\n<p>De hecho, asevera que su gremio propuso al Gobierno Nacional que durante los feriados e incluso fines de semana no se cobre IVA en lo absoluto al turista nacional.<\/p>\n<\/p><\/div>\n<div class=\"paragraph\">\n<p>&#8220;Eso s\u00ed hubiera motivado a los ecuatorianos a viajar en el territorio nacional&#8221;, dijo el directivo, quien considera que el r\u00e9gimen debe ser &#8220;m\u00e1s agresivo&#8221; para fomentar el turismo.<\/p>\n<p>Mu\u00f1et\u00f3n reconoce que las cifras logradas en Carnaval fueron favorables, pero no por la reducci\u00f3n del IVA sino, por ejemplo, por la disminuci\u00f3n de casos de COVID-19 y restricciones.<\/p>\n<p>&#8220;Est\u00e1bamos convencidos de que iba a ser exitoso el feriado de Carnaval&#8221;, acot\u00f3.<\/p>\n<p>No obstante, Mu\u00f1et\u00f3n indic\u00f3 que aunque hubo m\u00e1s gente que viaj\u00f3 -si se compara con Carnaval de 2019-, los ecuatorianos est\u00e1n gastando menos.<\/p>\n<p>Carlos Abad, presidente de la C\u00e1mara Provincial de Turismo de Santa Elena, una de las jurisdicciones m\u00e1s visitadas en feriados, coincide con Mu\u00f1et\u00f3n.<\/p>\n<p>Cree que el IVA deber\u00eda reducirse a cero en feriados. &#8220;En algo ayuda, pero creemos que ese cuatro por ciento (de reducci\u00f3n) resulta insuficiente&#8221;, a\u00f1adi\u00f3.<\/p>\n<\/p><\/div>\n<p><h2> Se conoce poco <\/h2>\n<h2\/>\n<div class=\"paragraph\">\n<p>Un equipo de <b>Ecuavisa.com<\/b> recorri\u00f3 varias calles del centro de Guayaquil para conocer la opini\u00f3n de ciudadanos sobre la percepci\u00f3n de este medida.<\/p>\n<p>Varias personas afirmaban que no exist\u00eda diferencia entre los precios ofrecidos en los establecimientos del sector tur\u00edstico. Otras, en cambio, desconoc\u00edan por completo la medida sobre la reducci\u00f3n del IVA.<\/p>\n<p>La disposici\u00f3n incluye tambi\u00e9n una minoraci\u00f3n del IVA en los boletos a\u00e9reos que ser\u00e1n usado dentro de las fechas del feriado, es decir entre el 15 y 17 de abril.<\/p>\n<\/p><\/div><\/div>\n\n<p><em> &#8221; Fuentes www.ecuavisa.com &#8221; <\/em><\/p>\n","protected":false},"excerpt":{"rendered":"<p>En Ecuador comienza este viernes 15 de abril su primer feriado completamente sin restricciones de aforo o movilidad tras dos a\u00f1os y un mes de pandemia. Adem\u00e1s, ser\u00e1 el segundo feriado en el que se cut back la tasa del Impuesto al Valor Agregado (IVA) en establecimientos vinculados al sector tur\u00edstico. Desde el Ministerio de [&hellip;]<\/p>\n","protected":false},"author":4,"featured_media":302645,"comment_status":"open","ping_status":"closed","sticky":false,"template":"","format":"standard","meta":{"om_disable_all_campaigns":false,"jnews-multi-image_gallery":[],"jnews_single_post":[],"jnews_primary_category":[],"jnews_social_meta":[],"footnotes":""},"categories":[40],"tags":[2946],"class_list":["post-302644","post","type-post","status-publish","format-standard","has-post-thumbnail","hentry","category-industria","tag-semana-santa"],"_links":{"self":[{"href":"https:\/\/dimensionturistica.com\/es\/wp-json\/wp\/v2\/posts\/302644","targetHints":{"allow":["GET"]}}],"collection":[{"href":"https:\/\/dimensionturistica.com\/es\/wp-json\/wp\/v2\/posts"}],"about":[{"href":"https:\/\/dimensionturistica.com\/es\/wp-json\/wp\/v2\/types\/post"}],"author":[{"embeddable":true,"href":"https:\/\/dimensionturistica.com\/es\/wp-json\/wp\/v2\/users\/4"}],"replies":[{"embeddable":true,"href":"https:\/\/dimensionturistica.com\/es\/wp-json\/wp\/v2\/comments?post=302644"}],"version-history":[{"count":0,"href":"https:\/\/dimensionturistica.com\/es\/wp-json\/wp\/v2\/posts\/302644\/revisions"}],"wp:featuredmedia":[{"embeddable":true,"href":"https:\/\/dimensionturistica.com\/es\/wp-json\/wp\/v2\/media\/302645"}],"wp:attachment":[{"href":"https:\/\/dimensionturistica.com\/es\/wp-json\/wp\/v2\/media?parent=302644"}],"wp:term":[{"taxonomy":"category","embeddable":true,"href":"https:\/\/dimensionturistica.com\/es\/wp-json\/wp\/v2\/categories?post=302644"},{"taxonomy":"post_tag","embeddable":true,"href":"https:\/\/dimensionturistica.com\/es\/wp-json\/wp\/v2\/tags?post=302644"}],"curies":[{"name":"wp","href":"https:\/\/api.w.org\/{rel}","templated":true}]}}