{"id":302306,"date":"2022-04-15T00:27:35","date_gmt":"2022-04-15T00:27:35","guid":{"rendered":"https:\/\/dimensionturistica.com\/es\/?p=302306"},"modified":"2022-04-15T00:27:35","modified_gmt":"2022-04-15T00:27:35","slug":"aumenta-levemente-viajes-en-central-de-camiones-noticias-de-mexicali","status":"publish","type":"post","link":"https:\/\/dimensionturistica.com\/es\/aumenta-levemente-viajes-en-central-de-camiones-noticias-de-mexicali\/","title":{"rendered":"Aumenta levemente viajes en Central de Camiones | Noticias de Mexicali"},"content":{"rendered":"<p> <br \/>\n<\/p>\n<div>\n<p>Comparado con las vacaciones de Semana Santa del a\u00f1o pasado, de acuerdo con Alfonso Larios, operador de autob\u00fas, coment\u00f3 que este a\u00f1o aumentaron\u00a0un 60% los viajes, ya que el a\u00f1o pasado los lugares tur\u00edsticos se encontraban cerrados por la pandemia, su ruta es de Tijuana a Mexicali y de La Paz a los Cabos.\u00a0<\/p>\n<div style=\"text-align:center\">\n<figure class=\"image\" style=\"display:inline-block\">\n  <img decoding=\"async\" alt=\"\" data-height=\"601\" data-size=\"w:2048,h:1539\" data-width=\"800\" hspace=\"5\" src=\"https:\/\/www.elimparcial.com\/export\/sites\/elimparcial\/img\/2022\/04\/14\/chofer_de_autobus_x1x.jpg_957790700.jpg\" title=\"\" vspace=\"5\"\/><figcaption>\n    Foto:\u00a0Javier Gallegos\u00a0<br \/>\n  <\/figcaption><\/figure>\n<\/div>\n<p>\u201cPues s\u00ed, hay un poco de movimiento de pasaje para all\u00e1, como un 60% m\u00e1s\u201d, dijo\u00a0Alfonso Larios.\u00a0<\/p>\n<p><strong>Por otro lado, Rolando Mar\u00edn, chofer de taxis, se\u00f1ala que ha sido un 2% el aumento de movimiento generado estas vacaciones, considerando que el mi\u00e9rcoles 13 de abril hubo mayor flujo de personas y espera que los pr\u00f3ximos d\u00edas aumente.\u00a0<\/strong><\/p>\n<p><strong>Te puede interesar:\u00a0<\/strong><a rel=\"nofollow noopener\" target=\"_blank\" href=\"https:\/\/www.elimparcial.com\/mexicali\/policiaca\/Inicia-hoy-operativo-de-Semana-Santa-20220412-0013.html\">Despliegan operativo Semana Santa<\/a><\/p>\n<div style=\"text-align:center\">\n<figure class=\"image\" style=\"display:inline-block\">\n  <img decoding=\"async\" alt=\"\" data-height=\"601\" data-size=\"w:2048,h:1539\" data-width=\"800\" hspace=\"5\" src=\"https:\/\/www.elimparcial.com\/export\/sites\/elimparcial\/img\/2022\/04\/14\/chofer_de_taxi_x1x.jpg_957790700.jpg\" title=\"\" vspace=\"5\"\/><figcaption>\n    Foto:\u00a0Javier Gallegos\u00a0<br \/>\n  <\/figcaption><\/figure>\n<\/div>\n<p>\u201cNo ha subido mucho la verdad, un 2% hasta ahorita, ayer mi\u00e9rcoles hubo m\u00e1s movimiento\u201d,\u00a0se\u00f1al\u00f3 Rolando Mar\u00edn.\u00a0<\/p>\n<p><strong>Durante el periodo vacacional de Semana Santa, algunas familias aprovechan sus d\u00edas libres para viajar y disfrutar de lugares tur\u00edsticos e incluso para ir a visitar a sus familiares.\u00a0<\/strong><\/p>\n<p>Tal es el caso de Luis Alberto, quien aprovech\u00f3 sus d\u00edas libres para viajar a Tijuana, donde pasar\u00e1 una semana de vacaciones, disfrutando de los lugares tur\u00edsticos.\u00a0<\/p>\n<div style=\"text-align:center\">\n<figure class=\"image\" style=\"display:inline-block\">\n  <img decoding=\"async\" alt=\"\" data-height=\"601\" data-size=\"w:2048,h:1540\" data-width=\"800\" hspace=\"5\" src=\"https:\/\/www.elimparcial.com\/export\/sites\/elimparcial\/img\/2022\/04\/14\/luis_alberto.jpg_957790700.jpg\" title=\"\" vspace=\"5\"\/><figcaption>\n    Foto:\u00a0Javier Gallegos\u00a0<br \/>\n  <\/figcaption><\/figure>\n<\/div>\n<p>\u00a0\u201cLugar bueno para visitar, me gusta Tijuana, lo que ofrece su centro hist\u00f3rico\u201d,\u00a0expres\u00f3 Luis Alberto Marroqu\u00edn.\u00a0<\/p>\n<p>Por otro lado viajan para visitar a sus familiares que se encuentran en otro Estado, que no ven con frecuencia.\u00a0<\/p>\n<div style=\"text-align:center\">\n<figure class=\"image\" style=\"display:inline-block\">\n  <img decoding=\"async\" alt=\"\" data-height=\"601\" data-size=\"w:2048,h:1539\" data-width=\"800\" hspace=\"5\" src=\"https:\/\/www.elimparcial.com\/export\/sites\/elimparcial\/img\/2022\/04\/14\/natali.jpg_957790700.jpg\" title=\"\" vspace=\"5\"\/><figcaption>\n    Foto:\u00a0Javier Gallegos\u00a0<br \/>\n  <\/figcaption><\/figure>\n<\/div>\n<p><strong>\u201cEstoy con mi hijo, vamos de vacaciones a Sonora, voy a ver a mi familia, vamos solamente este fin de semana\u201d,\u00a0coment\u00f3 Natali.<\/strong><\/p>\n<div style=\"text-align:center\">\n<figure class=\"image\" style=\"display:inline-block\">\n  <img decoding=\"async\" alt=\"\" data-height=\"601\" data-size=\"w:2048,h:1539\" data-width=\"800\" hspace=\"5\" src=\"https:\/\/www.elimparcial.com\/export\/sites\/elimparcial\/img\/2022\/04\/14\/20220414103040_img_0131.jpg_957790700.jpg\" title=\"\" vspace=\"5\"\/><figcaption>\n    Foto:\u00a0Javier Gallegos\u00a0<br \/>\n  <\/figcaption><\/figure>\n<\/div>\n<section class=\"tags\">\n\t\t\t\t\t\t\t\t<span class=\"tags__text\">En esta nota<\/span><\/p>\n<\/section><\/div>\n\n<p><em> &#8221; Fuentes www.elimparcial.com &#8221; <\/em><\/p>\n","protected":false},"excerpt":{"rendered":"<p>Comparado con las vacaciones de Semana Santa del a\u00f1o pasado, de acuerdo con Alfonso Larios, operador de autob\u00fas, coment\u00f3 que este a\u00f1o aumentaron\u00a0un 60% los viajes, ya que el a\u00f1o pasado los lugares tur\u00edsticos se encontraban cerrados por la pandemia, su ruta es de Tijuana a Mexicali y de La Paz a los Cabos.\u00a0 Foto:\u00a0Javier [&hellip;]<\/p>\n","protected":false},"author":4,"featured_media":302307,"comment_status":"open","ping_status":"closed","sticky":false,"template":"","format":"standard","meta":{"om_disable_all_campaigns":false,"jnews-multi-image_gallery":[],"jnews_single_post":[],"jnews_primary_category":[],"jnews_social_meta":[],"footnotes":""},"categories":[39],"tags":[2946],"class_list":["post-302306","post","type-post","status-publish","format-standard","has-post-thumbnail","hentry","category-viajes","tag-semana-santa"],"_links":{"self":[{"href":"https:\/\/dimensionturistica.com\/es\/wp-json\/wp\/v2\/posts\/302306","targetHints":{"allow":["GET"]}}],"collection":[{"href":"https:\/\/dimensionturistica.com\/es\/wp-json\/wp\/v2\/posts"}],"about":[{"href":"https:\/\/dimensionturistica.com\/es\/wp-json\/wp\/v2\/types\/post"}],"author":[{"embeddable":true,"href":"https:\/\/dimensionturistica.com\/es\/wp-json\/wp\/v2\/users\/4"}],"replies":[{"embeddable":true,"href":"https:\/\/dimensionturistica.com\/es\/wp-json\/wp\/v2\/comments?post=302306"}],"version-history":[{"count":0,"href":"https:\/\/dimensionturistica.com\/es\/wp-json\/wp\/v2\/posts\/302306\/revisions"}],"wp:featuredmedia":[{"embeddable":true,"href":"https:\/\/dimensionturistica.com\/es\/wp-json\/wp\/v2\/media\/302307"}],"wp:attachment":[{"href":"https:\/\/dimensionturistica.com\/es\/wp-json\/wp\/v2\/media?parent=302306"}],"wp:term":[{"taxonomy":"category","embeddable":true,"href":"https:\/\/dimensionturistica.com\/es\/wp-json\/wp\/v2\/categories?post=302306"},{"taxonomy":"post_tag","embeddable":true,"href":"https:\/\/dimensionturistica.com\/es\/wp-json\/wp\/v2\/tags?post=302306"}],"curies":[{"name":"wp","href":"https:\/\/api.w.org\/{rel}","templated":true}]}}