{"id":302032,"date":"2022-04-14T15:52:49","date_gmt":"2022-04-14T15:52:49","guid":{"rendered":"https:\/\/dimensionturistica.com\/es\/?p=302032"},"modified":"2022-04-14T15:52:49","modified_gmt":"2022-04-14T15:52:49","slug":"caribe-mexicano-presente-en-la-feria-wtm-latin-america-2022-en-brasil","status":"publish","type":"post","link":"https:\/\/dimensionturistica.com\/es\/caribe-mexicano-presente-en-la-feria-wtm-latin-america-2022-en-brasil\/","title":{"rendered":"Caribe Mexicano presente en la Feria WTM Lat\u00edn Am\u00e9rica 2022 en Brasil"},"content":{"rendered":"<p><img decoding=\"async\" class=\"size-medium wp-image-302039 alignleft\" src=\"https:\/\/dimensionturistica.com\/es\/wp-content\/uploads\/2022\/04\/unnamed-9-300x225.jpg\" alt=\"\" width=\"300\" height=\"225\" srcset=\"https:\/\/dimensionturistica.com\/es\/wp-content\/uploads\/2022\/04\/unnamed-9-300x225.jpg 300w, https:\/\/dimensionturistica.com\/es\/wp-content\/uploads\/2022\/04\/unnamed-9-1024x768.jpg 1024w, https:\/\/dimensionturistica.com\/es\/wp-content\/uploads\/2022\/04\/unnamed-9-768x576.jpg 768w, https:\/\/dimensionturistica.com\/es\/wp-content\/uploads\/2022\/04\/unnamed-9-750x563.jpg 750w, https:\/\/dimensionturistica.com\/es\/wp-content\/uploads\/2022\/04\/unnamed-9-1140x855.jpg 1140w, https:\/\/dimensionturistica.com\/es\/wp-content\/uploads\/2022\/04\/unnamed-9.jpg 1280w\" sizes=\"(max-width: 300px) 100vw, 300px\" \/>El Caribe Mexicano se hizo presente una vez m\u00e1s en el WTM Latin America, el principal evento mundial de la industria de viajes y turismo de Am\u00e9rica Latina que se realiza en Brasil, al que asisten 600 expositores de 50 pa\u00edses para promocionar los destinos m\u00e1s importantes del mundo.<br \/>\nEn esta ocasi\u00f3n y tras dos a\u00f1os de la pandemia, el turismo est\u00e1 retomando su auge abriendo las oportunidades a miles de turistas que buscan un sitio con experiencias, naturaleza, cultura y gastronom\u00eda, valores que el Caribe Mexicano ofrece de manera especial, lo que establece la preferencia de miles de viajeros \u00e1vidos de descanso y nuevas alternativas para dejar atr\u00e1s el estr\u00e9s y el confinamiento.<br \/>\nCon este objetivo, el Consejo de Promoci\u00f3n Tur\u00edstica de Quintana Roo ha establecido una estrategia especial para llegar a m\u00e1s compradores, tour operadores y promotores de viajes y poner en valor la importante oferta tur\u00edstica de nuestro estado ante los ojos del mundo.<br \/>\nLa feria Word Travel Market -WTM Latin America- es el evento dirigido a la industria de viajes y<img decoding=\"async\" class=\"size-medium wp-image-302040 alignright\" src=\"https:\/\/dimensionturistica.com\/es\/wp-content\/uploads\/2022\/04\/unnamed-2-6-300x300.jpg\" alt=\"\" width=\"300\" height=\"300\" srcset=\"https:\/\/dimensionturistica.com\/es\/wp-content\/uploads\/2022\/04\/unnamed-2-6-300x300.jpg 300w, https:\/\/dimensionturistica.com\/es\/wp-content\/uploads\/2022\/04\/unnamed-2-6-1024x1024.jpg 1024w, https:\/\/dimensionturistica.com\/es\/wp-content\/uploads\/2022\/04\/unnamed-2-6-150x150.jpg 150w, https:\/\/dimensionturistica.com\/es\/wp-content\/uploads\/2022\/04\/unnamed-2-6-768x768.jpg 768w, https:\/\/dimensionturistica.com\/es\/wp-content\/uploads\/2022\/04\/unnamed-2-6-75x75.jpg 75w, https:\/\/dimensionturistica.com\/es\/wp-content\/uploads\/2022\/04\/unnamed-2-6-350x350.jpg 350w, https:\/\/dimensionturistica.com\/es\/wp-content\/uploads\/2022\/04\/unnamed-2-6-750x750.jpg 750w, https:\/\/dimensionturistica.com\/es\/wp-content\/uploads\/2022\/04\/unnamed-2-6-1140x1140.jpg 1140w, https:\/\/dimensionturistica.com\/es\/wp-content\/uploads\/2022\/04\/unnamed-2-6.jpg 1280w\" sizes=\"(max-width: 300px) 100vw, 300px\" \/> turismo de Am\u00e9rica Latina que ofrece excelentes oportunidades de negocios, mejor retorno sobre la inversi\u00f3n y acceso a compradores, influencers y profesionales relevantes y calificados de la industria de viajes y turismo.<br \/>\nEl WTM Lat\u00edn Am\u00e9rica se realiz\u00f3 los d\u00edas 5, 6 y 7 de abril en Sao Paulo, Brasil y es significativo, por la creciente demanda del mercado sudamericano hacia los destinos de Quintana Roo, que son importantes lazos a trav\u00e9s de l\u00edneas a\u00e9reas que en alianza con el CPTQ, permiten ser el primer destino del continente para el mercado brasile\u00f1o, argentino colombiano y chileno, que dejan una importante derrama econ\u00f3mica para nuestro estado.<\/p>\n","protected":false},"excerpt":{"rendered":"<p>El Caribe Mexicano se hizo presente una vez m\u00e1s en el WTM Latin America, el principal evento mundial de la industria de viajes y turismo de Am\u00e9rica Latina que se realiza en Brasil, al que asisten 600 expositores de 50 pa\u00edses para promocionar los destinos m\u00e1s importantes del mundo. En esta ocasi\u00f3n y tras dos [&hellip;]<\/p>\n","protected":false},"author":1,"featured_media":302041,"comment_status":"open","ping_status":"closed","sticky":false,"template":"","format":"standard","meta":{"om_disable_all_campaigns":false,"jnews-multi-image_gallery":[],"jnews_single_post":{"source_name":"","source_url":"","via_name":"","via_url":"","override_template":"0","override":[{"template":"1","single_blog_custom":"","parallax":"1","fullscreen":"1","layout":"right-sidebar","sidebar":"default-sidebar","second_sidebar":"default-sidebar","sticky_sidebar":"1","share_position":"top","share_float_style":"share-monocrhome","show_share_counter":"1","show_view_counter":"1","show_featured":"1","show_post_meta":"1","show_post_author":"1","show_post_author_image":"1","show_post_date":"1","post_date_format":"default","post_date_format_custom":"Y\/m\/d","show_post_category":"1","show_post_reading_time":"0","post_reading_time_wpm":"300","show_zoom_button":"0","zoom_button_out_step":"2","zoom_button_in_step":"3","show_post_tag":"1","show_prev_next_post":"1","show_popup_post":"1","number_popup_post":"1","show_author_box":"0","show_post_related":"0","show_inline_post_related":"0"}],"override_image_size":"0","image_override":[{"single_post_thumbnail_size":"crop-500","single_post_gallery_size":"crop-500"}],"trending_post":"0","trending_post_position":"meta","trending_post_label":"Trending","sponsored_post":"0","sponsored_post_label":"Sponsored by","sponsored_post_name":"","sponsored_post_url":"","sponsored_post_logo_enable":"0","sponsored_post_logo":"","sponsored_post_desc":"","disable_ad":"0"},"jnews_primary_category":{"id":""},"jnews_social_meta":{"fb_title":"","fb_description":"","fb_image":"","twitter_title":"","twitter_description":"","twitter_image":""},"footnotes":""},"categories":[39],"tags":[],"class_list":["post-302032","post","type-post","status-publish","format-standard","has-post-thumbnail","hentry","category-viajes"],"_links":{"self":[{"href":"https:\/\/dimensionturistica.com\/es\/wp-json\/wp\/v2\/posts\/302032","targetHints":{"allow":["GET"]}}],"collection":[{"href":"https:\/\/dimensionturistica.com\/es\/wp-json\/wp\/v2\/posts"}],"about":[{"href":"https:\/\/dimensionturistica.com\/es\/wp-json\/wp\/v2\/types\/post"}],"author":[{"embeddable":true,"href":"https:\/\/dimensionturistica.com\/es\/wp-json\/wp\/v2\/users\/1"}],"replies":[{"embeddable":true,"href":"https:\/\/dimensionturistica.com\/es\/wp-json\/wp\/v2\/comments?post=302032"}],"version-history":[{"count":0,"href":"https:\/\/dimensionturistica.com\/es\/wp-json\/wp\/v2\/posts\/302032\/revisions"}],"wp:featuredmedia":[{"embeddable":true,"href":"https:\/\/dimensionturistica.com\/es\/wp-json\/wp\/v2\/media\/302041"}],"wp:attachment":[{"href":"https:\/\/dimensionturistica.com\/es\/wp-json\/wp\/v2\/media?parent=302032"}],"wp:term":[{"taxonomy":"category","embeddable":true,"href":"https:\/\/dimensionturistica.com\/es\/wp-json\/wp\/v2\/categories?post=302032"},{"taxonomy":"post_tag","embeddable":true,"href":"https:\/\/dimensionturistica.com\/es\/wp-json\/wp\/v2\/tags?post=302032"}],"curies":[{"name":"wp","href":"https:\/\/api.w.org\/{rel}","templated":true}]}}