{"id":301972,"date":"2022-04-14T13:20:25","date_gmt":"2022-04-14T13:20:25","guid":{"rendered":"https:\/\/dimensionturistica.com\/es\/?p=301972"},"modified":"2022-04-14T13:20:25","modified_gmt":"2022-04-14T13:20:25","slug":"promocionan-al-caribe-al-caribe-mexicano-en-caravana-nacional","status":"publish","type":"post","link":"https:\/\/dimensionturistica.com\/es\/promocionan-al-caribe-al-caribe-mexicano-en-caravana-nacional\/","title":{"rendered":"Promocionan  al Caribe al Caribe Mexicano en Caravana Nacional"},"content":{"rendered":"<p><img decoding=\"async\" class=\"size-medium wp-image-301973 alignleft\" src=\"https:\/\/dimensionturistica.com\/es\/wp-content\/uploads\/2022\/04\/unnamed-1-7-300x200.jpg\" alt=\"\" width=\"300\" height=\"200\" srcset=\"https:\/\/dimensionturistica.com\/es\/wp-content\/uploads\/2022\/04\/unnamed-1-7-300x200.jpg 300w, https:\/\/dimensionturistica.com\/es\/wp-content\/uploads\/2022\/04\/unnamed-1-7-1024x684.jpg 1024w, https:\/\/dimensionturistica.com\/es\/wp-content\/uploads\/2022\/04\/unnamed-1-7-768x513.jpg 768w, https:\/\/dimensionturistica.com\/es\/wp-content\/uploads\/2022\/04\/unnamed-1-7-750x501.jpg 750w, https:\/\/dimensionturistica.com\/es\/wp-content\/uploads\/2022\/04\/unnamed-1-7-1140x761.jpg 1140w, https:\/\/dimensionturistica.com\/es\/wp-content\/uploads\/2022\/04\/unnamed-1-7.jpg 1252w\" sizes=\"(max-width: 300px) 100vw, 300px\" \/>\u00a0Morelia, Tijuana y Culiac\u00e1n abrieron sus puertas para recibir a los representantes del Caribe Mexicano en la primera caravana de promoci\u00f3n de este a\u00f1o en alianza con la aerol\u00ednea Volaris.<br \/>\nCon la participaci\u00f3n de 15 empresas de Quintana Roo se realizaron presentaciones de los destinos, vuelos y servicios como parte de la promoci\u00f3n en los estados de Michoac\u00e1n, Baja California y Sinaloa dirigidas a agentes de viajes.<br \/>\nLos seminarios forman parte de la estrategia de promoci\u00f3n conjunta en la apertura de nuevas rutas al Caribe Mexicano, lo que establece una mayor informaci\u00f3n, posicionamiento y presencia de marca en estas ciudades del pa\u00eds que ahora tienen una ruta directa a\u00e9rea para llegar a las playas y destinos de Quintana Roo.<br \/>\nLa aerol\u00ednea mexicana Volaris de ultra bajo costo que opera en M\u00e9xico, Estados Unidos, Centro y Sudam\u00e9rica, recientemente inaugur\u00f3 sus rutas: Canc\u00fan-Morelia y Canc\u00fan-Culiac\u00e1n, atendiendo a un mercado potencial de tres millones de personas.<br \/>\nCon una asistencia total de 180 agentes de viajes, se destacaron las novedades para disfrutar de<img decoding=\"async\" class=\"size-medium wp-image-301974 alignright\" src=\"https:\/\/dimensionturistica.com\/es\/wp-content\/uploads\/2022\/04\/unnamed-2-5-300x225.jpg\" alt=\"\" width=\"300\" height=\"225\" srcset=\"https:\/\/dimensionturistica.com\/es\/wp-content\/uploads\/2022\/04\/unnamed-2-5-300x225.jpg 300w, https:\/\/dimensionturistica.com\/es\/wp-content\/uploads\/2022\/04\/unnamed-2-5-1024x768.jpg 1024w, https:\/\/dimensionturistica.com\/es\/wp-content\/uploads\/2022\/04\/unnamed-2-5-768x576.jpg 768w, https:\/\/dimensionturistica.com\/es\/wp-content\/uploads\/2022\/04\/unnamed-2-5-750x563.jpg 750w, https:\/\/dimensionturistica.com\/es\/wp-content\/uploads\/2022\/04\/unnamed-2-5-1140x855.jpg 1140w, https:\/\/dimensionturistica.com\/es\/wp-content\/uploads\/2022\/04\/unnamed-2-5.jpg 1280w\" sizes=\"(max-width: 300px) 100vw, 300px\" \/> los destinos tur\u00edsticos del Caribe Mexicano, las opciones para recorrer el sur e islas del estado, adem\u00e1s de resaltar las actividades de romance y cultura maya.<br \/>\nLas empresas participantes iniciaron el recorrido el s\u00e1bado 2 y concluyeron el mi\u00e9rcoles 6 de abril. En esta caravana participaron los hoteles: Cancun Bay, Princess, Grand Park, El Cozumelen~o, El Cid, Parque Xcaret. Adem\u00e1s de los hoteles Melia e Iberostar, Beach Scape, Hotel Tuk\u00e1n y Thompson, as\u00ed como tambi\u00e9n el equipo de promoci\u00f3n del Consejo de Promoci\u00f3n Tur\u00edstica de Quintana Roo.<br \/>\nVuelos Volaris:<br \/>\nTijuana-Canc\u00fan, frecuencia: todos los d\u00edas. Durante Semana Santa, 4 frecuencias diarias.<br \/>\nMorelia-Canc\u00fan, frecuencia: 3 veces a la semana, martes, jueves y s\u00e1bado.<br \/>\nCuliac\u00e1n-Canc\u00fan, frecuencia: 3 veces a la semana, mi\u00e9rcoles, viernes y domingo.<\/p>\n","protected":false},"excerpt":{"rendered":"<p>\u00a0Morelia, Tijuana y Culiac\u00e1n abrieron sus puertas para recibir a los representantes del Caribe Mexicano en la primera caravana de promoci\u00f3n de este a\u00f1o en alianza con la aerol\u00ednea Volaris. Con la participaci\u00f3n de 15 empresas de Quintana Roo se realizaron presentaciones de los destinos, vuelos y servicios como parte de la promoci\u00f3n en los [&hellip;]<\/p>\n","protected":false},"author":1,"featured_media":301975,"comment_status":"open","ping_status":"closed","sticky":false,"template":"","format":"standard","meta":{"om_disable_all_campaigns":false,"jnews-multi-image_gallery":[],"jnews_single_post":{"source_name":"","source_url":"","via_name":"","via_url":"","override_template":"0","override":[{"template":"1","single_blog_custom":"","parallax":"1","fullscreen":"1","layout":"right-sidebar","sidebar":"default-sidebar","second_sidebar":"default-sidebar","sticky_sidebar":"1","share_position":"top","share_float_style":"share-monocrhome","show_share_counter":"1","show_view_counter":"1","show_featured":"1","show_post_meta":"1","show_post_author":"1","show_post_author_image":"1","show_post_date":"1","post_date_format":"default","post_date_format_custom":"Y\/m\/d","show_post_category":"1","show_post_reading_time":"0","post_reading_time_wpm":"300","show_zoom_button":"0","zoom_button_out_step":"2","zoom_button_in_step":"3","show_post_tag":"1","show_prev_next_post":"1","show_popup_post":"1","number_popup_post":"1","show_author_box":"0","show_post_related":"0","show_inline_post_related":"0"}],"override_image_size":"0","image_override":[{"single_post_thumbnail_size":"crop-500","single_post_gallery_size":"crop-500"}],"trending_post":"0","trending_post_position":"meta","trending_post_label":"Trending","sponsored_post":"0","sponsored_post_label":"Sponsored by","sponsored_post_name":"","sponsored_post_url":"","sponsored_post_logo_enable":"0","sponsored_post_logo":"","sponsored_post_desc":"","disable_ad":"0"},"jnews_primary_category":{"id":""},"jnews_social_meta":{"fb_title":"","fb_description":"","fb_image":"","twitter_title":"","twitter_description":"","twitter_image":""},"footnotes":""},"categories":[39],"tags":[],"class_list":["post-301972","post","type-post","status-publish","format-standard","has-post-thumbnail","hentry","category-viajes"],"_links":{"self":[{"href":"https:\/\/dimensionturistica.com\/es\/wp-json\/wp\/v2\/posts\/301972","targetHints":{"allow":["GET"]}}],"collection":[{"href":"https:\/\/dimensionturistica.com\/es\/wp-json\/wp\/v2\/posts"}],"about":[{"href":"https:\/\/dimensionturistica.com\/es\/wp-json\/wp\/v2\/types\/post"}],"author":[{"embeddable":true,"href":"https:\/\/dimensionturistica.com\/es\/wp-json\/wp\/v2\/users\/1"}],"replies":[{"embeddable":true,"href":"https:\/\/dimensionturistica.com\/es\/wp-json\/wp\/v2\/comments?post=301972"}],"version-history":[{"count":0,"href":"https:\/\/dimensionturistica.com\/es\/wp-json\/wp\/v2\/posts\/301972\/revisions"}],"wp:featuredmedia":[{"embeddable":true,"href":"https:\/\/dimensionturistica.com\/es\/wp-json\/wp\/v2\/media\/301975"}],"wp:attachment":[{"href":"https:\/\/dimensionturistica.com\/es\/wp-json\/wp\/v2\/media?parent=301972"}],"wp:term":[{"taxonomy":"category","embeddable":true,"href":"https:\/\/dimensionturistica.com\/es\/wp-json\/wp\/v2\/categories?post=301972"},{"taxonomy":"post_tag","embeddable":true,"href":"https:\/\/dimensionturistica.com\/es\/wp-json\/wp\/v2\/tags?post=301972"}],"curies":[{"name":"wp","href":"https:\/\/api.w.org\/{rel}","templated":true}]}}