{"id":301921,"date":"2022-04-14T11:40:15","date_gmt":"2022-04-14T11:40:15","guid":{"rendered":"https:\/\/dimensionturistica.com\/es\/?p=301921"},"modified":"2022-04-14T11:40:16","modified_gmt":"2022-04-14T11:40:16","slug":"mas-de-250-000-plazas-para-viajes-de-ultima-hora-esta-semana-santa-en-ave-o-ouigo","status":"publish","type":"post","link":"https:\/\/dimensionturistica.com\/es\/mas-de-250-000-plazas-para-viajes-de-ultima-hora-esta-semana-santa-en-ave-o-ouigo\/","title":{"rendered":"M\u00e1s de 250.000 plazas para viajes de \u00faltima hora esta Semana Santa en AVE o Ouigo"},"content":{"rendered":"<p> <br \/>\n<\/p>\n<div>\n<p>Renfe y Ouigo ofrecen m\u00e1s de 250.000 plazas en alta velocidad y Larga Distancia para viajar esta Semana Santa, la primera con cierta normalidad despu\u00e9s de dos a\u00f1os de pandemia.<\/p>\n<p>En el caso de Renfe, durante los d\u00edas de m\u00e1s movilidad de estas vacaciones ha habilitado 160.000 plazas, un 10% m\u00e1s que la oferta ordinary. Los destinos m\u00e1s demandados son Catalunya, el Pa\u00eds Valenciano y Madrid. Adem\u00e1s, tambi\u00e9n prev\u00e9 mucha movilidad hacia la Costa Daurada y la Costa Brava.<\/p>\n<p>En lo referente a\u00a0Ouigo, que solo opera el trayecto Barcelona-Madrid, habr\u00e1 habilitado cerca de 100.000 asientos en los diez d\u00edas. De momento, este jueves por la ma\u00f1ana se pod\u00edan percibir ganas de viajar bastante afluencia en momentos puntuales en\u00a0la estaci\u00f3n de Sants pero sin aglomeraciones.<\/p>\n<p>Entre los viajeros que iban arriba y abajo buscando el acceso en los andenes, estaba\u00a0Indira Luciano, que con una amiga est\u00e1 de vacaciones en\u00a0durante quince d\u00edas. Despu\u00e9s de visitar Barcelona, se desplazaban hacia Madrid y despu\u00e9s hacia Sevilla. Las dos han explicado que ten\u00edan &#8220;muchas ganas de viajar&#8221;. &#8220;Los viajes anteriores hab\u00edan sido por trabajo pero por ocio hace mucho de tiempo&#8221;, ha comentado Luciano.<\/p>\n<p>Tambi\u00e9n period el caso de la Marta, que se desplazaba hacia Vinar\u00f2s para\u00a0despu\u00e9s ir a Logro\u00f1o y Pamplona y volver hacia Barcelona. Ha explicado que hac\u00eda dos a\u00f1os que no pod\u00eda viajar en Semana Santa. &#8220;Se ha hecho un poco largo este invierno, espero que podamos salir como antes&#8221;, ha dicho. Por su parte\u00a0Mar\u00eda, procedente de Madrid, ha celebrado poder viajar en Semana Santa. &#8220;Son las primeras desde hace no s\u00e9 cu\u00e1ntos a\u00f1os&#8221;, ha indicado.<\/p>\n<p>Para esta Semana Santa, Renfe ha previsto un 10% m\u00e1s de plazas respecto a\u00a0la oferta ordinary. Los d\u00edas de m\u00e1s demanda fueron el jueves durante todo el d\u00eda y el viernes por la ma\u00f1ana, mientras que de vuelta se espera para el domingo por la tarde y todo el Lunes de Pascua. Seg\u00fan la operadora, los desplazamientos en tren permitir\u00e1n ahorrar cerca de 200.000 coches de la carretera.<\/p>\n<p>Ouigo, en los diez d\u00edas de su primera Semana Santa como operador ferroviario, habr\u00e1 desplazado cerca de 100.000 personas en su ruta Barcelona y Madrid, pasando por <strong>Tarragona<\/strong> y Zaragoza. El director comercial y advertising and marketing de Ouigo Espa\u00f1a, Federico Parejo, ha asegurado que equivale a 613 vuelos comerciales entre las dos capitales y al ahorro de 50.000 desplazamientos por carretera.<\/p>\n<p>Desde el pasado 28 de marzo, los trenes de Ouigo empezaron a round en doble composici\u00f3n con capacidad de 1.018 pasajeros.<\/p>\n<section class=\"mod mod-tags\">\n<ul class=\"mod-content\">\n<li><a rel=\"nofollow noopener\" target=\"_blank\" href=\"https:\/\/www.diaridetarragona.com\/ave-t1919\" title=\"Ver noticias sobre AVE\">AVE <\/a><\/li>\n<li><span> Ouigo<\/span><\/li>\n<li><span> viajes<\/span><\/li>\n<li><span> Semana Santa<\/span><\/li>\n<li><span> tren<\/span><\/li>\n<li><a rel=\"nofollow noopener\" target=\"_blank\" href=\"https:\/\/www.diaridetarragona.com\/transporte-t1946\" title=\"Ver noticias sobre transporte\">transporte <\/a><\/li>\n<\/ul>\n<\/section>\n<section class=\"mod mod-list\">\n<\/section><\/div>\n\n<p><em> &#8221; Fuentes www.diaridetarragona.com &#8221; <\/em><\/p>\n","protected":false},"excerpt":{"rendered":"<p>Renfe y Ouigo ofrecen m\u00e1s de 250.000 plazas en alta velocidad y Larga Distancia para viajar esta Semana Santa, la primera con cierta normalidad despu\u00e9s de dos a\u00f1os de pandemia. En el caso de Renfe, durante los d\u00edas de m\u00e1s movilidad de estas vacaciones ha habilitado 160.000 plazas, un 10% m\u00e1s que la oferta ordinary. [&hellip;]<\/p>\n","protected":false},"author":4,"featured_media":301922,"comment_status":"open","ping_status":"closed","sticky":false,"template":"","format":"standard","meta":{"om_disable_all_campaigns":false,"jnews-multi-image_gallery":[],"jnews_single_post":[],"jnews_primary_category":[],"jnews_social_meta":[],"footnotes":""},"categories":[39],"tags":[9885,18756,2946,653,3682,545],"class_list":["post-301921","post","type-post","status-publish","format-standard","has-post-thumbnail","hentry","category-viajes","tag-ave","tag-ouigo","tag-semana-santa","tag-transporte","tag-tren","tag-viajes"],"_links":{"self":[{"href":"https:\/\/dimensionturistica.com\/es\/wp-json\/wp\/v2\/posts\/301921","targetHints":{"allow":["GET"]}}],"collection":[{"href":"https:\/\/dimensionturistica.com\/es\/wp-json\/wp\/v2\/posts"}],"about":[{"href":"https:\/\/dimensionturistica.com\/es\/wp-json\/wp\/v2\/types\/post"}],"author":[{"embeddable":true,"href":"https:\/\/dimensionturistica.com\/es\/wp-json\/wp\/v2\/users\/4"}],"replies":[{"embeddable":true,"href":"https:\/\/dimensionturistica.com\/es\/wp-json\/wp\/v2\/comments?post=301921"}],"version-history":[{"count":0,"href":"https:\/\/dimensionturistica.com\/es\/wp-json\/wp\/v2\/posts\/301921\/revisions"}],"wp:featuredmedia":[{"embeddable":true,"href":"https:\/\/dimensionturistica.com\/es\/wp-json\/wp\/v2\/media\/301922"}],"wp:attachment":[{"href":"https:\/\/dimensionturistica.com\/es\/wp-json\/wp\/v2\/media?parent=301921"}],"wp:term":[{"taxonomy":"category","embeddable":true,"href":"https:\/\/dimensionturistica.com\/es\/wp-json\/wp\/v2\/categories?post=301921"},{"taxonomy":"post_tag","embeddable":true,"href":"https:\/\/dimensionturistica.com\/es\/wp-json\/wp\/v2\/tags?post=301921"}],"curies":[{"name":"wp","href":"https:\/\/api.w.org\/{rel}","templated":true}]}}