{"id":301783,"date":"2022-04-14T01:09:46","date_gmt":"2022-04-14T01:09:46","guid":{"rendered":"https:\/\/dimensionturistica.com\/es\/?p=301783"},"modified":"2022-04-14T01:09:46","modified_gmt":"2022-04-14T01:09:46","slug":"avanzan-los-preparativos-del-primer-tianguis-internacional-de-pueblos-magicos","status":"publish","type":"post","link":"https:\/\/dimensionturistica.com\/es\/avanzan-los-preparativos-del-primer-tianguis-internacional-de-pueblos-magicos\/","title":{"rendered":"Avanzan los preparativos del Primer Tianguis Internacional de Pueblos M\u00e1gicos"},"content":{"rendered":"<p><img decoding=\"async\" class=\"size-medium wp-image-301787 alignleft\" src=\"https:\/\/dimensionturistica.com\/es\/wp-content\/uploads\/2022\/04\/Tulum-Quintana-Roo-300x199.jpg\" alt=\"\" width=\"300\" height=\"199\" srcset=\"https:\/\/dimensionturistica.com\/es\/wp-content\/uploads\/2022\/04\/Tulum-Quintana-Roo-300x199.jpg 300w, https:\/\/dimensionturistica.com\/es\/wp-content\/uploads\/2022\/04\/Tulum-Quintana-Roo-1024x680.jpg 1024w, https:\/\/dimensionturistica.com\/es\/wp-content\/uploads\/2022\/04\/Tulum-Quintana-Roo-768x510.jpg 768w, https:\/\/dimensionturistica.com\/es\/wp-content\/uploads\/2022\/04\/Tulum-Quintana-Roo-750x498.jpg 750w, https:\/\/dimensionturistica.com\/es\/wp-content\/uploads\/2022\/04\/Tulum-Quintana-Roo-1140x757.jpg 1140w, https:\/\/dimensionturistica.com\/es\/wp-content\/uploads\/2022\/04\/Tulum-Quintana-Roo.jpg 1280w\" sizes=\"(max-width: 300px) 100vw, 300px\" \/>El 1er. Tianguis Internacional de Pueblos M\u00e1gicos busca fortalecer la imagen de estos destinos ante un mercado internacional, del 22 al 24 de abril, en Barcelona, Espa\u00f1a.<br \/>\nA la fecha, est\u00e1n confirmados 80 compradores, quienes podr\u00e1n conocer la oferta de los 132 Pueblos M\u00e1gicos que estar\u00e1n representados en el evento.<br \/>\nCon estas acciones, se impulsa la diversificaci\u00f3n del turismo y salir del lugar 17 en captaci\u00f3n de divisas y del 40 en gasto per c\u00e1pita.<br \/>\nCon el prop\u00f3sito de fortalecer a los Pueblos M\u00e1gicos, la Secretar\u00eda de Turismo del Gobierno de M\u00e9xico (Sectur) implement\u00f3, de manera eficaz diversos programas, uno de ellos cambiar el concepto de Feria a Tianguis de Pueblos M\u00e1gicos, y realizar el Primer Tianguis Internacional de Pueblos M\u00e1gicos, del 22 al 24 de abril, en Barcelona, Espa\u00f1a.<br \/>\nEl secretario de Turismo, Miguel Torruco Marqu\u00e9s, se\u00f1al\u00f3 que esta estrategia tiene como prop\u00f3sito fortalecer la imagen de estos importantes destinos ante un mercado internacional y cumplir con la encomienda del presidente Andr\u00e9s Manuel L\u00f3pez Obrador, de impulsar la diversificaci\u00f3n de los destinos tur\u00edsticos, as\u00ed como tener mucho m\u00e1s atractivos ancla.<br \/>\nDestac\u00f3 que esta iniciativa se impuls\u00f3 desde el inicio de la administraci\u00f3n, y a la fecha est\u00e1n confirmados 80 compradores, quienes podr\u00e1n conocer la oferta de los 132 Pueblos M\u00e1gicos que estar\u00e1n representados, ya sea de forma presencial o virtual.<br \/>\nEn el Primer Tianguis Internacional de Pueblos M\u00e1gicos participar\u00e1n presencialmente 14 estados<img decoding=\"async\" class=\"size-medium wp-image-301788 alignright\" src=\"https:\/\/dimensionturistica.com\/es\/wp-content\/uploads\/2022\/04\/Loreto-BC-SUR-300x200.jpg\" alt=\"\" width=\"300\" height=\"200\" srcset=\"https:\/\/dimensionturistica.com\/es\/wp-content\/uploads\/2022\/04\/Loreto-BC-SUR-300x200.jpg 300w, https:\/\/dimensionturistica.com\/es\/wp-content\/uploads\/2022\/04\/Loreto-BC-SUR-1024x682.jpg 1024w, https:\/\/dimensionturistica.com\/es\/wp-content\/uploads\/2022\/04\/Loreto-BC-SUR-768x512.jpg 768w, https:\/\/dimensionturistica.com\/es\/wp-content\/uploads\/2022\/04\/Loreto-BC-SUR-750x500.jpg 750w, https:\/\/dimensionturistica.com\/es\/wp-content\/uploads\/2022\/04\/Loreto-BC-SUR-1140x760.jpg 1140w, https:\/\/dimensionturistica.com\/es\/wp-content\/uploads\/2022\/04\/Loreto-BC-SUR.jpg 1280w\" sizes=\"(max-width: 300px) 100vw, 300px\" \/> del pa\u00eds que presentar\u00e1n a sus localidades y 11 municipios, para que un total de 72 Pueblos M\u00e1gicos muestren su esplendor al mercado espa\u00f1ol, inform\u00f3 Torruco Marqu\u00e9s.<br \/>\nComent\u00f3 que en esta primera edici\u00f3n internacional se cuenta con el apoyo de la aerol\u00ednea Emirates como un aliado estrat\u00e9gico por su conectividad entre Ciudad de M\u00e9xico y Barcelona.<br \/>\nSubray\u00f3 que el turismo de Espa\u00f1a es de gran relevancia para M\u00e9xico, pues en 2021, fue el principal mercado tur\u00edstico europeo, con el 19.9 por ciento del total de turistas, y el noveno en el ranking de pa\u00edses que visitan M\u00e9xico, con la llegada de 365 mil 428 turistas por v\u00eda a\u00e9rea, de los cuales 19 mil 124 lo hicieron desde Barcelona.<br \/>\nPuntualiz\u00f3 que, para este a\u00f1o, est\u00e1n programados 348 vuelos de Barcelona a M\u00e9xico, con una oferta de 98 mil 184 asientos; que representar\u00e1n un gasto tur\u00edstico superior a los 22 millones de d\u00f3lares.<br \/>\nEl titular de Sectur record\u00f3 que en 2019 se realiz\u00f3 el Tianguis de Pueblos M\u00e1gicos presencial. En esa estrategia de fortalecimiento se cont\u00f3 con el apoyo del gobernador del estado de Hidalgo, Omar Fayad Meneses, quien confi\u00f3 en este proyecto.<br \/>\nEn esa edici\u00f3n, el pa\u00eds invitado fue Inglaterra, que particip\u00f3 con una r\u00e9plica del Big Ben hecha por artistas de Tenango del Valle. En este primer Tianguis la presencia de Hidalgo ser\u00e1 nuevamente monumental.<br \/>\nTorruco Marqu\u00e9s agreg\u00f3 que, en 2020 y 2021, se llev\u00f3 a cabo la versi\u00f3n digital del Tianguis de Pueblos M\u00e1gicos que, junto con el presencial, lleg\u00f3 para quedarse. En 2020, por primera vez asistieron tour operadores de 28 pa\u00edses.<br \/>\nEn este 2022, el Tianguis de Pueblos M\u00e1gicos se realizar\u00e1 en la ciudad de Oaxaca, Oaxaca, para lo <img decoding=\"async\" class=\"size-medium wp-image-301789 alignleft\" src=\"https:\/\/dimensionturistica.com\/es\/wp-content\/uploads\/2022\/04\/Chignahuapan-Puebla-300x200.jpg\" alt=\"\" width=\"300\" height=\"200\" srcset=\"https:\/\/dimensionturistica.com\/es\/wp-content\/uploads\/2022\/04\/Chignahuapan-Puebla-300x200.jpg 300w, https:\/\/dimensionturistica.com\/es\/wp-content\/uploads\/2022\/04\/Chignahuapan-Puebla-1024x682.jpg 1024w, https:\/\/dimensionturistica.com\/es\/wp-content\/uploads\/2022\/04\/Chignahuapan-Puebla-768x512.jpg 768w, https:\/\/dimensionturistica.com\/es\/wp-content\/uploads\/2022\/04\/Chignahuapan-Puebla-750x500.jpg 750w, https:\/\/dimensionturistica.com\/es\/wp-content\/uploads\/2022\/04\/Chignahuapan-Puebla-1140x760.jpg 1140w, https:\/\/dimensionturistica.com\/es\/wp-content\/uploads\/2022\/04\/Chignahuapan-Puebla.jpg 1280w\" sizes=\"(max-width: 300px) 100vw, 300px\" \/>cual se cuenta con el apoyo del gobernador Alejandro Murat Hinojosa.<br \/>\nEl secretario de Turismo destac\u00f3 que el Primer Tianguis Internacional de Pueblos M\u00e1gicos forma parte de las acciones para la diversificaci\u00f3n e impulso de las 235 plazas con vocaci\u00f3n tur\u00edstica que tiene M\u00e9xico, incluidos los 132 Pueblos M\u00e1gicos.<br \/>\nEnfatiz\u00f3 que al cierre de 2018, el turismo en M\u00e9xico se concentraba en seis destinos, adem\u00e1s, el pa\u00eds ocupaba el lugar 17 en captaci\u00f3n de divisas y el n\u00famero 40 en gasto per c\u00e1pita.<br \/>\n\u201cEstamos yendo con tiros de precisi\u00f3n. La pandemia ha provocado que los nuevos turistas busquen destinos o sitios originales, atractivos y abiertos, que ofrezcan nuevas experiencias\u201d, concluy\u00f3 Torruco Marqu\u00e9s.<\/p>\n<p>&nbsp;<\/p>\n","protected":false},"excerpt":{"rendered":"<p>El 1er. Tianguis Internacional de Pueblos M\u00e1gicos busca fortalecer la imagen de estos destinos ante un mercado internacional, del 22 al 24 de abril, en Barcelona, Espa\u00f1a. A la fecha, est\u00e1n confirmados 80 compradores, quienes podr\u00e1n conocer la oferta de los 132 Pueblos M\u00e1gicos que estar\u00e1n representados en el evento. Con estas acciones, se impulsa [&hellip;]<\/p>\n","protected":false},"author":1,"featured_media":301790,"comment_status":"open","ping_status":"closed","sticky":false,"template":"","format":"standard","meta":{"om_disable_all_campaigns":false,"jnews-multi-image_gallery":[],"jnews_single_post":{"source_name":"","source_url":"","via_name":"","via_url":"","override_template":"0","override":[{"template":"1","single_blog_custom":"","parallax":"1","fullscreen":"1","layout":"right-sidebar","sidebar":"default-sidebar","second_sidebar":"default-sidebar","sticky_sidebar":"1","share_position":"top","share_float_style":"share-monocrhome","show_share_counter":"1","show_view_counter":"1","show_featured":"1","show_post_meta":"1","show_post_author":"1","show_post_author_image":"1","show_post_date":"1","post_date_format":"default","post_date_format_custom":"Y\/m\/d","show_post_category":"1","show_post_reading_time":"0","post_reading_time_wpm":"300","show_zoom_button":"0","zoom_button_out_step":"2","zoom_button_in_step":"3","show_post_tag":"1","show_prev_next_post":"1","show_popup_post":"1","number_popup_post":"1","show_author_box":"0","show_post_related":"0","show_inline_post_related":"0"}],"override_image_size":"0","image_override":[{"single_post_thumbnail_size":"crop-500","single_post_gallery_size":"crop-500"}],"trending_post":"0","trending_post_position":"meta","trending_post_label":"Trending","sponsored_post":"0","sponsored_post_label":"Sponsored by","sponsored_post_name":"","sponsored_post_url":"","sponsored_post_logo_enable":"0","sponsored_post_logo":"","sponsored_post_desc":"","disable_ad":"0"},"jnews_primary_category":{"id":""},"jnews_social_meta":{"fb_title":"","fb_description":"","fb_image":"","twitter_title":"","twitter_description":"","twitter_image":""},"footnotes":""},"categories":[39],"tags":[],"class_list":["post-301783","post","type-post","status-publish","format-standard","has-post-thumbnail","hentry","category-viajes"],"_links":{"self":[{"href":"https:\/\/dimensionturistica.com\/es\/wp-json\/wp\/v2\/posts\/301783","targetHints":{"allow":["GET"]}}],"collection":[{"href":"https:\/\/dimensionturistica.com\/es\/wp-json\/wp\/v2\/posts"}],"about":[{"href":"https:\/\/dimensionturistica.com\/es\/wp-json\/wp\/v2\/types\/post"}],"author":[{"embeddable":true,"href":"https:\/\/dimensionturistica.com\/es\/wp-json\/wp\/v2\/users\/1"}],"replies":[{"embeddable":true,"href":"https:\/\/dimensionturistica.com\/es\/wp-json\/wp\/v2\/comments?post=301783"}],"version-history":[{"count":0,"href":"https:\/\/dimensionturistica.com\/es\/wp-json\/wp\/v2\/posts\/301783\/revisions"}],"wp:featuredmedia":[{"embeddable":true,"href":"https:\/\/dimensionturistica.com\/es\/wp-json\/wp\/v2\/media\/301790"}],"wp:attachment":[{"href":"https:\/\/dimensionturistica.com\/es\/wp-json\/wp\/v2\/media?parent=301783"}],"wp:term":[{"taxonomy":"category","embeddable":true,"href":"https:\/\/dimensionturistica.com\/es\/wp-json\/wp\/v2\/categories?post=301783"},{"taxonomy":"post_tag","embeddable":true,"href":"https:\/\/dimensionturistica.com\/es\/wp-json\/wp\/v2\/tags?post=301783"}],"curies":[{"name":"wp","href":"https:\/\/api.w.org\/{rel}","templated":true}]}}