{"id":301595,"date":"2022-04-13T17:58:03","date_gmt":"2022-04-13T17:58:03","guid":{"rendered":"https:\/\/dimensionturistica.com\/es\/?p=301595"},"modified":"2022-04-13T17:58:04","modified_gmt":"2022-04-13T17:58:04","slug":"urnieta-concurso-sobre-viajes-para-los-jovenes","status":"publish","type":"post","link":"https:\/\/dimensionturistica.com\/es\/urnieta-concurso-sobre-viajes-para-los-jovenes\/","title":{"rendered":"Urnieta: Concurso sobre viajes para los j\u00f3venes"},"content":{"rendered":"<p> <br \/>\n<\/p>\n<div>\n<article class=\"voc-article voc-article--detail voc-article--detail--base voc-article--photo-bottom\"><!-- IMAGE --><\/p>\n<div class=\"voc-img-container  \"><picture>\n<div class=\"voc-horizontal voc-img-icon-link\"><img decoding=\"async\" src=\"https:\/\/static1.diariovasco.com\/www\/multimedia\/202204\/13\/media\/cortadas\/72851443-ksyG--624x385@Diario%20Vasco.JPG\" title=\"\" alt=\"Olatz Urretavizcaya, t\u00e9cnico del Punto de Informaci\u00f3n Juvenil, y Mikel Artola, concejal de Juventud, presentando las bases del concurso. \/\" onload=\"performance.mark('fmp');\"\/><noscript><img decoding=\"async\" src=\"https:\/\/static1.diariovasco.com\/www\/multimedia\/202204\/13\/media\/cortadas\/72851443-ksyG--624x385@Diario%20Vasco.JPG\" alt=\"Olatz Urretavizcaya, t\u00e9cnico del Punto de Informaci\u00f3n Juvenil, y Mikel Artola, concejal de Juventud, presentando las bases del concurso. \"\/><\/noscript><\/div>\n<\/picture>\n<p class=\"figure-caption\"><span class=\"voc-photo-caption\">Olatz Urretavizcaya, t\u00e9cnico del Punto de Informaci\u00f3n Juvenil, y Mikel Artola, concejal de Juventud, presentando las bases del concurso. <\/span><span class=\"voc-photo-author\"\/><\/p>\n<\/div>\n<p><!-- INFO CONTAINER --><\/p>\n<p><h2 class=\"voc-sub-title\">Puesto en marcha por el Punto de Informaci\u00f3n Juvenil, est\u00e1 destinado a mayores de 16 a\u00f1os presentando un v\u00eddeo<\/h2>\n<\/p>\n<\/article>\n<\/div>\n<div data-voc-share-selection=\"\"><!-- AUTHOR --><!-- COMPONENTS --><\/p>\n<p class=\"voc-paragraph\"> El Punto de Informaci\u00f3n Juvenil de Urnieta ha puesto en marcha el concurso de viajes para fomentar la movilidad de las personas j\u00f3venes de Urnieta. De este modo, tendr\u00e1n la oportunidad de contar experiencias interesantes que han vivido durante los \u00faltimos a\u00f1os.\n<\/p>\n<p class=\"voc-paragraph\">Las personas viajeras nacidas antes del a\u00f1o 2006, es decir mayores de 16 a\u00f1os, y que viven, trabajan o estudian en cualquiera de los municipios de Buruntzaldea (Urnieta, Hernani, Astigarraga, Usurbil, Andoain y Lasarte) tienen una magn\u00edfica oportunidad para dar a conocer alguno de sus viajes: c\u00f3mo fue la experiencia, la manera en la que organizaron el viaje, qu\u00e9 recorrido realizaron, qu\u00e9 vieron y aprendieron&#8230;\n<\/p>\n<p class=\"voc-paragraph\">El concurso se realizar\u00e1 a trav\u00e9s de Instagram y constar\u00e1 de dos fases: la primera de presentaci\u00f3n y la fase remaining. En la primera habr\u00e1 que subir un v\u00eddeo de 60 segundos con la presentaci\u00f3n del viaje. Adem\u00e1s, habr\u00e1 que seguir el perfil @gazteinfournieta, mencionar @gazteinfournieta en el texto del feed y utilizar el hashtag #BidaiatekaUrnieta. Por otro lado, este a\u00f1o se dar\u00e1 el premio KM0 para los viajes realizados en Euskal Herria. Las personas que quieran optar a este premio tambi\u00e9n tendr\u00e1n que utilizar en el feed el hashtag #KM0. El plazo para subir el v\u00eddeo en la fase de presentaci\u00f3n se abrir\u00e1 el 2 de mayo y se cerrar\u00e1 el 5 del mismo mes. Cualquier viaje servir\u00e1.\n<\/p>\n<p class=\"voc-paragraph\">El objetivo ser\u00e1 conseguir el mayor n\u00famero posible de &#8216;me gusta&#8217; entre los v\u00eddeos subidos en el plazo establecido hasta el 9 de mayo, ya que las 3 personas que obtengan mayores cantidades de &#8216;me gusta&#8217; ser\u00e1n las que pasen a la fase remaining. En caso de que haya empate, el jurado decidir\u00e1 cu\u00e1l de las personas empatadas pasa a la fase remaining. Se seguir\u00e1 la misma din\u00e1mica para el premio de KM0.\n<\/p>\n<p><h3 class=\"voc-detail__title\">\n  V\u00eddeo<br \/>\n<\/h3>\n<\/p>\n<p class=\"voc-paragraph\">Las personas seleccionadas para competir en la fase remaining deber\u00e1n elaborar y enviar a gazteinformazioa@urnieta.eus un v\u00eddeo con una informaci\u00f3n m\u00e1s amplia del viaje realizado, de una duraci\u00f3n m\u00e1xima de 5 minutos. La fecha l\u00edmite para enviarlo ser\u00e1 el pr\u00f3ximo 16 de mayo.\n<\/p>\n<p class=\"voc-paragraph\">Estos tres v\u00eddeos se subir\u00e1n a la cuenta de Instagram de @gazteinfournieta y a la hora de seleccionar el v\u00eddeo ganador se tendr\u00e1n en cuenta los siguientes aspectos: Visualizaciones, n\u00famero de &#8216;me gusta&#8217; y la puntuaci\u00f3n otorgada por el jurado (calidad del materials gr\u00e1fico, descripci\u00f3n, habilidades comunicativas, originalidad de la presentaci\u00f3n y valoraci\u00f3n libre).\n<\/p>\n<p class=\"voc-paragraph\">El v\u00eddeo ganador ser\u00e1 el que consiga mayor puntuaci\u00f3n en estos tres \u00e1mbitos y los premios ser\u00e1n los siguientes: Primer puesto (250 euros), segundo (150), tercero (100) y KM0 (150).\n<\/p>\n<p><!-- TOPICS --><!-- TENDENCIAS --><\/div>\n<p><script>\n        !function(f,b,e,v,n,t,s)\n        {if(f.fbq)return;n=f.fbq=function(){n.callMethod?\n            n.callMethod.apply(n,arguments):n.queue.push(arguments)};\n            if(!f._fbq)f._fbq=n;n.push=n;n.loaded=!0;n.version='2.0';\n            n.queue=[];t=b.createElement(e);t.async=!0;\n            t.src=v;s=b.getElementsByTagName(e)[0];\n            s.parentNode.insertBefore(t,s)}(window,document,'script',\n            'https:\/\/connect.facebook.net\/en_US\/fbevents.js');\n        fbq('init', '492946631038788');\n        fbq('track', 'PageView');\n    <\/script><br \/>\n<br \/><\/p>\n<p><em> &#8221; Fuentes www.diariovasco.com &#8221; <\/em><\/p>\n","protected":false},"excerpt":{"rendered":"<p>Olatz Urretavizcaya, t\u00e9cnico del Punto de Informaci\u00f3n Juvenil, y Mikel Artola, concejal de Juventud, presentando las bases del concurso. Puesto en marcha por el Punto de Informaci\u00f3n Juvenil, est\u00e1 destinado a mayores de 16 a\u00f1os presentando un v\u00eddeo El Punto de Informaci\u00f3n Juvenil de Urnieta ha puesto en marcha el concurso de viajes para fomentar [&hellip;]<\/p>\n","protected":false},"author":4,"featured_media":301596,"comment_status":"open","ping_status":"closed","sticky":false,"template":"","format":"standard","meta":{"om_disable_all_campaigns":false,"jnews-multi-image_gallery":[],"jnews_single_post":[],"jnews_primary_category":[],"jnews_social_meta":[],"footnotes":""},"categories":[39],"tags":[3704,44013,545],"class_list":["post-301595","post","type-post","status-publish","format-standard","has-post-thumbnail","hentry","category-viajes","tag-concurso","tag-urnieta","tag-viajes"],"_links":{"self":[{"href":"https:\/\/dimensionturistica.com\/es\/wp-json\/wp\/v2\/posts\/301595","targetHints":{"allow":["GET"]}}],"collection":[{"href":"https:\/\/dimensionturistica.com\/es\/wp-json\/wp\/v2\/posts"}],"about":[{"href":"https:\/\/dimensionturistica.com\/es\/wp-json\/wp\/v2\/types\/post"}],"author":[{"embeddable":true,"href":"https:\/\/dimensionturistica.com\/es\/wp-json\/wp\/v2\/users\/4"}],"replies":[{"embeddable":true,"href":"https:\/\/dimensionturistica.com\/es\/wp-json\/wp\/v2\/comments?post=301595"}],"version-history":[{"count":0,"href":"https:\/\/dimensionturistica.com\/es\/wp-json\/wp\/v2\/posts\/301595\/revisions"}],"wp:featuredmedia":[{"embeddable":true,"href":"https:\/\/dimensionturistica.com\/es\/wp-json\/wp\/v2\/media\/301596"}],"wp:attachment":[{"href":"https:\/\/dimensionturistica.com\/es\/wp-json\/wp\/v2\/media?parent=301595"}],"wp:term":[{"taxonomy":"category","embeddable":true,"href":"https:\/\/dimensionturistica.com\/es\/wp-json\/wp\/v2\/categories?post=301595"},{"taxonomy":"post_tag","embeddable":true,"href":"https:\/\/dimensionturistica.com\/es\/wp-json\/wp\/v2\/tags?post=301595"}],"curies":[{"name":"wp","href":"https:\/\/api.w.org\/{rel}","templated":true}]}}