{"id":301421,"date":"2022-04-13T11:19:51","date_gmt":"2022-04-13T11:19:51","guid":{"rendered":"https:\/\/dimensionturistica.com\/es\/?p=301421"},"modified":"2022-04-13T11:19:52","modified_gmt":"2022-04-13T11:19:52","slug":"el-impacto-de-los-paros-y-protestas-en-viajes-de-turismo-a-huancayo-y-selva-central-economia","status":"publish","type":"post","link":"https:\/\/dimensionturistica.com\/es\/el-impacto-de-los-paros-y-protestas-en-viajes-de-turismo-a-huancayo-y-selva-central-economia\/","title":{"rendered":"El impacto de los paros y protestas en viajes de turismo a Huancayo y selva central | ECONOMIA"},"content":{"rendered":"<p> <br \/>\n<\/p>\n<div id=\"\">\n<p itemprop=\"description\" class=\"story-contents__font-paragraph \"><b>Para los d\u00edas feriados que se avecinan por Semana Santa, los hoteles y restaurantes de\u00a0Huancayo\u00a0y la selva central se preparaban para reactivar sus negocios. Sin embargo, los recientes disturbios contra el Gobierno pasaron factura.<\/b><\/p>\n<p itemprop=\"description\" class=\"story-contents__font-paragraph \">El presidente de la Federaci\u00f3n de C\u00e1maras de Comercio del Centro, Luis\u00a0Calmell\u00a0del Photo voltaic, se\u00f1al\u00f3 que la incertidumbre por la toma de carreteras y cierre de negocios en el centro del pa\u00eds llev\u00f3 a que en ese momento se cancelen hasta el 40% de las reservas.<\/p>\n<p itemprop=\"description\" class=\"story-contents__font-paragraph \">\u201cNo s\u00e9 hasta qu\u00e9 punto estas reservaciones volver\u00e1n a hacerse. El da\u00f1o ya est\u00e1 hecho, tenemos que asumir la p\u00e9rdida. Da pena porque hab\u00eda mucha expectativa\u201d, coment\u00f3 a Gesti\u00f3n, tras demandar iniciativas de promoci\u00f3n por parte del Gobierno.<\/p>\n<p itemprop=\"description\" class=\"story-contents__font-paragraph \">Refiri\u00f3 que los negocios del Valle del Mantaro, Hu\u00e1nuco, Pichanaqui, Oxapampa, Pozuzo y otros lugares hab\u00edan alistado sus instalaciones y se hab\u00edan organizado festivales. As\u00ed, espera que los turistas se vuelvan a animar en estos d\u00edas.<\/p>\n<p itemprop=\"description\" class=\"story-contents__font-paragraph \">Sin embargo, consider\u00f3 que la declaratoria de Emergencia en las carreteras puede haber generado confusi\u00f3n al entenderse como un cierre de las v\u00edas.<\/p>\n<h2 class=\"\"><b>Expectativa en agro<\/b><\/h2>\n<p itemprop=\"description\" class=\"story-contents__font-paragraph \">Si bien Callmel del Photo voltaic y otros l\u00edderes gremiales del centro no fueron invitados al Consejo de Ministros que se realiz\u00f3 en\u00a0Huancayo, el representante gremial indic\u00f3 que el Gobierno ofreci\u00f3 una serie de medidas para apoyar a los agricultores. Entre ellas, la importaci\u00f3n de fertilizantes de Bolivia para dar mayor acceso.<\/p>\n<p itemprop=\"description\" class=\"story-contents__font-paragraph \">Asimismo, prometi\u00f3 quintuplicar la producci\u00f3n de guano de la isla para favorecer a la agricultura nacional. No obstante, afirm\u00f3 que no todos los agricultores quedaron contentos. \u201cHubo una ret\u00f3rica repetitiva, pocas cosas concretas\u201d, anot\u00f3.<\/p>\n<h2 class=\"\"><b>Ganader\u00eda<\/b><\/h2>\n<p itemprop=\"description\" class=\"story-contents__font-paragraph \">En cuanto a la norma para el mayor uso de leche fresca en la elaboraci\u00f3n de leche evaporada, se\u00f1al\u00f3 que si bien favorecer\u00e1 a los ganaderos del centro y otras regiones del pa\u00eds, la aplicaci\u00f3n de la misma se debe realizar con cuidado para evitar afectar a la demanda.<\/p>\n<p itemprop=\"description\" class=\"story-contents__font-paragraph \">Y es que, en la actualidad, se compra leche fresca para ese fin, pero a\u00fan no hay el volumen suficiente para cubrir esa necesidad en su totalidad, se\u00f1al\u00f3.<\/p>\n<\/div>\n\n<p><em> &#8221; Fuentes gestion.pe &#8221; <\/em><\/p>\n","protected":false},"excerpt":{"rendered":"<p>Para los d\u00edas feriados que se avecinan por Semana Santa, los hoteles y restaurantes de\u00a0Huancayo\u00a0y la selva central se preparaban para reactivar sus negocios. Sin embargo, los recientes disturbios contra el Gobierno pasaron factura. El presidente de la Federaci\u00f3n de C\u00e1maras de Comercio del Centro, Luis\u00a0Calmell\u00a0del Photo voltaic, se\u00f1al\u00f3 que la incertidumbre por la toma [&hellip;]<\/p>\n","protected":false},"author":4,"featured_media":301422,"comment_status":"open","ping_status":"closed","sticky":false,"template":"","format":"standard","meta":{"om_disable_all_campaigns":false,"jnews-multi-image_gallery":[],"jnews_single_post":[],"jnews_primary_category":[],"jnews_social_meta":[],"footnotes":""},"categories":[39],"tags":[28651],"class_list":["post-301421","post","type-post","status-publish","format-standard","has-post-thumbnail","hentry","category-viajes","tag-huancayo"],"_links":{"self":[{"href":"https:\/\/dimensionturistica.com\/es\/wp-json\/wp\/v2\/posts\/301421","targetHints":{"allow":["GET"]}}],"collection":[{"href":"https:\/\/dimensionturistica.com\/es\/wp-json\/wp\/v2\/posts"}],"about":[{"href":"https:\/\/dimensionturistica.com\/es\/wp-json\/wp\/v2\/types\/post"}],"author":[{"embeddable":true,"href":"https:\/\/dimensionturistica.com\/es\/wp-json\/wp\/v2\/users\/4"}],"replies":[{"embeddable":true,"href":"https:\/\/dimensionturistica.com\/es\/wp-json\/wp\/v2\/comments?post=301421"}],"version-history":[{"count":0,"href":"https:\/\/dimensionturistica.com\/es\/wp-json\/wp\/v2\/posts\/301421\/revisions"}],"wp:featuredmedia":[{"embeddable":true,"href":"https:\/\/dimensionturistica.com\/es\/wp-json\/wp\/v2\/media\/301422"}],"wp:attachment":[{"href":"https:\/\/dimensionturistica.com\/es\/wp-json\/wp\/v2\/media?parent=301421"}],"wp:term":[{"taxonomy":"category","embeddable":true,"href":"https:\/\/dimensionturistica.com\/es\/wp-json\/wp\/v2\/categories?post=301421"},{"taxonomy":"post_tag","embeddable":true,"href":"https:\/\/dimensionturistica.com\/es\/wp-json\/wp\/v2\/tags?post=301421"}],"curies":[{"name":"wp","href":"https:\/\/api.w.org\/{rel}","templated":true}]}}