{"id":300544,"date":"2022-04-11T19:37:39","date_gmt":"2022-04-11T19:37:39","guid":{"rendered":"https:\/\/dimensionturistica.com\/es\/?p=300544"},"modified":"2022-04-11T19:37:39","modified_gmt":"2022-04-11T19:37:39","slug":"mtc-cruceros-internacionales-pueden-ingresar-a-puertos-del-peru-noticias","status":"publish","type":"post","link":"https:\/\/dimensionturistica.com\/es\/mtc-cruceros-internacionales-pueden-ingresar-a-puertos-del-peru-noticias\/","title":{"rendered":"MTC: cruceros internacionales pueden ingresar a puertos del Per\u00fa | Noticias"},"content":{"rendered":"<p> <br \/>\n<\/p>\n<div>\n<div class=\"carousel2-item active\">\n<div class=\"foto foto6-4 black\">\n<div class=\"fotoposicion\">\n<img decoding=\"async\" class=\"responsive-img img-fluid marginauto\" src=\"https:\/\/dimensionturistica.com\/es\/wp-content\/uploads\/2022\/04\/MTC-cruceros-internacionales-pueden-ingresar-a-puertos-del-Peru.jpg\" alt=\"El MTC, de manera conjunta con las dem\u00e1s entidades p\u00fablicas del Poder Ejecutivo, viene trabajando en la implementaci\u00f3n de acciones conducentes a la reactivaci\u00f3n del transporte tur\u00edstico acu\u00e1tico en favor de la poblaci\u00f3n.EFE\"\/>\n<\/div>\n<\/div>\n<\/div>\n<p class=\"left-align fz08\">El MTC, de manera conjunta con las dem\u00e1s entidades p\u00fablicas del Poder Ejecutivo, viene trabajando en la implementaci\u00f3n de acciones conducentes a la reactivaci\u00f3n del transporte tur\u00edstico acu\u00e1tico en favor de la poblaci\u00f3n.EFE<\/p>\n<\/p><\/div>\n<div>\n<p>                        <!-- \/\/\/\/\/\/\/\/\/\/\/\/\/\/\/\/\/\/\/\/\/\/\/\/\/\/\/\/\/\/  DESCRIPCION  \/\/\/\/\/\/\/\/\/\/\/\/\/\/\/\/\/\/\/\/\/\/\/\/\/\/\/ --><br \/>\n                        El Ministerio de Transportes y Comunicaciones (MTC) confirm\u00f3 que, de acuerdo a las normas emitidas hasta la fecha, est\u00e1 permitido el ingreso al pa\u00eds de los cruceros internacionales con sus respectivos pasajeros y tripulaci\u00f3n; y se les brindar\u00e1n los servicios portuarios que requieran.<\/p>\n<p>                        <!-- \/\/\/\/\/\/\/\/\/\/\/\/\/\/\/\/\/\/\/\/\/\/\/\/\/\/\/\/\/\/  CONTENIDO DE LA NOTICIA \/\/\/\/\/\/\/\/\/\/\/\/\/\/\/\/\/\/\/\/\/\/\/\/\/\/\/\/ --><\/p>\n<div>\n<p>Tras indicar que esta medida forma parte de las acciones del Ejecutivo para reactivar el transporte tur\u00edstico acu\u00e1tico en favor de la poblaci\u00f3n, el MTC precis\u00f3 que esta disposici\u00f3n es el resultado de un trabajo coordinado con\u00a0el Ministerio de Comercio Exterior y Turismo <strong>(Mincetur)<\/strong> y el Ministerio de Salud <strong>(Minsa).<\/strong><\/p>\n<\/div>\n<p>El comunicado emitido por el MTC precisa que seg\u00fan la normativa vigente no es un requisito contar con un <strong>protocolo sanitario<\/strong> para la recepci\u00f3n de <strong>naves tipo crucero<\/strong> de traves\u00eda internacional en los <strong>puertos del Per\u00fa.<\/strong><\/p>\n<p>En tal sentido, puntualiza que el desembarque de pasajeros est\u00e1 sujeto a los <strong>requisitos sanitarios <\/strong>actuales de ingreso a territorio nacional, como la acreditaci\u00f3n de la<strong> vacunaci\u00f3n o prueba PCR negativa<\/strong>, seg\u00fan corresponda, y el uso de mascarillas y dem\u00e1s disposiciones se\u00f1aladas en el Art\u00edculos 2 del D.S. N.\u00ba 030-2022-PCM y en el numeral 6.1.1 de la Norma T\u00e9cnica de Salud para la Prevenci\u00f3n y Management del<strong> covid-19<\/strong> en el Per\u00fa, aprobada con Resoluci\u00f3n Ministerial N\u00b0 009-2022\/MINSA.<\/p>\n<p>El Per\u00fa es un importante destino de cruceros internacionales de turismo que zurcan esta parte del continente. Estas embarcaciones han arribado a diversos puertos peruanos como Ilo, Matarani, Pisco, Callao, entre otros.<\/p>\n<h3><strong>M\u00e1s en Andina:\u00a0<\/strong><\/h3>\n<blockquote class=\"twitter-tweet\">\n<p lang=\"es\" dir=\"ltr\">Conoce Matucana, un destino cerca de Lima excellent para practicar el ecoturismo durante Semana Santa. ??<a rel=\"nofollow noopener\" target=\"_blank\" href=\"https:\/\/t.co\/pTdXVRCxqP\">https:\/\/t.co\/pTdXVRCxqP<\/a> <a rel=\"nofollow noopener\" target=\"_blank\" href=\"https:\/\/t.co\/uO2wp6DcCE\">pic.twitter.com\/uO2wp6DcCE<\/a><\/p>\n<p>\u2014 Agencia Andina (@Agencia_Andina) <a rel=\"nofollow noopener\" target=\"_blank\" href=\"https:\/\/twitter.com\/Agencia_Andina\/status\/1513592904417255424?ref_src=twsrc%5Etfw\">April 11, 2022<\/a><\/p><\/blockquote>\n<p>(FIN) TMC\/MAO<\/p>\n<p>\nPublicado: 11\/4\/2022<\/p>\n<p>                        <!-- PUBLICIDAD MGID --><br \/>\n                        <!-- Composite Start --><\/p>\n<p>                        <!-- Composite End --><\/p><\/div>\n<p><script async src=\"\/\/platform.twitter.com\/widgets.js\" charset=\"utf-8\"><\/script><br \/>\n<br \/><\/p>\n<p><em> &#8221; Fuentes andina.pe &#8221; <\/em><\/p>\n","protected":false},"excerpt":{"rendered":"<p>El MTC, de manera conjunta con las dem\u00e1s entidades p\u00fablicas del Poder Ejecutivo, viene trabajando en la implementaci\u00f3n de acciones conducentes a la reactivaci\u00f3n del transporte tur\u00edstico acu\u00e1tico en favor de la poblaci\u00f3n.EFE El Ministerio de Transportes y Comunicaciones (MTC) confirm\u00f3 que, de acuerdo a las normas emitidas hasta la fecha, est\u00e1 permitido el ingreso [&hellip;]<\/p>\n","protected":false},"author":4,"featured_media":300545,"comment_status":"open","ping_status":"closed","sticky":false,"template":"","format":"standard","meta":{"om_disable_all_campaigns":false,"jnews-multi-image_gallery":[],"jnews_single_post":[],"jnews_primary_category":[],"jnews_social_meta":[],"footnotes":""},"categories":[41],"tags":[510,43837,3663,3964,949,17316,43838],"class_list":["post-300544","post","type-post","status-publish","format-standard","has-post-thumbnail","hentry","category-cruceros","tag-covid-19","tag-cuceros-internacionales","tag-mincetur","tag-minsa","tag-mtc","tag-pcm","tag-puertos-del-peru"],"_links":{"self":[{"href":"https:\/\/dimensionturistica.com\/es\/wp-json\/wp\/v2\/posts\/300544","targetHints":{"allow":["GET"]}}],"collection":[{"href":"https:\/\/dimensionturistica.com\/es\/wp-json\/wp\/v2\/posts"}],"about":[{"href":"https:\/\/dimensionturistica.com\/es\/wp-json\/wp\/v2\/types\/post"}],"author":[{"embeddable":true,"href":"https:\/\/dimensionturistica.com\/es\/wp-json\/wp\/v2\/users\/4"}],"replies":[{"embeddable":true,"href":"https:\/\/dimensionturistica.com\/es\/wp-json\/wp\/v2\/comments?post=300544"}],"version-history":[{"count":0,"href":"https:\/\/dimensionturistica.com\/es\/wp-json\/wp\/v2\/posts\/300544\/revisions"}],"wp:featuredmedia":[{"embeddable":true,"href":"https:\/\/dimensionturistica.com\/es\/wp-json\/wp\/v2\/media\/300545"}],"wp:attachment":[{"href":"https:\/\/dimensionturistica.com\/es\/wp-json\/wp\/v2\/media?parent=300544"}],"wp:term":[{"taxonomy":"category","embeddable":true,"href":"https:\/\/dimensionturistica.com\/es\/wp-json\/wp\/v2\/categories?post=300544"},{"taxonomy":"post_tag","embeddable":true,"href":"https:\/\/dimensionturistica.com\/es\/wp-json\/wp\/v2\/tags?post=300544"}],"curies":[{"name":"wp","href":"https:\/\/api.w.org\/{rel}","templated":true}]}}